{"id":172441,"date":"2025-10-12T19:46:12","date_gmt":"2025-10-12T19:46:12","guid":{"rendered":"https:\/\/www.europesays.com\/es\/172441\/"},"modified":"2025-10-12T19:46:12","modified_gmt":"2025-10-12T19:46:12","slug":"el-actual-mejor-piloto-de-la-formula-1-segun-bernie-ecclestone-2","status":"publish","type":"post","link":"https:\/\/www.europesays.com\/es\/172441\/","title":{"rendered":"El actual mejor piloto de la F\u00f3rmula 1 seg\u00fan Bernie Ecclestone"},"content":{"rendered":"<p data-testid=\"paragraph\" class=\"mb-[20px] md:mb-[30px] break-word\">Tan solo quedan seis carreras para que termine la temporada de la <a href=\"https:\/\/bolavip.com\/mx\/f1\" target=\"_blank\" rel=\"noreferrer noopener nofollow\" class=\"break-word font-articleLinkText text-articleLinkText hover:text-articleLinkTextHover hover:bg-articleLinkTextHoverBg cursor-pointer border-solid border-b-articleLinkTextHover\">F\u00f3rmula 1<\/a>. <strong>Por el momento el campe\u00f3n de la categor\u00eda ser\u00eda <a href=\"http:\/\/bolavip.com\/mx\/tema\/oscar-piastri\" target=\"_blank\" rel=\"noreferrer noopener nofollow\" class=\"break-word font-articleLinkText text-articleLinkText hover:text-articleLinkTextHover hover:bg-articleLinkTextHoverBg cursor-pointer border-solid border-b-articleLinkTextHover\">Oscar Piastri<\/a><\/strong>, pero a\u00fan faltan varios puntos por disputarse. Por lo pronto, la pr\u00f3xima carrera ser\u00e1 el 19 de octubre por el Gran Premio de los Estados Unidos.<\/p>\n<p data-testid=\"paragraph\" class=\"mb-[20px] md:mb-[30px] break-word\"><a href=\"https:\/\/bolavip.com\/mx\/tema\/max-verstappen\" target=\"_blank\" rel=\"noreferrer noopener nofollow\" class=\"break-word font-articleLinkText text-articleLinkText hover:text-articleLinkTextHover hover:bg-articleLinkTextHoverBg cursor-pointer border-solid border-b-articleLinkTextHover\">Max Verstappen<\/a> sigue en carrera para defender su corona, pero est\u00e1 claro que los favoritos son Oscar Piastri y Lando Norris. El neerland\u00e9s viene dominando la F\u00f3rmula 1 desde hace cuatro temporadas<strong> y ha sido el mejor piloto de la categor\u00eda de acuerdo a las palabras de <a href=\"https:\/\/bolavip.com\/mx\/tema\/bernie-ecclestone\" target=\"_blank\" rel=\"noreferrer noopener nofollow\" class=\"break-word font-articleLinkText text-articleLinkText hover:text-articleLinkTextHover hover:bg-articleLinkTextHoverBg cursor-pointer border-solid border-b-articleLinkTextHover\">Bernie Ecclestone<\/a><\/strong>.<\/p>\n<p><a title=\"Se confirma la presencia de Checo P\u00e9rez en el GP de M\u00e9xico 2025 de la F1\" href=\"https:\/\/bolavip.com\/mx\/f1\/se-confirma-la-presencia-de-checo-perez-en-el-gp-de-mexico-2025-de-la-f1\" target=\"_self\" rel=\"nofollow noopener\" class=\"article-also-read-embed\"><img decoding=\"async\" class=\"aspect-square max-w-[100px] m-[10px] md:m-0\" src=\"https:\/\/www.europesays.com\/es\/wp-content\/uploads\/2025\/10\/1760298371_648_image\" alt=\"Se confirma la presencia de Checo P\u00e9rez en el GP de M\u00e9xico 2025 de la F1\" width=\"200\" height=\"200\" loading=\"lazy\"\/><\/p>\n<p class=\"font-secondary my-[13px] uppercase text-alsoReadSeeAlso bg-alsoReadSeeAlsoBackground alsoReadSeeAlso w-fit\">ver tambi\u00e9n<\/p>\n<p class=\"w-full line-clamp-3 md:line-clamp-2 text-alsoReadEmbedTitle font-primary alsoReadLink\">Se confirma la presencia de Checo P\u00e9rez en el GP de M\u00e9xico 2025 de la F1<\/p>\n<p><\/a><\/p>\n<p data-testid=\"paragraph\" class=\"mb-[20px] md:mb-[30px] break-word\">Bernie Ecclestone fue una de las personas m\u00e1s importantes de la F\u00f3rmula 1 por m\u00e1s de tres d\u00e9cadas y fue el encargado de popularizar al mundo la categor\u00eda. Por eso, a sus 94 a\u00f1os, el empresario todav\u00eda es una de las voces m\u00e1s autorizadas para hablar de este deporte.<\/p>\n<p>\u00bfQui\u00e9n es el mejor piloto de la F\u00f3rmula 1?<\/p>\n<p data-testid=\"paragraph\" class=\"mb-[20px] md:mb-[30px] break-word\">En una entrevista con el medio Sport.de de Alemania, Bernie Ecclestone elogi\u00f3 a Oscar Piastri, quien lidera el campeonato de pilotos de la F\u00f3rmula 1, <strong>al decir que el australiano es el mejor piloto de la categor\u00eda despu\u00e9s de Max Verstappen<\/strong>.<\/p>\n<p><img decoding=\"async\" src=\"https:\/\/www.europesays.com\/es\/wp-content\/uploads\/2025\/10\/BMX_20251012_BMX_371924_GettyImages-2236564771-1024x682_4dcc7853.webp&#038;width=1024&#038;height=682.webp\" width=\"1024\" height=\"682\" alt=\"Max Verstappen es el mejor piloto de la F\u00f3rmula 1 seg\u00fan Bernie Ecclestone (Getty Images)\" class=\"h-auto\" loading=\"lazy\"\/><\/p>\n<p class=\"text-center mt-5 text-[14px] leading-[20px] font-normal\">Max Verstappen es el mejor piloto de la F\u00f3rmula 1 seg\u00fan Bernie Ecclestone (Getty Images)<\/p>\n<p data-testid=\"paragraph\" class=\"mb-[20px] md:mb-[30px] break-word\">\u201cHace bien su trabajo. Cuando comete errores, sabe que los ha cometido. No echa la culpa a otros, ni te viene con excusas. Se asegura de que no los repite, no comete dos veces el mismo error. <strong>Es el mejor piloto despu\u00e9s de Max Verstappen<\/strong>\u201c, coment\u00f3 el empresario brit\u00e1nico.<\/p>\n<p data-testid=\"paragraph\" class=\"mb-[20px] md:mb-[30px] break-word\">Por otro lado, <strong>Bernie Ecclestone coment\u00f3 que Oscar Piastri y <a href=\"http:\/\/bolavip.com\/mx\/tema\/lando-norris\" target=\"_blank\" rel=\"noreferrer noopener nofollow\" class=\"break-word font-articleLinkText text-articleLinkText hover:text-articleLinkTextHover hover:bg-articleLinkTextHoverBg cursor-pointer border-solid border-b-articleLinkTextHover\">Lando Norris<\/a> han tenido suerte<\/strong> porque se encontraron en el momento y la circunstancia adecuada para contar con un monoplaza muy dominante como es el MCL39 de McLaren durante este a\u00f1o.<\/p>\n<p data-testid=\"paragraph\" class=\"break-word\">\u201cHan tenido suerte. Est\u00e1n en el equipo adecuado en el momento adecuado. <strong>Sin duda, ha habido pilotos que son mejores que los de ahora, pero nunca han tenido la oportunidad de demostrar sus puntos fuertes<\/strong>. Zak Brown est\u00e1 haciendo un muy buen trabajo. Lo dije hace poco porque lo conozco desde hace mucho. S\u00e9 que es muy talentoso, pero uno de sus talentos es que elige a la gente adecuada para trabajar para \u00e9l\u201d, sentenci\u00f3 el empresario.<\/p>\n","protected":false},"excerpt":{"rendered":"Tan solo quedan seis carreras para que termine la temporada de la F\u00f3rmula 1. Por el momento el&hellip;\n","protected":false},"author":2,"featured_media":172321,"comment_status":"","ping_status":"","sticky":false,"template":"","format":"standard","meta":{"footnotes":""},"categories":[270],"tags":[21918,168,25,24,306,271,272,2099,23,167],"class_list":{"0":"post-172441","1":"post","2":"type-post","3":"status-publish","4":"format-standard","5":"has-post-thumbnail","7":"category-formula-1","8":"tag-bernie-ecclestone","9":"tag-deportes","10":"tag-es","11":"tag-espana","12":"tag-f1","13":"tag-formula-1","14":"tag-formula1","15":"tag-max-verstappen","16":"tag-spain","17":"tag-sports"},"share_on_mastodon":{"url":"","error":""},"_links":{"self":[{"href":"https:\/\/www.europesays.com\/es\/wp-json\/wp\/v2\/posts\/172441","targetHints":{"allow":["GET"]}}],"collection":[{"href":"https:\/\/www.europesays.com\/es\/wp-json\/wp\/v2\/posts"}],"about":[{"href":"https:\/\/www.europesays.com\/es\/wp-json\/wp\/v2\/types\/post"}],"author":[{"embeddable":true,"href":"https:\/\/www.europesays.com\/es\/wp-json\/wp\/v2\/users\/2"}],"replies":[{"embeddable":true,"href":"https:\/\/www.europesays.com\/es\/wp-json\/wp\/v2\/comments?post=172441"}],"version-history":[{"count":0,"href":"https:\/\/www.europesays.com\/es\/wp-json\/wp\/v2\/posts\/172441\/revisions"}],"wp:featuredmedia":[{"embeddable":true,"href":"https:\/\/www.europesays.com\/es\/wp-json\/wp\/v2\/media\/172321"}],"wp:attachment":[{"href":"https:\/\/www.europesays.com\/es\/wp-json\/wp\/v2\/media?parent=172441"}],"wp:term":[{"taxonomy":"category","embeddable":true,"href":"https:\/\/www.europesays.com\/es\/wp-json\/wp\/v2\/categories?post=172441"},{"taxonomy":"post_tag","embeddable":true,"href":"https:\/\/www.europesays.com\/es\/wp-json\/wp\/v2\/tags?post=172441"}],"curies":[{"name":"wp","href":"https:\/\/api.w.org\/{rel}","templated":true}]}}