{"id":172454,"date":"2025-10-12T19:53:17","date_gmt":"2025-10-12T19:53:17","guid":{"rendered":"https:\/\/www.europesays.com\/es\/172454\/"},"modified":"2025-10-12T19:53:17","modified_gmt":"2025-10-12T19:53:17","slug":"homenaje-de-amoros-al-duo-dinamico-esradio","status":"publish","type":"post","link":"https:\/\/www.europesays.com\/es\/172454\/","title":{"rendered":"Homenaje de Amor\u00f3s al D\u00fao Din\u00e1mico &#8211; esRadio"},"content":{"rendered":"<ol>\n<li><a href=\"https:\/\/news.google.com\/rss\/articles\/CBMiiwFBVV95cUxPc2t3S0tTcVViT3B6Nm5zUkdnWGJLMy01NXpNWU1idUxGYzRIYXN2QXA0dEpGbElkX3VrazRWU0NWT3VaY0pqVEtVeGtYYnltVDFDRnhpdDkxbFVTV1ZTZVd3NU14REk4Mzk1Q292anJ5bDcybklIelk3Q1dwSjFMbEtzblN0MU5mOWFr?oc=5\" target=\"_blank\" rel=\"nofollow noopener\">Homenaje de Amor\u00f3s al D\u00fao Din\u00e1mico<\/a>&nbsp;&nbsp;esRadio<\/li>\n<li><a href=\"https:\/\/news.google.com\/rss\/articles\/CBMiywFBVV95cUxONkdaOTdQR2dUN1Z4dldFMWVyUjhVRkdfMlA5QkNKS1dmUFBFa0tYckZmZjlPWU1DSENETmY0OHlud2p4TU1FeFhJdUlEcDBSc2k5QkRXN05jNGxWS3JXcEhwN25RdEp4bHIybGs5TTRaR01ONWpoamNjYzBUMWNDVmpDaHViR0k4cFdoZkxYNjQ5UktlNC03X3hTdHRlZmp4Ymk5UzZ4WldCdFVpVUFLSmZ0YzJJY3dqeUNrR1dGeWR0bjh1amlOazZWYw?oc=5\" target=\"_blank\" rel=\"nofollow noopener\">Tertulia de Federico: \u00c1balos, generoso con tu dinero<\/a>&nbsp;&nbsp;esRadio<\/li>\n<li><a href=\"https:\/\/news.google.com\/rss\/articles\/CBMisgFBVV95cUxNNWstaXlQM0NPUTB6U3E4YXktMlZQd19DMjlNWUZQeVZ5eHRybEY0YjIzR1BJMGFlMFVnMXZzNk5VcDU2eXBNa2JWeXc0UGxPRUJfUG5EeDg2bXpPYzN2VWlHR2RleUVvNDU3cE40aXdGMFl1eXZJTFpyalZCTE9OXzRPQVlBQ2dYeHJZTWNRbDdqYmR1bUNmTTdUa29DSVVjSHcyZm03YzhzZFd3Um1CZkZn0gG-AUFVX3lxTFBHN3FvVkdzTjZYREpBWVZxVUZCOTdERTItZzJxNzBkekYwSGlXZ3JlQ1p6M1JBOTZlZzJSckpRdmFzQnExVFZPTHMwdjlwQmVDdUVPanM3MWxxRDlnNnY2NjRWWWl3YjlBb3ZHWTVMUGJEU1Q2UXFUcDFEZVNHelpQeEpGd1hQWlRFbzh4bjA2SVFZUXdHZHZvV3dzUElGREcySUg5cGNCc1M1WWZQMkhSczY1VjlnWGJwREJPdmc?oc=5\" target=\"_blank\" rel=\"nofollow noopener\">&#8216;Fiesta&#8217; encuentra el centro penitenciario franc\u00e9s en el que se encuentra Isi: \u201cRaquel Mosquera ha venido en d<\/a>&nbsp;&nbsp;Telecinco<\/li>\n<li><a href=\"https:\/\/news.google.com\/rss\/articles\/CBMi7AFBVV95cUxQN1Q3TXlueHQ4Yk42SDM1M044dkxNZjA0VFF3TTNhMGUyNkQxSGcwc2ZiNEdlOHhDVTBWRE9md0h3NVhhdGE3YjdvbUpnaWdXNHFpVXAtSTRlUEM3QndMMnQ5alkxWmUyVWg1QUZKTnRBQ0lVX1FCMVc2TGxyWDQ2U011QUttM2dqTmJEeWhGZEwyYS1VYlRyQU1yNHU3c3NPZmtObUREVERZREljV1N3NTJmeXZ1Z2RPa0ktWUtEei1DNnBBV1FUN2UwQ2YzeGswN2duZWZBbjNNeUR4NllzYzUxQXNGOWFIT3IxMdIB7AFBVV95cUxNZGFCS1FwSkVFRFZ4akpXTlk0ZnBOdVEteXZkVFV4SmdPQmF2VFpaZzlwcUdURFBhcWt0dTZVbkczUmlpbk12VGppaUNDS0tpeXRjemY1Y0pSZHoxaXZKYm1CSmhRdlIxWl9RMGd3bi1pNy02aFk5ajd2ZkE0QzV2OFZzbTJoOWM0NDdZcUdtZUJLbWtRZGlDOGV6SjAzWlZDUEFiU1ZCTy1pM0c5NThMSEJwMVZ2MDhMaEo2cVZrSE5OTVJ4eTRxZXRZcDczN3RqNERLQmhyWk9FbXNYWUVtcy0xRDdEcXl1X3pfRA?oc=5\" target=\"_blank\" rel=\"nofollow noopener\">Raquel Mosquera, tras la detenci\u00f3n de su marido, Isi: \u00abTengo al abogado penalista pendiente de todo\u00bb<\/a>&nbsp;&nbsp;LaSexta<\/li>\n<li><a href=\"https:\/\/news.google.com\/rss\/articles\/CBMivgFBVV95cUxQZk1VUmFObVdrOE5nUUFFLTJNWVlYVk5HS3FLNEpyTG4tOTlWWl9hYXg4X2NKSy05eDJ4NTVjellSWXlDckRwbzFGajhxRGhwV2dHb2RBQmVqWTBTSEwtZnNyR1JhY0Vwa0d1VURDckVWMDY4RUlVYkR0SDFLLVU5NWpEdlkzSVc1Smw5UFQ5empUZjV0aWRoOXRSV1FYQVVBX3Rmd3BhRllNa3Nkcnh0WGtPSDlmWGF3NWpPbU5R0gHSAUFVX3lxTE9KQkl1NmYtcXlobUlSYnQ2TjliS0lETjJSbkRsM21NdjBMazRDUjFXZ0Ztc2YzY0VvY0RPYkxCRHdmSjE5eGNXMk1xLUFOR1U1M3hDeklrdzk0T2FHNnA4dUNaRXlCcUlJMG14aW1HRkdhTDFNeC0xTXNWbmJhbjdRaTNfSVBfdDQ5OWloUGJHWFVTRkJTZlUxeWU0MEEwSWp3RWszZ3MxVWpqS3VpRk9xNnhVZmRrVjlOZDAyOGxGYVJzU05Cb1dsd01NN2V6RlN4UQ?oc=5\" target=\"_blank\" rel=\"nofollow noopener\">El fantasma del marido de Raquel Mosquera se pasea por M\u00f3stoles<\/a>&nbsp;&nbsp;La Raz\u00f3n<\/li>\n<\/ol>\n","protected":false},"excerpt":{"rendered":"Homenaje de Amor\u00f3s al D\u00fao Din\u00e1mico&nbsp;&nbsp;esRadio Tertulia de Federico: \u00c1balos, generoso con tu dinero&nbsp;&nbsp;esRadio &#8216;Fiesta&#8217; encuentra el centro&hellip;\n","protected":false},"author":2,"featured_media":145560,"comment_status":"","ping_status":"","sticky":false,"template":"","format":"standard","meta":{"footnotes":""},"categories":[170],"tags":[28890,146,147,25,24,49867,28888,184,185,23],"class_list":{"0":"post-172454","1":"post","2":"type-post","3":"status-publish","4":"format-standard","5":"has-post-thumbnail","7":"category-musica","8":"tag-duo-dinamico","9":"tag-entertainment","10":"tag-entretenimiento","11":"tag-es","12":"tag-espana","13":"tag-manolo-de-la-calva","14":"tag-manuel-de-la-calva","15":"tag-music","16":"tag-musica","17":"tag-spain"},"share_on_mastodon":{"url":"","error":""},"_links":{"self":[{"href":"https:\/\/www.europesays.com\/es\/wp-json\/wp\/v2\/posts\/172454","targetHints":{"allow":["GET"]}}],"collection":[{"href":"https:\/\/www.europesays.com\/es\/wp-json\/wp\/v2\/posts"}],"about":[{"href":"https:\/\/www.europesays.com\/es\/wp-json\/wp\/v2\/types\/post"}],"author":[{"embeddable":true,"href":"https:\/\/www.europesays.com\/es\/wp-json\/wp\/v2\/users\/2"}],"replies":[{"embeddable":true,"href":"https:\/\/www.europesays.com\/es\/wp-json\/wp\/v2\/comments?post=172454"}],"version-history":[{"count":0,"href":"https:\/\/www.europesays.com\/es\/wp-json\/wp\/v2\/posts\/172454\/revisions"}],"wp:featuredmedia":[{"embeddable":true,"href":"https:\/\/www.europesays.com\/es\/wp-json\/wp\/v2\/media\/145560"}],"wp:attachment":[{"href":"https:\/\/www.europesays.com\/es\/wp-json\/wp\/v2\/media?parent=172454"}],"wp:term":[{"taxonomy":"category","embeddable":true,"href":"https:\/\/www.europesays.com\/es\/wp-json\/wp\/v2\/categories?post=172454"},{"taxonomy":"post_tag","embeddable":true,"href":"https:\/\/www.europesays.com\/es\/wp-json\/wp\/v2\/tags?post=172454"}],"curies":[{"name":"wp","href":"https:\/\/api.w.org\/{rel}","templated":true}]}}