{"id":172466,"date":"2025-10-12T20:01:07","date_gmt":"2025-10-12T20:01:07","guid":{"rendered":"https:\/\/www.europesays.com\/es\/172466\/"},"modified":"2025-10-12T20:01:07","modified_gmt":"2025-10-12T20:01:07","slug":"las-lluvias-torrenciales-dejan-fuertes-inundaciones-en-pueblos-al-sur-de-tarragona-y-obligan-a-cortar-la-ap-7","status":"publish","type":"post","link":"https:\/\/www.europesays.com\/es\/172466\/","title":{"rendered":"Las lluvias torrenciales dejan fuertes inundaciones en pueblos al sur de Tarragona y obligan a cortar la AP-7"},"content":{"rendered":"<p class=\"article-text\">\n        La dana Alice, que ha dejado en los \u00faltimos d\u00edas <a href=\"https:\/\/www.eldiario.es\/comunitat-valenciana\/dana-alice-corta-ap7-alicante-deja-tormentas-fuertes-pego-gandia-perello-camp-morvedre_1_12675688.html\" target=\"_blank\" data-mrf-recirculation=\"links-noticia\" class=\"link\" rel=\"nofollow noopener\">abundantes lluvias en la Comunitat Valenciana o Baleares<\/a>, ha descargado con fuerza este domingo en la comarca tarraconsense del Montsi\u00e0. El aguacero desbordado varios barrancos, ha obligado a cortar la autopista AP-7 entre Ulldecona y Freginals y ha provocado importantes inundaciones en localidades como Godall, la R\u00e0pita o Santa B\u00e0rbara.\u00a0\u00a0\n    <\/p>\n<p class=\"article-text\">\n        La alerta de Protecci\u00f3n Civil se ha enviado por la tarde a todos los m\u00f3viles de la poblaci\u00f3n del Montsi\u00e0. Sobre las 20:00 horas se ha ampliado adem\u00e1s a todo el litoral y prelitoral desde Alcanar hasta Salou.\u00a0\n    <\/p>\n<p class=\"article-text\">\n        Una de las situaciones m\u00e1s complicadas se han vivido en la localidad de Godall, donde el desborde de un barranco ha inundado con violencia el pueblo y se ha llevado por delante coches y terrazas de bar. Otros de los municipios m\u00e1s afectados han sido Santa B\u00e0rbara y la R\u00e0pita, donde numerosos veh\u00edculos han quedado tambi\u00e9n anegados y algunos con gente atrapada.\n    <\/p>\n<blockquote class=\"twitter-tweet\" data-lang=\"es\"><p><a href=\"https:\/\/twitter.com\/X\/status\/1977431346743063033?ref_src=twsrc%5Etfw\" rel=\"nofollow noopener\" target=\"_blank\"><\/p><\/blockquote>\n<blockquote class=\"twitter-tweet\" data-lang=\"es\"><p><a href=\"https:\/\/twitter.com\/X\/status\/1977423829669756936?ref_src=twsrc%5Etfw\" rel=\"nofollow noopener\" target=\"_blank\"><\/p><\/blockquote>\n<p class=\"article-text\">\n        Los Bomberos informan informan que han recibido 229 avisos en las \u00faltimas horas. \u201cSon atrapamientos en veh\u00edculos, en edificios y en bajos\u201d, han constatado. \u201cLo importante es que la gente no salga de casa y que suba al segundo piso\u201d, han insistido los responsables de emergencias.\n    <\/p>\n<p class=\"article-text\">\n        A consecuencia de la gravedad de la situaci\u00f3n en el Montsi\u00e0, la reuni\u00f3n del comit\u00e9 t\u00e9cnico en el Departamento de Interior ha sido encabezada telem\u00e1ticamente por el president de la Generalitat, Salvador Illa, y presencialmente por la consellera de Interior y Seguridad P\u00fablica, N\u00faria Parlon.\n    <\/p>\n<p class=\"article-text\">\n        Debido a la acumulaci\u00f3n de agua, la Generalitat ha decidido suspender tambi\u00e9n la actividad escolar en cinco comarcas este lunes: Montsi\u00e0, Baix Ebre, Ribera d\u2019Ebre, Baix Camp y Terra Alta.\n    <\/p>\n<p class=\"article-text\">\n        Protecci\u00f3 Civil ha enviado por la tarde una alerta a los tel\u00e9fonos m\u00f3viles del Montsi\u00e0 pidiendo a la poblaci\u00f3n que evite realizar desplazamientos a ra\u00edz de las fuertes lluvias. Las peores previsiones eran entre las 18:00 y las 20:00 horas. Por eso se ha pedido a la ciudadan\u00eda que no se acerque a r\u00edos, rieras ni barrancos, tambi\u00e9n entre Roquetes y Tortosa (Baix Ebre), y que se eviten trayectos innecesarios.\n    <\/p>\n<p class=\"article-text\">\n        Por otra parte, el corte de la AP-7 es entre Ulldecona y Freginals y afecta a ambos sentidos de circulaci\u00f3n, como consecuencia de los fuertes aguaceros que han ca\u00eddo en esta comarca. Seg\u00fan ha informado el Servicio Catal\u00e1n de Tr\u00e1fico, se est\u00e1 desviando obligatoriamente la circulaci\u00f3n por L&#8217;Aldea en sentido sur y a Ulldecona en sentido norte. Tambi\u00e9n se impide el tr\u00e1fico en la C-12 en Tortosa, en la T-331 entre Ulldecona y Santa B\u00e1rbara y en la TP-3311 entre la S\u00e9nia y Santa B\u00e1rbara.\n    <\/p>\n<p>    <a href=\"https:\/\/www.eldiario.es\/comunitat-valenciana\/dana-alice-corta-ap7-alicante-deja-tormentas-fuertes-pego-gandia-perello-camp-morvedre_1_12675688.html\" data-mrf-recirculation=\"saber-mas-abajo\" data-dl-event=\"saber-mas-abajo\" rel=\"nofollow noopener\" target=\"_blank\"><\/p>\n<p class=\"know-more__title\">La dana Alice suspende clases este lunes y la actividad presencial de la Universitat de Val\u00e8ncia<\/p>\n<p>            <img decoding=\"async\" class=\"lazy\" loading=\"lazy\" data-src=\"https:\/\/static.eldiario.es\/clip\/03ac4a5d-24b1-4359-bec7-b94aff4d9458_16-9-aspect-ratio_default_0.jpg\" src=\"data:image\/svg+xml,%3Csvg xmlns=\" http:=\"\" viewbox=\"0 0 880 495\" alt=\"La dana Alice suspende clases este lunes y la actividad presencial de la Universitat de Val\u00e8ncia\"\/><\/p>\n<p>                        <\/a><\/p>\n<blockquote class=\"twitter-tweet\" data-lang=\"es\"><p><a href=\"https:\/\/twitter.com\/X\/status\/1977417450846306748?ref_src=twsrc%5Etfw\" rel=\"nofollow noopener\" target=\"_blank\"><\/p><\/blockquote>\n<p class=\"article-text\">\n        Adem\u00e1s, se han interrumpido varios servicios de tren. Por un lado, las salidas de trenes entre Barcelona o Valencia del Corredor Mediterr\u00e1neo. Por otro lado, el servicio de la l\u00ednea R16 de Rodalies. Protecci\u00f3n Civil ha puesto en prealerta el plan por emergencias en el transporte de viajeros por ferrocarril (Ferrocat).\n    <\/p>\n<p>                                    <script async src=\"https:\/\/platform.twitter.com\/widgets.js\" charset=\"utf-8\"><\/script><\/p>\n","protected":false},"excerpt":{"rendered":"La dana Alice, que ha dejado en los \u00faltimos d\u00edas abundantes lluvias en la Comunitat Valenciana o Baleares,&hellip;\n","protected":false},"author":2,"featured_media":172467,"comment_status":"","ping_status":"","sticky":false,"template":"","format":"standard","meta":{"footnotes":""},"categories":[8],"tags":[517,210,17,18,1980,95,25,24,13,14,11,1982,19,20,9,10,15,16,1981,952,23,12,21,22],"class_list":{"0":"post-172466","1":"post","2":"type-post","3":"status-publish","4":"format-standard","5":"has-post-thumbnail","7":"category-espana","8":"tag-actualidad","9":"tag-barcelona","10":"tag-breaking-news","11":"tag-breakingnews","12":"tag-cataluna","13":"tag-economia","14":"tag-es","15":"tag-espana","16":"tag-featured-news","17":"tag-featurednews","18":"tag-headlines","19":"tag-ignacio-escolar","20":"tag-latest-news","21":"tag-latestnews","22":"tag-news","23":"tag-noticias","24":"tag-noticias-destacadas","25":"tag-noticiasdestacadas","26":"tag-periodismo-independiente","27":"tag-politica","28":"tag-spain","29":"tag-titulares","30":"tag-ultimas-noticias","31":"tag-ultimasnoticias"},"share_on_mastodon":{"url":"","error":""},"_links":{"self":[{"href":"https:\/\/www.europesays.com\/es\/wp-json\/wp\/v2\/posts\/172466","targetHints":{"allow":["GET"]}}],"collection":[{"href":"https:\/\/www.europesays.com\/es\/wp-json\/wp\/v2\/posts"}],"about":[{"href":"https:\/\/www.europesays.com\/es\/wp-json\/wp\/v2\/types\/post"}],"author":[{"embeddable":true,"href":"https:\/\/www.europesays.com\/es\/wp-json\/wp\/v2\/users\/2"}],"replies":[{"embeddable":true,"href":"https:\/\/www.europesays.com\/es\/wp-json\/wp\/v2\/comments?post=172466"}],"version-history":[{"count":0,"href":"https:\/\/www.europesays.com\/es\/wp-json\/wp\/v2\/posts\/172466\/revisions"}],"wp:featuredmedia":[{"embeddable":true,"href":"https:\/\/www.europesays.com\/es\/wp-json\/wp\/v2\/media\/172467"}],"wp:attachment":[{"href":"https:\/\/www.europesays.com\/es\/wp-json\/wp\/v2\/media?parent=172466"}],"wp:term":[{"taxonomy":"category","embeddable":true,"href":"https:\/\/www.europesays.com\/es\/wp-json\/wp\/v2\/categories?post=172466"},{"taxonomy":"post_tag","embeddable":true,"href":"https:\/\/www.europesays.com\/es\/wp-json\/wp\/v2\/tags?post=172466"}],"curies":[{"name":"wp","href":"https:\/\/api.w.org\/{rel}","templated":true}]}}