{"id":172468,"date":"2025-10-12T20:02:13","date_gmt":"2025-10-12T20:02:13","guid":{"rendered":"https:\/\/www.europesays.com\/es\/172468\/"},"modified":"2025-10-12T20:02:13","modified_gmt":"2025-10-12T20:02:13","slug":"madagascar-nombra-jefe-del-ejercito-elegido-por-unidad-amotinada","status":"publish","type":"post","link":"https:\/\/www.europesays.com\/es\/172468\/","title":{"rendered":"Madagascar nombra jefe del ej\u00e9rcito elegido por unidad amotinada"},"content":{"rendered":"<p>    <img src=\"https:\/\/www.europesays.com\/es\/wp-content\/uploads\/2025\/10\/2025-10-12T093A003A49Z-90153597.jpg\" width=\"1024\" height=\"683\" alt=\"\" loading=\"eager\" decoding=\"sync\" fetchpriority=\"high\"\/><\/p>\n<p>            afp_tickers        <\/p>\n<p>        Este contenido fue publicado en    <\/p>\n<p>        12 octubre 2025 &#8211; 20:01\n<\/p>\n<p>El ministro de las Fuerzas Armadas de Madagascar reconoci\u00f3 el domingo como nuevo jefe del ej\u00e9rcito a un oficial elegido por una unidad militar que se uni\u00f3 a los manifestantes que exigen la renuncia del presidente Andry Rajoelina.<\/p>\n<p>El general D\u00e9mosth\u00e8ne Pikulas fue investido durante una ceremonia oficial en presencia del ministro Manantsoa Deramasinjaka Rakotoarivelo, quien declar\u00f3: \u00abLe doy mi bendici\u00f3n\u00bb.\u00a0<\/p>\n<p>El general fue designado por la unidad CAPSAT, que se amotin\u00f3 el s\u00e1bado y se sum\u00f3 a las protestas antigubernamentales que sacuden de esta isla situada frente a la costa sureste de \u00c1frica desde el mes pasado.<\/p>\n<p>Ese mismo d\u00eda, Rajoelina denunci\u00f3 un \u00abintento de toma del poder ilegal\u00bb.\u00a0<\/p>\n<p>Pikulas reconoci\u00f3 ante la prensa que los acontecimientos recientes han sido \u00abimprevisibles\u00bb y afirm\u00f3 que \u00abel ej\u00e9rcito tiene la responsabilidad de restablecer la calma y la paz en todo Madagascar\u00bb.<\/p>\n<p>Consultado sobre los llamados a la dimisi\u00f3n del presidente, el nuevo jefe del ej\u00e9rcito se neg\u00f3 a \u00abhablar de pol\u00edtica dentro de una instalaci\u00f3n militar\u00bb.<\/p>\n<p>Antananarivo, la capital de esta isla del oc\u00e9ano \u00cdndico, vivi\u00f3 el s\u00e1bado las mayores protestas desde que comenz\u00f3 el movimiento de contestaci\u00f3n liderado por j\u00f3venes de la Generaci\u00f3n Z.<\/p>\n<p>Las manifestaciones empezaron por los cortes de agua y de electricidad, aunque poco a poco fueron incluyendo denuncias contra la corrupci\u00f3n, los responsables pol\u00edticos y la falta de oportunidades en el pa\u00eds.<\/p>\n<p>Soldados se unieron el s\u00e1bado a los manifestantes y pidieron a las fuerzas de seguridad que rechazaran \u00ablas \u00f3rdenes de disparar\u00bb contra la poblaci\u00f3n. Tambi\u00e9n condenaron la represi\u00f3n policial.<\/p>\n<p>Los manifestantes los recibieron con v\u00edtores y expresiones de agradecimiento mientras ondeaban la bandera del pa\u00eds.<\/p>\n<p>Antes de abandonar su base militar en el distrito de Soanierana, en las afueras de Antananarivo, los soldados del CAPSAT hab\u00edan llamado a la desobediencia.\u00a0<\/p>\n<p>En 2009, esta base lider\u00f3 una rebeli\u00f3n durante el levantamiento popular que llev\u00f3 al poder al actual presidente.<\/p>\n<p>Desde que empez\u00f3 en septiembre este movimiento de protestas se han registrado al menos 22 muertos y m\u00e1s de un centenar de heridos, seg\u00fan un informe de Naciones Unidas.<\/p>\n<p>Rajoelina desminti\u00f3 el mi\u00e9rcoles lo que consider\u00f3 \u00abcifras err\u00f3neas\u00bb y estim\u00f3 en 12 el n\u00famero de fallecidos, todos \u00absaqueadores, v\u00e1ndalos\u00bb, seg\u00fan se\u00f1al\u00f3.<\/p>\n<p>jcb\/gv\/mas\/sag\/pb\/meb\/eg<\/p>\n","protected":false},"excerpt":{"rendered":"afp_tickers Este contenido fue publicado en 12 octubre 2025 &#8211; 20:01 El ministro de las Fuerzas Armadas de&hellip;\n","protected":false},"author":2,"featured_media":172469,"comment_status":"","ping_status":"","sticky":false,"template":"","format":"standard","meta":{"footnotes":""},"categories":[5],"tags":[17,18,3675,636,4170,25,24,13,14,11,19,20,9,10,15,16,88,5799,48179,2005,23,90,12,21,22],"class_list":{"0":"post-172468","1":"post","2":"type-post","3":"status-publish","4":"format-standard","5":"has-post-thumbnail","7":"category-titulares","8":"tag-breaking-news","9":"tag-breakingnews","10":"tag-civil-unrest","11":"tag-conflict","12":"tag-crisis","13":"tag-es","14":"tag-espana","15":"tag-featured-news","16":"tag-featurednews","17":"tag-headlines","18":"tag-latest-news","19":"tag-latestnews","20":"tag-news","21":"tag-noticias","22":"tag-noticias-destacadas","23":"tag-noticiasdestacadas","24":"tag-politics","25":"tag-social-issues-general","26":"tag-social-problems","27":"tag-society","28":"tag-spain","29":"tag-ticker","30":"tag-titulares","31":"tag-ultimas-noticias","32":"tag-ultimasnoticias"},"share_on_mastodon":{"url":"","error":""},"_links":{"self":[{"href":"https:\/\/www.europesays.com\/es\/wp-json\/wp\/v2\/posts\/172468","targetHints":{"allow":["GET"]}}],"collection":[{"href":"https:\/\/www.europesays.com\/es\/wp-json\/wp\/v2\/posts"}],"about":[{"href":"https:\/\/www.europesays.com\/es\/wp-json\/wp\/v2\/types\/post"}],"author":[{"embeddable":true,"href":"https:\/\/www.europesays.com\/es\/wp-json\/wp\/v2\/users\/2"}],"replies":[{"embeddable":true,"href":"https:\/\/www.europesays.com\/es\/wp-json\/wp\/v2\/comments?post=172468"}],"version-history":[{"count":0,"href":"https:\/\/www.europesays.com\/es\/wp-json\/wp\/v2\/posts\/172468\/revisions"}],"wp:featuredmedia":[{"embeddable":true,"href":"https:\/\/www.europesays.com\/es\/wp-json\/wp\/v2\/media\/172469"}],"wp:attachment":[{"href":"https:\/\/www.europesays.com\/es\/wp-json\/wp\/v2\/media?parent=172468"}],"wp:term":[{"taxonomy":"category","embeddable":true,"href":"https:\/\/www.europesays.com\/es\/wp-json\/wp\/v2\/categories?post=172468"},{"taxonomy":"post_tag","embeddable":true,"href":"https:\/\/www.europesays.com\/es\/wp-json\/wp\/v2\/tags?post=172468"}],"curies":[{"name":"wp","href":"https:\/\/api.w.org\/{rel}","templated":true}]}}