{"id":172470,"date":"2025-10-12T20:03:11","date_gmt":"2025-10-12T20:03:11","guid":{"rendered":"https:\/\/www.europesays.com\/es\/172470\/"},"modified":"2025-10-12T20:03:11","modified_gmt":"2025-10-12T20:03:11","slug":"leccion-del-dicorpebal-en-huerta-del-rey","status":"publish","type":"post","link":"https:\/\/www.europesays.com\/es\/172470\/","title":{"rendered":"Lecci\u00f3n del Dicorpebal en Huerta del Rey"},"content":{"rendered":"<p><a class=\"v-mdl-ath__fig-a\" href=\"https:\/\/www.larioja.com\/autor\/martin-schmitt-307.html\" title=\"Mart\u00edn Schmitt\" rel=\"nofollow noopener\" target=\"_blank\"><br \/>\n<img decoding=\"async\" class=\"v-mdl-ath__img\" src=\"https:\/\/www.europesays.com\/es\/wp-content\/uploads\/2025\/07\/autor-307-foto-1.jpeg\" alt=\"Mart\u00edn Schmitt\"\/><br \/>\n<\/a><\/p>\n<p class=\"v-mdl-ath__p v-mdl-ath__p--6\">\nDomingo, 12 de octubre 2025, 19:05<\/p>\n<p>| Actualizado 20:00h.<\/p>\n<p class=\"v-p\">El <a href=\"https:\/\/www.larioja.com\/deportes\/balonmano\/?srsltid=AfmBOoo-VvfVN_41PAjFAx4ig_3gFx5wJPPftbpxisg5rb3BppVueG5p\" title=\"www.larioja.com\" data-voc-vtm-id=\"in-text-traffic\" data-mrf-link=\"www.larioja.com\" rel=\"nofollow noopener\" target=\"_blank\">Dicorpebal Logro\u00f1o La Rioja<\/a> brind\u00f3 una lecci\u00f3n magistral en Huerta del Rey. No solo celebr\u00f3 una gran victoria (27-34) ante un rival llamado a estar luchando por la zona noble como el Recoletas Atl\u00e9tico Valladolid. El conjunto franjivino ense\u00f1\u00f3 c\u00f3mo la t\u00e1ctica da sus frutos, marc\u00e1ndole 34 goles a la mejor defensa de la liga, ganando en un pabell\u00f3n hasta ahora inexpugnable y anulando a un equipo como el pucelano en una segunda parte brillante, en la que los locales perdieron toda opci\u00f3n de triunfo casi diez minutos antes de que acabase el choque. Un triunfo que realza la figura de Miguel Velasco y que tiene un sabor especial en hombres como los hermanos Miguel y \u00c1lvaro Mart\u00ednez, que regresaban a la que fue su casa durante muchos a\u00f1os.<\/p>\n<p class=\"v-p\">Le falt\u00f3 energ\u00eda al Ciudad de Logro\u00f1o en el comienzo del encuentro, demasiado blando en defensa y cometiendo p\u00e9rdidas en ataque. As\u00ed, con un Jose Toledo acertado en el lateral derecho, el Recoletas abri\u00f3 el primer mel\u00f3n (3-0), algo que no alter\u00f3 los planes iniciales de Velasco, que mantuvo a Pergel de central acompa\u00f1ado por Unai Gal\u00e1n en la izquierda y Miguel Mart\u00ednez a la derecha. R\u00e1pidamente se meti\u00f3 el Dicorpebal en partido, aunque el ataque no acababa de carburar y algunos desajustes defensivos permit\u00edan a los due\u00f1os de casa ponerse otra vez con una renta de tres goles (6-3). El conjunto franjivino necesitaba a Preciado en tareas ofensivas y a Xoan Ledo tocando cuero. Y con esa receta, el bloque riojano le asest\u00f3 un 5-1 de parcial (del 6-3 se pas\u00f3 al 7-8) a un conjunto pucelano que parec\u00eda mareado. A partir de entonces, todo qued\u00f3 muy nivelado. El Recoletas sobrevivi\u00f3 a su mal momento y coloc\u00f3 a Miguel Camino en el avanzado para entorpecer a Preciado.<\/p>\n<p class=\"v-scr__t\">Atl\u00e9tico Valladolid<\/p>\n<p class=\"v-scr__p v-scr__p--3\">Bar, Oliveira (5), Pisonero (3), Tao Gey (5), \u00c1lex D\u00edaz, Ribeiro (2) y Toledo (5) \u2013siete inicial-. C\u00e9sar P\u00e9rez (ps), Gedo (4), Jozinovic, Camino (1), Herrero, Jorge Serrano (1), Karapalevski y Carvalho (1).<\/p>\n<p class=\"v-scr__n-c v-scr__n-c--1 \">\n 27\n<\/p>\n<p class=\"v-scr__n-c v-scr__n-c--2\">\n&#8211;\n<\/p>\n<p class=\"v-scr__n-c v-scr__n-c--3 \">\n 34\n<\/p>\n<p class=\"v-scr__t\">Dicorpebal Logro\u00f1o La Rioja<\/p>\n<p class=\"v-scr__p v-scr__p--3\">Xoan Ledo (1), Lombardi (4), Gal\u00e1n, Aitor Garc\u00eda (1), Miguel Mart\u00ednez (4), Pergel (3) y Cadarso (3) \u2013siete inicial-. Cancio (ps), \u00c1lvaro Mart\u00ednez (10), Preciado (5), Popovic, Zarzuela (1), Ju\u00e1rez, Zaja (2).<\/p>\n<ul class=\"v-u\">\n<li class=\"v-u__l\">\n<p class=\"v-p\">\nParciales:<br \/>\n3-1, 6-4, 8-9, 9-11, 14-12, 15-15 (descanso). 17-17, 20-19, 21-22, 24-26, 26-29, 27-34 (final).\n<\/p>\n<\/li>\n<li class=\"v-u__l\">\n<p class=\"v-p\">\n\u00c1rbitros:<br \/>\nAndreu Mar\u00edn e Ignacio Garc\u00eda Serradilla. Excluyeron a \u00c1lex D\u00efaz, Serrano y Gedo, del Atl\u00e9tico Valladolid y a Aitor Garc\u00eda, Ju\u00e1rez, Popovic (2), del Dicorpebal.\n<\/p>\n<\/li>\n<li class=\"v-u__l\">\n<p class=\"v-p\">\nIncidencias:<br \/>\nDisputado en el polideportivo Huerta del Rey ante 1.782 espectadores.\n<\/p>\n<\/li>\n<\/ul>\n<p class=\"v-p\">Pero el pontevedr\u00e9s se las ingeniaba para que los hermanos Mart\u00ednez desarmaran la defensa pucelana que tan bien conocen (\u00c1lvaro, que marc\u00f3 cuatro goles en la primera parte y que acabar\u00eda con diez, y su hermano Miguel, 2). Cogi\u00f3 el equipo riojano las riendas nuevamente, pero volvi\u00f3 a fallar y el Atl\u00e9tico Valladolid empat\u00f3 y se puso al frente gracias a su pivote Gedo Abdelazize. Zaja, poco antes del descanso, pon\u00eda tablas en el luminoso (15-15).<\/p>\n<p class=\"v-p\">La lecci\u00f3n maestra del Dicorpebal llegar\u00eda despu\u00e9s del descanso. Los riojanos anularon la ofensiva pucelana, demasiado concentrada en Alejandro Pisonero y Gustavo Oliveira. Creci\u00f3 la figura de Aitor Garc\u00eda en defensa, al igual que la de Popovic. El partido se empez\u00f3 a decantar tras superar el ecuador de la segunda parte. \u00c1lvaro Preciado mostr\u00f3 c\u00f3mo hay que atacar a una defensa cerrada como la pucelana y cuando las cosas se volvieron a complicar, Velasco dispuso atacar con siete jugadores, algo que no esperaban los vallisoletanos, que se empezaron a desenganchar con el pasar de los minutos y mientras Xoan Ledo sacaba su mejor repertorio de paradas. <\/p>\n<p class=\"v-p\">Pese a todo, el Recoletas lleg\u00f3 con algo de vida al tramo final, pero r\u00e1pidamente la defensa franjivina y Xoan Ledo arruinaron los sue\u00f1os del Atl\u00e9tico Valladolid. En el otro \u00e1rea, \u00c1lvaro Mart\u00ednez se mostraba implacable en los siete metros y abr\u00eda mucho m\u00e1s las distancias para directamente silenciar a los casi 1.800 aficionados locales.<\/p>\n<p class=\"v-p\">Al final, el Dicorpebal celebr\u00f3 una gran victoria, la primera fuera de las fronteras del Palacio de los Deportes, y con una lecci\u00f3n magistral de este grupo que crece partido a partido, rompiendo la muralla que hab\u00eda llevado al Recoletas a la zona alta de la clasificaci\u00f3n. Este equipo, al igual que su proyecto, empieza a ilusionar mucho.<\/p>\n<p>Reporta un error<\/p>\n<p class=\"v-crt__t\"> L\u00edmite de sesiones alcanzadas<\/p>\n<p class=\"v-crt__p\">El acceso al contenido Premium est\u00e1 abierto por cortes\u00eda del establecimiento donde te encuentras, pero ahora mismo hay demasiados usuarios conectados a las vez.<\/p>\n<p class=\"v-crt__p\">Por favor, int\u00e9ntalo pasados unos minutos.<\/p>\n<p>\nVolver a intentar\n<\/p>\n<p class=\"v-crt__t\">Sesi\u00f3n cerrada<\/p>\n<p class=\"v-crt__p\">Al iniciar sesi\u00f3n desde un dispositivo distinto, por seguridad, se cerr\u00f3 la \u00faltima sesi\u00f3n en este.<\/p>\n<p class=\"v-crt__p\">Para continuar disfrutando de su suscripci\u00f3n digital, inicie sesi\u00f3n en este dispositivo.<\/p>\n<p>\nEste contenido es exclusivo para suscriptores\n<\/p>\n<p class=\"text\">\u00bfTienes una suscripci\u00f3n? <a href=\"https:\/\/secure.larioja.com\/login\/login.html#vca=suscribete&amp;vso=larioja&amp;vmc=on&amp;vli=cdn-ce-link-login\" class=\"login\" data-voc-vtm-id=\"comienzoSuscripcionON\" data-voc-vtm-info=\"cdn-ce-link-login\" rel=\"nofollow noopener\" target=\"_blank\">Inicia sesi\u00f3n<\/a><\/p>\n","protected":false},"excerpt":{"rendered":"Domingo, 12 de octubre 2025, 19:05 | Actualizado 20:00h. El Dicorpebal Logro\u00f1o La Rioja brind\u00f3 una lecci\u00f3n magistral&hellip;\n","protected":false},"author":2,"featured_media":172471,"comment_status":"","ping_status":"","sticky":false,"template":"","format":"standard","meta":{"footnotes":""},"categories":[278],"tags":[376,168,46472,25,24,375,38851,16882,5330,23,167],"class_list":{"0":"post-172470","1":"post","2":"type-post","3":"status-publish","4":"format-standard","5":"has-post-thumbnail","7":"category-balonmano","8":"tag-balonmano","9":"tag-deportes","10":"tag-dicorpebal","11":"tag-es","12":"tag-espana","13":"tag-handball","14":"tag-huerta","15":"tag-leccion","16":"tag-rey","17":"tag-spain","18":"tag-sports"},"share_on_mastodon":{"url":"","error":""},"_links":{"self":[{"href":"https:\/\/www.europesays.com\/es\/wp-json\/wp\/v2\/posts\/172470","targetHints":{"allow":["GET"]}}],"collection":[{"href":"https:\/\/www.europesays.com\/es\/wp-json\/wp\/v2\/posts"}],"about":[{"href":"https:\/\/www.europesays.com\/es\/wp-json\/wp\/v2\/types\/post"}],"author":[{"embeddable":true,"href":"https:\/\/www.europesays.com\/es\/wp-json\/wp\/v2\/users\/2"}],"replies":[{"embeddable":true,"href":"https:\/\/www.europesays.com\/es\/wp-json\/wp\/v2\/comments?post=172470"}],"version-history":[{"count":0,"href":"https:\/\/www.europesays.com\/es\/wp-json\/wp\/v2\/posts\/172470\/revisions"}],"wp:featuredmedia":[{"embeddable":true,"href":"https:\/\/www.europesays.com\/es\/wp-json\/wp\/v2\/media\/172471"}],"wp:attachment":[{"href":"https:\/\/www.europesays.com\/es\/wp-json\/wp\/v2\/media?parent=172470"}],"wp:term":[{"taxonomy":"category","embeddable":true,"href":"https:\/\/www.europesays.com\/es\/wp-json\/wp\/v2\/categories?post=172470"},{"taxonomy":"post_tag","embeddable":true,"href":"https:\/\/www.europesays.com\/es\/wp-json\/wp\/v2\/tags?post=172470"}],"curies":[{"name":"wp","href":"https:\/\/api.w.org\/{rel}","templated":true}]}}