{"id":172472,"date":"2025-10-12T20:04:08","date_gmt":"2025-10-12T20:04:08","guid":{"rendered":"https:\/\/www.europesays.com\/es\/172472\/"},"modified":"2025-10-12T20:04:08","modified_gmt":"2025-10-12T20:04:08","slug":"uceda-vargas-a-hombros-en-la-peza","status":"publish","type":"post","link":"https:\/\/www.europesays.com\/es\/172472\/","title":{"rendered":"Uceda Vargas a hombros en La Peza"},"content":{"rendered":"<p><strong>Plaza de toros de La Peza<\/strong> segunda novillada con picadores. <strong>VII Certamen de novilladas con picadores \u201c EL CARBONERO DE ORO\u201d 2025.<\/strong><\/p>\n<p>\u00a0<\/p>\n<p>Novillos \u2013 toros de Casa de los Toreros. 1.2. 4. El tercero de Sorando. Todo bien presentados con cara y kilos.<\/p>\n<p>\u00a0<\/p>\n<p>1. devuelto por lesionarse de salida , sali\u00f3 el de Casa de los toreros bueno, noble y dej\u00e1ndose.<\/p>\n<p>\u00a0<\/p>\n<p>2. Ten\u00eda que salir en cuarto lugar pero un nuevo error en los corrales\/ chiqueros sali\u00f3 en segundo.<\/p>\n<p>\u00a0<\/p>\n<p>3. De SORANDO bueno, vali\u00f3 pero con poca duraci\u00f3n.<\/p>\n<p>\u00a0<\/p>\n<p>4. Vali\u00f3 , mejor por el pit\u00f3n izquierdo, pero le costaba salirse.<\/p>\n<p>\u00a0<\/p>\n<p>ACTUANTES :<\/p>\n<p>\u00a0<\/p>\n<p><strong>Uceda Vargas<\/strong> que sustituy\u00f3 a Joao D\u2019Silva . Dos orejas y palmas.<\/p>\n<p><strong>Manuel Olivero<\/strong>, silencio y silencio.<\/p>\n<p>\u00a0<\/p>\n<p>Sobresaliente: V\u00edctor Manuel RODADO no actu\u00f3.<\/p>\n<p>\u00a0<\/p>\n<p>Entrada : LLENO en tarde de calor.<\/p>\n<p>\u00a0<\/p>\n<p>Al final del festejo sali\u00f3 a hombros UCEDA VARGAS.<\/p>\n<p>\u00a0<\/p>\n<p><strong>INCIDENCIAS<\/strong>: por problemas en los corrales de la plaza de toros artesanal de La Peza los toros no salieron con el orden debido por lo que tuvo que torear en primer lugar OLIVERO ( 1. 2.) y UCEDA (3. Y 4.) un total desaguisado por parte de la salida de los novillos.<\/p>\n<p>\u00a0<\/p>\n<p><strong>OLIVERO<\/strong> tuvo momentos de toreo bueno sobre todo en su segundo animal tanto con capote como con la muleta, a este toro pudo cortarle alg\u00fan ap\u00e9ndice si los aceros viajar\u00e1n bien y el puntillero hubiera acertado en un d\u00eda m\u00e1s que negro de este tercero de su cuadrilla con la puntilla.<\/p>\n<p>Fue cogido feamente, pero no pas\u00f3 de un desagradable susto aunque tuvo que pasar por la enfermer\u00eda, pero qued\u00f3 en la paliza.<\/p>\n<p>\u00a0<\/p>\n<p><strong>UCEDA<\/strong> un novillero que se le vio m\u00e1s puesto y con momentos muy buenos con el capote, por cierto que lo maneja con mucha soltura.<\/p>\n<p>Realiz\u00f3 dos buenas faenas mejor a su primero que le valieron las dos orejas con fuerza.<\/p>\n<p>En su segundo tambi\u00e9n hubiera tocado pelo pero el descabellado lo dej\u00f3 todo en palmas.<\/p>\n<p>\u00a0<\/p>\n<p>Los dos novilleros con picadores sevillanos tuvieron que pechar con la desafortunada actuaci\u00f3n de los corraleros que hizo que el cartel cambiara totalmente de como estaba anunciado .<\/p>\n<p>\u00a0<\/p>\n<p>De nuevo una gran entrada con un lleno hasta la bandera y un ambiente de toros propio solo de La Peza.<\/p>\n<p>\u00a0<\/p>\n<p>Informaci\u00f3n : ROGELIO BURNAO. La Peza. Granada.<\/p>\n<p>\u00a0<\/p>\n<p>Fotos : Rogelio BURNAO<\/p>\n","protected":false},"excerpt":{"rendered":"Plaza de toros de La Peza segunda novillada con picadores. VII Certamen de novilladas con picadores \u201c EL&hellip;\n","protected":false},"author":2,"featured_media":172473,"comment_status":"","ping_status":"","sticky":false,"template":"","format":"standard","meta":{"footnotes":""},"categories":[277],"tags":[373,168,25,24,23,167,374],"class_list":{"0":"post-172472","1":"post","2":"type-post","3":"status-publish","4":"format-standard","5":"has-post-thumbnail","7":"category-toreo","8":"tag-bullfighting","9":"tag-deportes","10":"tag-es","11":"tag-espana","12":"tag-spain","13":"tag-sports","14":"tag-toreo"},"share_on_mastodon":{"url":"","error":""},"_links":{"self":[{"href":"https:\/\/www.europesays.com\/es\/wp-json\/wp\/v2\/posts\/172472","targetHints":{"allow":["GET"]}}],"collection":[{"href":"https:\/\/www.europesays.com\/es\/wp-json\/wp\/v2\/posts"}],"about":[{"href":"https:\/\/www.europesays.com\/es\/wp-json\/wp\/v2\/types\/post"}],"author":[{"embeddable":true,"href":"https:\/\/www.europesays.com\/es\/wp-json\/wp\/v2\/users\/2"}],"replies":[{"embeddable":true,"href":"https:\/\/www.europesays.com\/es\/wp-json\/wp\/v2\/comments?post=172472"}],"version-history":[{"count":0,"href":"https:\/\/www.europesays.com\/es\/wp-json\/wp\/v2\/posts\/172472\/revisions"}],"wp:featuredmedia":[{"embeddable":true,"href":"https:\/\/www.europesays.com\/es\/wp-json\/wp\/v2\/media\/172473"}],"wp:attachment":[{"href":"https:\/\/www.europesays.com\/es\/wp-json\/wp\/v2\/media?parent=172472"}],"wp:term":[{"taxonomy":"category","embeddable":true,"href":"https:\/\/www.europesays.com\/es\/wp-json\/wp\/v2\/categories?post=172472"},{"taxonomy":"post_tag","embeddable":true,"href":"https:\/\/www.europesays.com\/es\/wp-json\/wp\/v2\/tags?post=172472"}],"curies":[{"name":"wp","href":"https:\/\/api.w.org\/{rel}","templated":true}]}}