{"id":172480,"date":"2025-10-12T20:09:07","date_gmt":"2025-10-12T20:09:07","guid":{"rendered":"https:\/\/www.europesays.com\/es\/172480\/"},"modified":"2025-10-12T20:09:07","modified_gmt":"2025-10-12T20:09:07","slug":"es-cuestion-de-tiempo-aseguran-que-un-piloto-sera-reemplazado-y-hay-gran-revuelo-en-la-formula-1","status":"publish","type":"post","link":"https:\/\/www.europesays.com\/es\/172480\/","title":{"rendered":"\u201cEs cuesti\u00f3n de tiempo\u201d: aseguran que un piloto ser\u00e1 reemplazado y hay gran revuelo en la F\u00f3rmula 1"},"content":{"rendered":"<p class=\"left paragraph font__body-regular\">El mercado de pilotos de la <a href=\"https:\/\/tn.com.ar\/deportes\/automovilismo\/2025\/10\/11\/el-tremendo-guino-del-nuevo-jefe-de-alpine-para-franco-colapinto-sobre-su-futuro-en-la-formula-1-en-2026\/\" target=\"_blank\" rel=\"noreferrer nofollow noopener\" title=\"https:\/\/tn.com.ar\/deportes\/automovilismo\/2025\/10\/11\/el-tremendo-guino-del-nuevo-jefe-de-alpine-para-franco-colapinto-sobre-su-futuro-en-la-formula-1-en-2026\/\"><b>F\u00f3rmula 1<\/b> <\/a>podr\u00eda entregar grandes novedades en las pr\u00f3ximas carreras del calendario. Son pocos los equipos que todav\u00eda no anunciaron su dupla de corredores para la temporada 2026 y uno de ellos es <a href=\"https:\/\/tn.com.ar\/deportes\/automovilismo\/2025\/09\/22\/horner-cobro-una-millonaria-indemnizacion-de-red-bull-y-tiene-via-libre-para-volver-a-la-f1-llega-a-alpine\/\" target=\"_blank\" rel=\"noreferrer nofollow noopener\" title=\"https:\/\/tn.com.ar\/deportes\/automovilismo\/2025\/09\/22\/horner-cobro-una-millonaria-indemnizacion-de-red-bull-y-tiene-via-libre-para-volver-a-la-f1-llega-a-alpine\/\"><b>Red Bull<\/b><\/a>, que tiene al multicampe\u00f3n <b>Max Verstappen<\/b> a la cabeza.<\/p>\n<p class=\"left paragraph font__body-regular\"><b>Le\u00e9 tambi\u00e9n<\/b><b>: <\/b><a href=\"https:\/\/tn.com.ar\/deportes\/automovilismo\/2025\/10\/12\/el-desafio-extra-que-tendra-franco-colapinto-en-el-gp-de-estados-unidos\/\" target=\"_blank\" rel=\"noreferrer nofollow noopener\" title=\"https:\/\/tn.com.ar\/deportes\/automovilismo\/2025\/10\/12\/el-desafio-extra-que-tendra-franco-colapinto-en-el-gp-de-estados-unidos\/\"><b>El desaf\u00edo extra que tendr\u00e1 Franco Colapinto en el GP de Estados Unidos<\/b><\/a><\/p>\n<p class=\"left paragraph font__body-regular\">El mejor novato del a\u00f1o, <b>Isack Hadjar<\/b>, podr\u00eda acompa\u00f1ar a Max por su gran desempe\u00f1o en RB Racing y esto podr\u00eda desembocar en la salida de Yuki Tsunoda de la parrilla, seg\u00fan indican los princiaples medios especializados en Europa.<\/p>\n<p class=\"left paragraph font__body-regular\">En ese contexto, el actual piloto de F\u00f3rmula E, Sam Bird, cree que no falta mucho para que el japon\u00e9s pierda su lugar en Red Bull. \u201cFue superado por su compa\u00f1ero y tambi\u00e9n por los l\u00edderes del campeonato.<b> Es cuesti\u00f3n de tiempo<\/b> antes de que deje ese asiento. La duda no es si pasar\u00e1,<b> sino cu\u00e1ndo\u201d<\/b>, dijo en un podcast de la BBC.<\/p>\n<p><img decoding=\"async\" loading=\"lazy\" fetchpriority=\"low\" data-testid=\"loading-testid\" class=\"image content-image image_placeholder\" alt=\"Isack Hadjar reemplazar\u00eda a Yuki Tsunoda en Red Bull. (Foto: Reuters)\" width=\"767\" height=\"551\" src=\"https:\/\/www.europesays.com\/es\/wp-content\/uploads\/2025\/10\/isack-hadjar-reemplazaria-a-yuki-tsunoda-en-red-bull-foto-reuters-K4NDUFBPDDVABU2TQ3XFF6L54E.jpg\"\/><\/p>\n<p>Isack Hadjar reemplazar\u00eda a Yuki Tsunoda en Red Bull. (Foto: Reuters)<\/p>\n<p class=\"left paragraph font__body-regular\">El medio Motorsport tambi\u00e9n desliz\u00f3 otro nombre en la contienda dentro de la estructura de Red Bull. \u201cEl joven <b>Arvid Lindblad <\/b>podr\u00eda ocupar una de las butacas del equipo filial, lo que dejar\u00eda a Lawson y Tsunoda disput\u00e1ndose el segundo asiento de Racing Bulls\u00bb, dice un reciente art\u00edculo del portal.<\/p>\n<p class=\"paragraph font__body-regular\">Con la expectativa de conocer el nuevo panorama que se avecina en la F\u00f3rmula 1 con la nueva reglamentaci\u00f3n de 2026, Red Bull espera definir sus alineaciones con el objetivo de sacarle el m\u00e1ximo provecho a los nuevos coches.<\/p>\n<p>Los pilotos de la F1 confirmados para 2026<\/p>\n<ul class=\"ul__list list\">\n<li class=\"list__item\"><b>Alpine:<\/b> Pierre Gasly<\/li>\n<li class=\"list__item\"><b>Aston Martin:<\/b> Lance Stroll y Fernando Alonso<\/li>\n<li class=\"list__item\"><b>Audi:<\/b> Nico Hulkenberg y Gabriel Bortoleto<\/li>\n<li class=\"list__item\"><b>Cadillac:<\/b> Checo P\u00e9rez y Valtteri Bottas<\/li>\n<li class=\"list__item\"><b>Ferrari:<\/b> Charles Leclerc y Lewis Hamilton<\/li>\n<li class=\"list__item\"><b>Haas:<\/b> Oliver Bearman y Esteban Ocon<\/li>\n<li class=\"list__item\"><b>McLaren:<\/b> Lando Norris yOscar Piastri<\/li>\n<li class=\"list__item\"><b>Mercedes:<\/b> Kimi Antonelli y George Russell<\/li>\n<li class=\"list__item\"><b>Red Bull:<\/b> Max Verstappen<\/li>\n<li class=\"list__item\"><b>Visa CashApp RB:<\/b> Liam Lawson, Isack Hadjar<\/li>\n<li class=\"list__item\"><b>Williams:<\/b> Alex Albon y Carlos Sainz<\/li>\n<\/ul>\n","protected":false},"excerpt":{"rendered":"El mercado de pilotos de la F\u00f3rmula 1 podr\u00eda entregar grandes novedades en las pr\u00f3ximas carreras del calendario.&hellip;\n","protected":false},"author":2,"featured_media":172481,"comment_status":"","ping_status":"","sticky":false,"template":"","format":"standard","meta":{"footnotes":""},"categories":[270],"tags":[1763,168,25,24,306,271,272,212,23,167],"class_list":{"0":"post-172480","1":"post","2":"type-post","3":"status-publish","4":"format-standard","5":"has-post-thumbnail","7":"category-formula-1","8":"tag-automovilismo","9":"tag-deportes","10":"tag-es","11":"tag-espana","12":"tag-f1","13":"tag-formula-1","14":"tag-formula1","15":"tag-red-bull","16":"tag-spain","17":"tag-sports"},"share_on_mastodon":{"url":"","error":""},"_links":{"self":[{"href":"https:\/\/www.europesays.com\/es\/wp-json\/wp\/v2\/posts\/172480","targetHints":{"allow":["GET"]}}],"collection":[{"href":"https:\/\/www.europesays.com\/es\/wp-json\/wp\/v2\/posts"}],"about":[{"href":"https:\/\/www.europesays.com\/es\/wp-json\/wp\/v2\/types\/post"}],"author":[{"embeddable":true,"href":"https:\/\/www.europesays.com\/es\/wp-json\/wp\/v2\/users\/2"}],"replies":[{"embeddable":true,"href":"https:\/\/www.europesays.com\/es\/wp-json\/wp\/v2\/comments?post=172480"}],"version-history":[{"count":0,"href":"https:\/\/www.europesays.com\/es\/wp-json\/wp\/v2\/posts\/172480\/revisions"}],"wp:featuredmedia":[{"embeddable":true,"href":"https:\/\/www.europesays.com\/es\/wp-json\/wp\/v2\/media\/172481"}],"wp:attachment":[{"href":"https:\/\/www.europesays.com\/es\/wp-json\/wp\/v2\/media?parent=172480"}],"wp:term":[{"taxonomy":"category","embeddable":true,"href":"https:\/\/www.europesays.com\/es\/wp-json\/wp\/v2\/categories?post=172480"},{"taxonomy":"post_tag","embeddable":true,"href":"https:\/\/www.europesays.com\/es\/wp-json\/wp\/v2\/tags?post=172480"}],"curies":[{"name":"wp","href":"https:\/\/api.w.org\/{rel}","templated":true}]}}