{"id":172486,"date":"2025-10-12T20:12:09","date_gmt":"2025-10-12T20:12:09","guid":{"rendered":"https:\/\/www.europesays.com\/es\/172486\/"},"modified":"2025-10-12T20:12:09","modified_gmt":"2025-10-12T20:12:09","slug":"tv3-hace-el-ridiculo-intentando-entrevistar-a-dario-brizuela-en-catalan","status":"publish","type":"post","link":"https:\/\/www.europesays.com\/es\/172486\/","title":{"rendered":"TV3 hace el rid\u00edculo intentando entrevistar a Dario Brizuela en catal\u00e1n"},"content":{"rendered":"<p><strong>Dar\u00edo Brizuela<\/strong> fue protagonista en el <strong>Barcelona-Hiopos Lleida<\/strong> de la segunda jornada de <a href=\"https:\/\/live.acb.com\/es\/partidos\/barca-vs-hiopos-lleida-104473\/jugadas\" rel=\"nofollow noopener\" target=\"_blank\"><strong>Liga Endesa<\/strong><\/a>. No fue su actuaci\u00f3n dentro de la cancha lo que llam\u00f3 la atenci\u00f3n, sino el zasca que le dio a TV3 en la entrevista antes del descanso. La televisi\u00f3n catalana hizo el rid\u00edculo al preguntarle en catal\u00e1n al base guipuzcoano del <a href=\"https:\/\/okdiario.com\/deportes\/silencio-sepulcral-izquierda-partido-del-barca-basket-contra-hapoel-tel-aviv-15500441\" rel=\"nofollow noopener\" target=\"_blank\">Bar\u00e7a<\/a>.<\/p>\n<p>Los de <strong>Joan Pe\u00f1arroya<\/strong> se estaban viendo superados por el conjunto leridano y al descanso perd\u00edan por cinco (43-48). Las caras de los jugadores, incluido el propio <a href=\"https:\/\/okdiario.com\/deportes\/brizuela-gana-enteros-base-espana-baja-lorenzo-brown-jugar-1-que-remedio-15188162\" rel=\"nofollow noopener\" target=\"_blank\">Brizuela<\/a>, eran un poema. Ven\u00edan de hacer un partido pr\u00e1cticamente perfecto contra Valencia en este mismo escenario hace apenas dos d\u00edas, pero el cansancio les pas\u00f3 factura en la primera mitad.<\/p>\n<p>Cuando se iba al vestuario, la Mamba Vasca atendi\u00f3 a TV3 que le pregunt\u00f3 en catal\u00e1n. <strong>\u00abNo te he entendido<\/strong>\u00bb, se\u00f1al\u00f3 Dar\u00edo Brizuela con cara larga. La periodista rectific\u00f3 y le hizo la pregunta en castellano: <strong>\u00ab\u00bfQu\u00e9 nos puedes decir de esta remontada que est\u00e1is protagonizando?\u00bb<\/strong>. <strong>\u00abRemontada ninguna, estamos cinco abajo todav\u00eda\u00bb<\/strong>, le contest\u00f3 el internacional espa\u00f1ol.<\/p>\n<blockquote class=\"twitter-tweet\">\n<p dir=\"ltr\" lang=\"es\">Espectacular entrevista a Dar\u00edo Brizuela en TV3. <a href=\"https:\/\/t.co\/i3jZdWRQcx\" rel=\"nofollow\">pic.twitter.com\/i3jZdWRQcx<\/a><\/p>\n<p>\u2014 Albert Ortega (@AlbertOrtegaES1) <a href=\"https:\/\/twitter.com\/AlbertOrtegaES1\/status\/1977366900746146249?ref_src=twsrc%5Etfw\" rel=\"nofollow noopener\" target=\"_blank\">October 12, 2025<\/a><\/p>\n<\/blockquote>\n<p>El <strong>Bar\u00e7a lleg\u00f3 a estar 13 abajo (25-38)<\/strong> a mediados del segundo cuarto, pero consiguieron reducir la diferencia hasta los cinco puntos justo antes del descanso. Pero el partido no estaba siendo nada bueno de los chicos de Pe\u00f1arroya, que terminaron por sumar su segunda derrota en dos partidos de Liga Endesa \u2013perdieron la primera jornada frente a Valencia\u2013. <strong>Hiopos Lleida<\/strong> sobrevivi\u00f3 a los arreones de los locales para acabar llev\u00e1ndose la <strong>victoria por 86-91<\/strong> y asaltar el Palau.<\/p>\n<p>La entrevista en pista de TV3 se ha hecho viral en redes sociales por su entrevista a Brizuela y ha desatado una gran oleada de cr\u00edticas, por la pregunta y por hacerlo en catal\u00e1n. Cabe recordar que el base es nacido en San Sebasti\u00e1n y hasta que fich\u00f3 por el <strong>Bar\u00e7a<\/strong> en 2023 nunca hab\u00eda militado en un equipo catal\u00e1n, por lo que no sabe catal\u00e1n como es l\u00f3gico. La respuesta de la Mamba Vasca coincide con el d\u00eda de la Hispanidad y ha sido muy aplaudida por los aficionados.<\/p>\n<p>\t\t\t\t\t<script async src=\"https:\/\/platform.twitter.com\/widgets.js\" charset=\"utf-8\"><\/script><\/p>\n","protected":false},"excerpt":{"rendered":"Dar\u00edo Brizuela fue protagonista en el Barcelona-Hiopos Lleida de la segunda jornada de Liga Endesa. No fue su&hellip;\n","protected":false},"author":2,"featured_media":172487,"comment_status":"","ping_status":"","sticky":false,"template":"","format":"standard","meta":{"footnotes":""},"categories":[174],"tags":[255,146,147,25,24,256,23],"class_list":{"0":"post-172486","1":"post","2":"type-post","3":"status-publish","4":"format-standard","5":"has-post-thumbnail","7":"category-famosos","8":"tag-celebrities","9":"tag-entertainment","10":"tag-entretenimiento","11":"tag-es","12":"tag-espana","13":"tag-famosos","14":"tag-spain"},"share_on_mastodon":{"url":"","error":""},"_links":{"self":[{"href":"https:\/\/www.europesays.com\/es\/wp-json\/wp\/v2\/posts\/172486","targetHints":{"allow":["GET"]}}],"collection":[{"href":"https:\/\/www.europesays.com\/es\/wp-json\/wp\/v2\/posts"}],"about":[{"href":"https:\/\/www.europesays.com\/es\/wp-json\/wp\/v2\/types\/post"}],"author":[{"embeddable":true,"href":"https:\/\/www.europesays.com\/es\/wp-json\/wp\/v2\/users\/2"}],"replies":[{"embeddable":true,"href":"https:\/\/www.europesays.com\/es\/wp-json\/wp\/v2\/comments?post=172486"}],"version-history":[{"count":0,"href":"https:\/\/www.europesays.com\/es\/wp-json\/wp\/v2\/posts\/172486\/revisions"}],"wp:featuredmedia":[{"embeddable":true,"href":"https:\/\/www.europesays.com\/es\/wp-json\/wp\/v2\/media\/172487"}],"wp:attachment":[{"href":"https:\/\/www.europesays.com\/es\/wp-json\/wp\/v2\/media?parent=172486"}],"wp:term":[{"taxonomy":"category","embeddable":true,"href":"https:\/\/www.europesays.com\/es\/wp-json\/wp\/v2\/categories?post=172486"},{"taxonomy":"post_tag","embeddable":true,"href":"https:\/\/www.europesays.com\/es\/wp-json\/wp\/v2\/tags?post=172486"}],"curies":[{"name":"wp","href":"https:\/\/api.w.org\/{rel}","templated":true}]}}