{"id":172492,"date":"2025-10-12T20:15:12","date_gmt":"2025-10-12T20:15:12","guid":{"rendered":"https:\/\/www.europesays.com\/es\/172492\/"},"modified":"2025-10-12T20:15:12","modified_gmt":"2025-10-12T20:15:12","slug":"asi-va-la-lucha-por-las-audiencias-de-las-tardes-en-plena-revolucion-por-el-fulgurante-crecimiento-de-rtve","status":"publish","type":"post","link":"https:\/\/www.europesays.com\/es\/172492\/","title":{"rendered":"As\u00ed va la lucha por las audiencias de las tardes, en plena revoluci\u00f3n por el fulgurante crecimiento de RTVE"},"content":{"rendered":"<p class=\"article-text\">\n        No hace falta ni decir que la franja de tarde es una de las m\u00e1s importantes y codiciadas de toda la parrilla televisiva. La cadena que tiene una programaci\u00f3n vespertina fuerte tiene un verdadero tesoro. Y la que no, un verdadero problema. Bien lo estamos viendo en este inicio de temporada, que por ahora ya nos ha dejado un gran titular: la incre\u00edble mejor\u00eda de <strong>La 1<\/strong>, que en muy poco tiempo ha pasado de sufrir lo indecible en determinados tramos a construir una programaci\u00f3n muy competitiva entre las 16:00 y las 21:00 horas.\n    <\/p>\n<p>    <a href=\"https:\/\/www.eldiario.es\/vertele\/audiencias-tv\/pelea-mananas-primer-mes-temporada-2025-2026-silvia-intxaurrondo-arus-mananeros-ana-rosa-quintana-al-rojo-vivo_1_12625812.html\" data-mrf-recirculation=\"saber-mas\" data-dl-event=\"saber-mas\" rel=\"nofollow noopener\" target=\"_blank\"><\/p>\n<p class=\"know-more__title\">An\u00e1lisis | As\u00ed va la pelea por las audiencias de las ma\u00f1anas tras el primer mes de la temporada 2025\/2026<\/p>\n<p>            <img decoding=\"async\" class=\"lazy\" loading=\"lazy\" data-src=\"https:\/\/static.eldiario.es\/clip\/b8c5e9ba-eef2-4589-b103-75d833e55d35_16-9-aspect-ratio_default_0.jpg\" src=\"data:image\/svg+xml,%3Csvg xmlns=\" http:=\"\" viewbox=\"0 0 880 495\" alt=\"As\u00ed va la pelea por las audiencias de las ma\u00f1anas tras el primer mes de la temporada 2025\/2026\"\/><\/p>\n<p>                        <\/a><\/p>\n<p class=\"article-text\">\n        De hecho, ya ha conseguido rascar alguna que otra victoria global sobre <strong>Antena 3<\/strong>, que hasta ahora era la gran dominadora de las tardes (de lunes a viernes). La cadena de <strong>Atresmedia <\/strong>sigue siendo la primera opci\u00f3n del p\u00fablico si vemos el dibujo global del curso, pero cada vez tiene menos margen sobre su inmediato perseguidor, que hoy por hoy es el primer canal de <strong>RTVE<\/strong>. Por detr\u00e1s, en tierra de nadie, tenemos a <strong>Telecinco<\/strong>, que contin\u00faa teniendo en sus tardes el principal punto d\u00e9bil de su parrilla diaria. Un lastre que no consigue quitarse de encima mientras ve, con cierta impotencia, c\u00f3mo Antena 3 no baja el ritmo y c\u00f3mo La 1 est\u00e1 subiendo el suyo de manera espectacular para dejar atr\u00e1s, de una vez por todas, ciertos fantasmas que ven\u00eda arrastrando en el pasado.\n    <\/p>\n<p>    El crecimiento de las tardes de La 1<\/p>\n<p class=\"article-text\">\n        Estos fantasmas estuvieron muy presentes durante el final de la pasada temporada, cuando La 1 sufri\u00f3 con <strong>La familia de la tele<\/strong> uno de los m\u00e1s duros y sonados fracasos de su historia. La pobre acogida del nuevo <strong>S\u00e1lvame<\/strong> condujo a la cadena p\u00fablica a un fren\u00e9tico carrusel de cambios y pruebas con el fin de salvarlo. No lo consigui\u00f3, pero ahora, cuatro meses despu\u00e9s de la inevitable cancelaci\u00f3n del magac\u00edn, la situaci\u00f3n de sus tardes no puede ser m\u00e1s diferente.\n    <\/p>\n<p class=\"article-text\">\n        En estos momentos, lo normal es que todas sus ofertas vespertinas rindan por encima del 10%, incluyendo <strong>Malas lenguas<\/strong>, cuyo crecimiento roza la categor\u00eda de milagro. Hasta hace un mes, el programa de <strong>Jes\u00fas Cintora<\/strong> se emit\u00eda en dos partes: una en la sobremesa (de 15:55 a 17:30h, aproximadamente) y otro al final de la tarde (de 19:30 a 20:30h). La primera sol\u00eda rondar el 9%, pero llegando a alcanzar el doble d\u00edgito en m\u00e1s de una ocasi\u00f3n. La segunda, sin embargo, estaba hundida en torno al 6%-8% de cuota. Pero de septiembre a esta parte, el formato de actualidad se ha acostumbrado a superar el doble d\u00edgito \u2014alcanzando picos superiores al 12%\u2014 pese a seguir emiti\u00e9ndose a la misma hora, con el mismo telonero (La Promesa) y con el mismo programa al que cede el testigo (Aqu\u00ed la Tierra).\n    <\/p>\n<p class=\"article-text\">\n        <strong>Audiencias de &#8216;Malas lenguas&#8217; este curso en su actual horario en La 1:<\/strong>\n    <\/p>\n<ul>\n<li>1\u00aa semana (1-5 septiembre): <strong>8% y 529.000<\/strong><\/li>\n<li>2\u00aa semana (8-12 septiembre): <strong>8.7% y 597.000<\/strong><\/li>\n<li>3\u00aa semana (15-19 septiembre): <strong>9.3% y 658.000<\/strong><\/li>\n<li>4\u00aa semana (22-26 septiembre): <strong>10.2% y 731.000<\/strong><\/li>\n<li>5\u00aa semana (29 sep-3 octubre): <strong>11.6% y 858.000<\/strong><\/li>\n<li>6\u00aa semana (6-9 octubre): <strong>11.3% y 848.000<\/strong><\/li>\n<\/ul>\n<p>            <img decoding=\"async\" class=\"lazy\" loading=\"lazy\" data-src=\"https:\/\/static.eldiario.es\/clip\/070cb09a-66c0-4a84-ba38-d247f1d25058_16-9-discover-aspect-ratio_default_0.jpg\" src=\"data:image\/svg+xml,%3Csvg xmlns=\" http:=\"\" viewbox=\"0 0 1200 675\" alt=\"Jes\u00fas Cintora en 'Malas lenguas'\"\/><\/p>\n<p class=\"article-text\">\n        \u00bfQu\u00e9 ha pasado para que Malas lenguas haya crecido tanto en tan poco tiempo si, a priori, nada parece haber cambiado a su alrededor? Bueno, hay una cosa que s\u00ed ha cambiado: al haber perdido el primer tramo que ten\u00eda en La 1, ahora el espectador de la p\u00fablica que quiera ver a Cintora y su equipo tiene que esperarse s\u00ed o s\u00ed hasta las 19:30h \u2014o, en el mejor de los casos, conectar a las 17:35h con <strong>La 2<\/strong>\u2014. Y bastante es, pues no hay que olvidar que el plan de RTVE para esta temporada no era emitir el programa en La 1, sino \u00fanicamente en La 2 y dar su actual horario en la primera cadena p\u00fablica a <strong>La Pir\u00e1mide<\/strong>. De hecho, el concurso de <strong>Itziar Miranda<\/strong> lleg\u00f3 a emitirse ah\u00ed durante el verano, pero reuni\u00f3 tan poca audiencia que la Corporaci\u00f3n lo retir\u00f3 r\u00e1pidamente.\n    <\/p>\n<p class=\"article-text\">\n        El que permanece en la parrilla es el \u00faltimo que ha llegado a ella: <strong>Directo al grano<\/strong>. El programa de actualidad conducido por <strong>Marta Flich<\/strong> y <strong>Gonzalo Mir\u00f3<\/strong> ha revitalizado en su primer mes la sobremesa de La 1. Seg\u00fan datos publicados por la cadena p\u00fablica, en septiembre promedi\u00f3 un 11.1% en dicha franja, su mejor inicio de temporada desde 2018. Y aunque es cierto que durante las dos primeras semanas del mes hubo etapas de La Vuelta, tambi\u00e9n lo es que Directo al grano ha impulsado la tarde de La 1.\n    <\/p>\n<p class=\"article-text\">\n        En sus cuatro primeras semanas (contando hasta el jueves 9 de octubre), el magac\u00edn de <strong>La Osa Producciones<\/strong> ha promediado entre un 10% y 11.2% de cuota semanal, suficiente para ser la segunda opci\u00f3n de la sobremesa pero no para alcanzar a <strong>Sue\u00f1os de libertad<\/strong>, la reina indiscutible de este tramo de la parrilla. Aun as\u00ed, las cifras del programa suponen una clara mejor\u00eda para La 1 en este tramo de la parrilla; sobre todo si tenemos en cuenta que, en sus peores d\u00edas con La familia de la tele, lleg\u00f3 a caer al sexto puesto con cifras inferiores al 6% de share y a verse superada <a href=\"https:\/\/www.eldiario.es\/vertele\/audiencias-tv\/martes-10-junio-2025-la-familia-de-la-tele-cae-ante-la-2-sexta-opcion-sobremesa-dominada-suenos-libertad_1_12373920.html\" target=\"_blank\" data-mrf-recirculation=\"links-noticia\" class=\"link\" rel=\"nofollow noopener\">hasta por La 2<\/a>.\n    <\/p>\n<p class=\"article-text\">\n        <strong>Audiencias por semanas de &#8216;Directo al grano&#8217; en La 1:<\/strong>\n    <\/p>\n<ul>\n<li>1\u00aa semana (15-19 septiembre): <strong>10.6% y 887.000<\/strong><\/li>\n<li>2\u00aa semana (22-26 septiembre): <strong>10% y 804.000<\/strong><\/li>\n<li>3\u00aa semana (29 sep-3 octubre): <strong>11% y 899.000<\/strong><\/li>\n<li>4\u00aa semana (6-9 octubre): <strong>11.2% y 878.000<\/strong><\/li>\n<\/ul>\n<p>            <img decoding=\"async\" class=\"lazy\" loading=\"lazy\" data-src=\"https:\/\/static.eldiario.es\/clip\/3bd04053-30bf-47fd-8c58-e9500c7ca42a_16-9-discover-aspect-ratio_default_0.jpg\" src=\"data:image\/svg+xml,%3Csvg xmlns=\" http:=\"\" viewbox=\"0 0 1200 675\" alt=\"Imagen de 'Directo al grano'\"\/><\/p>\n<p class=\"article-text\">\n        Por tanto, despu\u00e9s de mucho tiempo, las tardes de La 1 empiezan bien cada jornada en audiencias. Esto es algo que est\u00e1 agradeciendo <strong>Valle Salvaje<\/strong>, la oferta que va despu\u00e9s de Directo al grano. Es justo decir que la serie diaria de \u00e9poca ven\u00eda de marcar su m\u00e1ximo hist\u00f3rico en agosto (10.4%), pero tambi\u00e9n que ha sido en septiembre cuando ha cogido a\u00fan m\u00e1s impulso <strong>(11.4%)<\/strong> y ha pulverizado el r\u00e9cord que anot\u00f3 el mes anterior. Es decir, que Valle Salvaje est\u00e1 ahora mismo en su mejor momento, hasta el punto de que ya no es una sorpresa que lidere su franja de emisi\u00f3n, un honor que hasta hace &#8216;cuatro d\u00edas&#8217; solo estaba reservado, dentro de las ofertas de la tarde de La 1, a <strong>La Promesa<\/strong>.\n    <\/p>\n<p class=\"article-text\">\n        Esta \u00faltima sigue siendo la opci\u00f3n m\u00e1s competitiva de las tardes del canal (<strong>13.3%<\/strong> de media en septiembre). De hecho, el pasado jueves hizo su mejor cuota desde mayo (<a href=\"https:\/\/www.eldiario.es\/vertele\/audiencias-tv\/jueves-9-octubre-la-promesa-marca-record-temporada-encabeza-tarde-positiva-audiencias-rtve-la-1_1_12672591.html\" target=\"_blank\" data-mrf-recirculation=\"links-noticia\" class=\"link\" rel=\"nofollow noopener\">15.1%<\/a>) y con casi 700 cap\u00edtulos a sus espaldas no da s\u00edntomas de agotamiento. Tampoco el veterano <strong>Aqu\u00ed la Tierra<\/strong>, que viene de firmar algunos de sus mejores datos en m\u00e1s de un a\u00f1o (14% el d\u00eda 6) y de contribuir, en su escasa media hora de duraci\u00f3n, a que La 1 lograra en septiembre su <strong>mejor dato desde 2010 en las tardes laborables (11.4%)<\/strong>.\n    <\/p>\n<p>    Antena 3 domina la sobremesa y el final de la tarde<\/p>\n<p class=\"article-text\">\n        Antena 3 termin\u00f3 septiembre con solo medio punto de ventaja en este apartado <strong>(11.9%)<\/strong>, aunque esto no quiere decir necesariamente que haya cedido terreno, sino m\u00e1s bien que La 1 lo ha ganado por m\u00e9ritos propios. De hecho, los datos de las tres ofertas vespertinas de Atresmedia est\u00e1n dentro de su rendimiento habitual, por mucho que ahora tengan m\u00e1s competencia. <strong>Sue\u00f1os de libertad<\/strong> (13.8% de media en septiembre), por ejemplo, contin\u00faa dominando cada sobremesa y todav\u00eda no conoce la derrota este curso pese a la pujanza de Directo al grano. Tampoco <strong>Pasapalabra<\/strong> (20.7%), que rar\u00edsima vez baja del 20%, lo que hace de \u00e9l uno de los programas m\u00e1s vistos de la televisi\u00f3n nacional.\n    <\/p>\n<p class=\"article-text\">\n        Sin embargo, bien diferente es la situaci\u00f3n en la que se encuentra <strong>Y ahora Sonsoles<\/strong>, el magac\u00edn que va entre ambas opciones, que sigue siendo la oferta diaria de Antena 3 que cosecha las cuotas m\u00e1s bajas (10.9%). Esto es algo que el programa de <strong>Sonsoles \u00d3nega<\/strong> lleva tiempo arrastrando y que, hasta ahora, no hab\u00eda sido un gran problema para la cadena &#8216;naranja&#8217;, que lideraba cada d\u00eda con holgura gracias a la fuerza del resto de su programaci\u00f3n, ni para el propio magac\u00edn, que se ve\u00eda menos exigido por esta \u00faltima circunstancia.\n    <\/p>\n<p class=\"article-text\">\n        Sin embargo, hemos tenido d\u00edas en octubre en los que <strong>La 1 se ha quedado muy cerca de Antena 3 en el global<\/strong> (el pasado jueves, sin ir m\u00e1s lejos, a una sola d\u00e9cima: 13.7% vs 13.6%). Y de mantenerse en el tiempo estas distancias m\u00ednimas, ser\u00eda normal que el canal de Atresmedia moviera ficha de alguna manera, ya fuera lanzando novedades en su prime time o reforzando aquellos tramos de su parrilla que tengan mayor margen de mejora.\n    <\/p>\n<p>            <img decoding=\"async\" class=\"lazy\" loading=\"lazy\" data-src=\"https:\/\/static.eldiario.es\/clip\/5fa7f6ca-4d4c-4f7c-9e7e-f0ad15e721a8_16-9-discover-aspect-ratio_default_0.jpg\" src=\"data:image\/svg+xml,%3Csvg xmlns=\" http:=\"\" viewbox=\"0 0 1200 675\" alt=\"Daniel Tatay y Natalia S\u00e1nchez en una escena de 'Sue\u00f1os de libertad'\"\/><\/p>\n<p class=\"article-text\">\n        El que ocupa Y ahora Sonsoles (de 17:30 a 20:00h) es uno de ellos, de ah\u00ed que la situaci\u00f3n del formato sea m\u00e1s complicada que la de Sue\u00f1os de libertad y Pasapalabra. Aun as\u00ed, su posici\u00f3n no se ver\u00e1 comprometida, aparentemente, hasta que La 1 d\u00e9 el sorpasso a Antena 3 en las audiencias del mes y se instale una larga temporada en el liderato. Y para esto a\u00fan queda mucho, si es que acaba produci\u00e9ndose. De momento, la cadena p\u00fablica ha ido recortando distancias a pasos agigantados (<strong>-2.9 puntos en mayo, -1.5 en septiembre, -0.9 en lo que llevamos de octubre<\/strong>), pero a\u00fan debe seguir remando para demostrar que no ha tocado techo, algo que solo dir\u00e1 el paso del tiempo.\n    <\/p>\n<p>    Telecinco, hundida en el tramo central del d\u00eda<\/p>\n<p class=\"article-text\">\n        Mientras La 1 sue\u00f1a con dar caza a Antena 3, Telecinco ve muy lejos la contienda entre sus dos grandes rivales. El canal de <strong>Mediaset<\/strong> contin\u00faa en crisis y sin visos de mejorar a corto plazo, en parte por el pobre rendimiento que est\u00e1n ofreciendo actualmente sus tardes. Tras el final de S\u00e1lvame, la cadena de Fuencarral no ha hecho m\u00e1s que ir de mal en peor en esta franja, de la que <strong>Ana Rosa Quintana<\/strong> sali\u00f3 a finales de enero para volver a las ma\u00f1anas. Su anta\u00f1o compa\u00f1ero, <strong>Joaqu\u00edn Prat<\/strong>, ha hecho esta temporada el camino inverso para capitanear las nuevas sobremesas del canal con <strong>El tiempo justo<\/strong>.\n    <\/p>\n<p class=\"article-text\">\n        Instalarse \u201cpor los menos en los dos d\u00edgitos\u201d fue el objetivo que el presentador se marc\u00f3 al inicio de su nueva aventura, seg\u00fan reconoci\u00f3 el propio presentador <a href=\"https:\/\/www.eldiario.es\/vertele\/entrevistas\/joaquin-prat-el-tiempo-justo-telecinco-unico-quiero-asentarme-punetera-vez-asentar-producto-televisivo-mediaset-unicorn_1_12587043.html\" target=\"_blank\" data-mrf-recirculation=\"links-noticia\" class=\"link\" rel=\"nofollow noopener\">a verTele<\/a>. Sin embargo, pasado el primer mes de emisi\u00f3n, su programa solo ha sido capaz de alcanzar dicha barrera el d\u00eda de su estreno (10.1% el 8 de septiembre). Desde entonces se ha movido siempre por debajo, llegando a caer algunos d\u00edas a cifras inferiores al 8%. Por tanto, El tiempo justo no est\u00e1 mejorando las discretas audiencias de su predecesor, <strong>Tardear<\/strong>, lo que supone todo un problema para Telecinco.\n    <\/p>\n<p class=\"article-text\">\n        <strong>Audiencias semanales de &#8216;El tiempo justo&#8217; en Telecinco: <\/strong>\n    <\/p>\n<ul>\n<li>1\u00aa semana (8-12 septiembre): <strong>9.5% y 769.000<\/strong><\/li>\n<li>2\u00aa semana (15-19 septiembre): <strong>8.7% y 697.000<\/strong><\/li>\n<li>3\u00aa semana (22-26 septiembre): <strong>8.6% y 663.000<\/strong><\/li>\n<li>4\u00aa semana (29 sept-3 oct): <strong>8.6% y 672.000<\/strong><\/li>\n<li>5\u00aa semana (6-9 octubre): <strong>8.7% y 657.000<\/strong><\/li>\n<\/ul>\n<p>            <img decoding=\"async\" class=\"lazy\" loading=\"lazy\" data-src=\"https:\/\/static.eldiario.es\/clip\/1d5bafd3-a508-4203-97d1-3edb35e97cdf_16-9-discover-aspect-ratio_default_0.jpg\" src=\"data:image\/svg+xml,%3Csvg xmlns=\" http:=\"\" viewbox=\"0 0 1200 675\" alt=\"Joaqu\u00edn Prat, al frente de 'El tiempo justo'\"\/><\/p>\n<p class=\"article-text\">\n        Menos problem\u00e1tico es el rendimiento de <strong>El diario de Jorge<\/strong>, que viene de firmar su mejor semana desde mayo (11% de media hasta el jueves) y de celebrar sus 300 emisiones con <a href=\"https:\/\/www.eldiario.es\/vertele\/noticias\/diario-jorge-cumple-300-programas-telecinco-celebra-nueva-renovacion-mediaset_1_12673526.html\" target=\"_blank\" data-mrf-recirculation=\"links-noticia\" class=\"link\" rel=\"nofollow noopener\">una nueva renovaci\u00f3n<\/a> bajo el brazo. El talk show de <strong>Jorge Javier V\u00e1zquez<\/strong> (9% de media en septiembre) es el \u00fanico espacio vespertino de Telecinco que al menos llega al 10% de cuota de vez en cuando. Sus cifras no le dan para liderar su franja \u2014ah\u00ed manda La Promesa\u2014, pero s\u00ed para ser el menor de los problemas de su canal en el tramo central del d\u00eda.\n    <\/p>\n<p class=\"article-text\">\n        En el lado opuesto est\u00e1 <strong>Ag\u00e1rrate al sill\u00f3n<\/strong>, que a\u00fan no ha logrado despegar en audiencias ni mejorar a su predecesor,<strong> Reacci\u00f3n en cadena<\/strong>, pese a llevar ya cuatro meses en emisi\u00f3n.\n    <\/p>\n<p class=\"article-text\">\n        <strong>Audiencias por meses de &#8216;Ag\u00e1rrate al sill\u00f3n&#8217; en Telecinco:<\/strong>\n    <\/p>\n<ul>\n<li>Julio (14 emisiones): <strong>7.3% y 574.000<\/strong><\/li>\n<li>Agosto (19 emisiones): <strong>8.1% y 573.000<\/strong><\/li>\n<li>Septiembre (22 emisiones): <strong>7.9% y 649.000<\/strong><\/li>\n<li>Octubre (7 emisiones): <strong>8% y 718.000<\/strong><\/li>\n<\/ul>\n<p>    Las tardes de laSexta y Cuatro<\/p>\n<p class=\"article-text\">\n        Cerramos nuestro repaso a las tardes con el duelo de &#8216;hermanas peque\u00f1as&#8217; protagonizado por <strong>laSexta<\/strong> y <strong>Cuatro<\/strong>. La segunda cadena de Atresmedia cuenta, hoy por hoy, con la pareja vespertina m\u00e1s veterana de toda la parrilla: la formada por <strong>Zapeando<\/strong> y <strong>M\u00e1s vale tarde<\/strong>, que llevan m\u00e1s de una d\u00e9cada compartiendo espacio en la parrilla. Despu\u00e9s de tanto tiempo, es l\u00f3gico que ni el programa de humor (5.5% de media en septiembre) ni el magac\u00edn de actualidad (6.1%) pasen por su mejor momento, aunque tiene m\u00e9rito que uno y otro sigan, al menos, dando la cara.\n    <\/p>\n<p class=\"article-text\">\n        Sobre todo el programa de <strong>I\u00f1aki L\u00f3pez<\/strong> y <strong>Cristina Pardo<\/strong>, que cuenta a su favor con el poder de la actualidad pol\u00edtica, el cual le hace subir significativamente cuando se produce alguna noticia de gran relevancia. El formato de <strong>Dani Mateo<\/strong> no dispone de este &#8216;comod\u00edn&#8217;, pero s\u00ed del hecho de que, despu\u00e9s de 12 a\u00f1os en parrilla, poco se le puede exigir ya a estas alturas m\u00e1s all\u00e1 de que intente aguantar el tipo.\n    <\/p>\n<p>            <img decoding=\"async\" class=\"lazy\" loading=\"lazy\" data-src=\"https:\/\/static.eldiario.es\/clip\/4bbb2000-6517-4c67-a93c-8810dd7b8590_16-9-discover-aspect-ratio_default_0.jpg\" src=\"data:image\/svg+xml,%3Csvg xmlns=\" http:=\"\" viewbox=\"0 0 1200 675\" alt=\"I\u00f1aki L\u00f3pez y Cristina Pardo en 'M\u00e1s Vale Tarde'\"\/><\/p>\n<p class=\"article-text\">\n        En el caso de Cuatro, la segunda cadena de Mediaset tiene aqu\u00ed a uno de los programas punteros de su programaci\u00f3n diaria: <strong>Todo es mentira<\/strong>. El programa de <strong>Risto Mejide<\/strong> ha empezado el curso a un ritmo moderado para sus est\u00e1ndares (6.3% en septiembre), pero a\u00fan as\u00ed lo ha hecho por encima de la media de su canal (5.6% en dicho mes). Adem\u00e1s, cuenta con la misma ventaja que M\u00e1s vale tarde respecto al efecto que la actualidad pol\u00edtica puede producir en sus cifras, como bien demostr\u00f3 el pasado 4 de junio cuando marc\u00f3 su r\u00e9cord hist\u00f3rico (<a href=\"https:\/\/www.eldiario.es\/vertele\/audiencias-tv\/miercoles-4-junio-2025-la-familia-de-la-tele-roza-minimo-todo-es-mentira-marca-maximo-historico-entrevista-leire-diez_1_12358091.html\" target=\"_blank\" data-mrf-recirculation=\"links-noticia\" class=\"link\" rel=\"nofollow noopener\">10.1%<\/a>) con la entrevista a Leire D\u00edez, la conocida como &#8216;fontanera del PSOE&#8217;. Dos d\u00edas despu\u00e9s, Mediaset anunci\u00f3 la <a href=\"https:\/\/www.eldiario.es\/vertele\/noticias\/mediaset-espana-renueva-ano-mentira-exito-entrevista-leire-diez_1_12362896.html\" target=\"_blank\" data-mrf-recirculation=\"links-noticia\" class=\"link\" rel=\"nofollow noopener\">renovaci\u00f3n del programa<\/a> por un a\u00f1o m\u00e1s.\n    <\/p>\n<p>    <a href=\"https:\/\/www.eldiario.es\/vertele\/entrevistas\/diego-martin-sin-gluten-serie-estrategia-rtve-llegar-lqsa-queda-mecha-amazon-prime-video_1_12664570.html\" data-mrf-recirculation=\"saber-mas-abajo\" data-dl-event=\"saber-mas-abajo\" rel=\"nofollow noopener\" target=\"_blank\"><\/p>\n<p class=\"know-more__title\">Diego Mart\u00edn habla de la estrategia de RTVE con &#8216;Sin gluten&#8217; y valora llegar a &#8216;LQSA&#8217;: \u00abNo s\u00e9 si les queda m\u00e1s mecha\u00bb\n<\/p>\n<p>            <img decoding=\"async\" class=\"lazy\" loading=\"lazy\" data-src=\"https:\/\/static.eldiario.es\/clip\/586764bf-1e53-4408-be63-795834e08a3c_16-9-aspect-ratio_default_0.jpg\" src=\"data:image\/svg+xml,%3Csvg xmlns=\" http:=\"\" viewbox=\"0 0 880 495\" alt=\"Diego Mart\u00edn habla de la estrategia de RTVE con 'Sin gluten' y valora llegar a 'LQSA': &quot;No s\u00e9 si les queda m\u00e1s mecha&quot;\"\/><\/p>\n<p>                        <\/a><\/p>\n<p class=\"article-text\">\n        En cuanto a <strong>Lo sabe, no lo sabe<\/strong>, el concurso de <strong>Xuso Jones<\/strong> viene de firmar su mejor mes en cuota (5.3% en septiembre), por lo que se encuentra ahora mismo en un buen momento. Es cierto que sigue ligeramente por debajo de la media de Cuatro, pero sin duda le refuerza que haya comenzado la temporada a ritmo de r\u00e9cord. Veremos si lo deja en una mera an\u00e9cdota o consigue seguir creciendo a lo largo de la temporada, la segunda para el formato, que volvi\u00f3 a la cadena &#8216;roja&#8217; hace un a\u00f1o y tras otro once de ausencia.\n    <\/p>\n","protected":false},"excerpt":{"rendered":"No hace falta ni decir que la franja de tarde es una de las m\u00e1s importantes y codiciadas&hellip;\n","protected":false},"author":2,"featured_media":172493,"comment_status":"","ping_status":"","sticky":false,"template":"","format":"standard","meta":{"footnotes":""},"categories":[171],"tags":[4040,49868,8112,20690,36148,146,147,25,24,49869,6870,4284,922,518,1646,23,9747,692,214],"class_list":{"0":"post-172492","1":"post","2":"type-post","3":"status-publish","4":"format-standard","5":"has-post-thumbnail","7":"category-tv","8":"tag-antena-3","9":"tag-asi-va-lucha","10":"tag-crecimiento","11":"tag-directo-al-grano","12":"tag-el-tiempo-justo","13":"tag-entertainment","14":"tag-entretenimiento","15":"tag-es","16":"tag-espana","17":"tag-fulgurante","18":"tag-la-1","19":"tag-pasapalabra","20":"tag-revolucion","21":"tag-rtve","22":"tag-sonsoles","23":"tag-spain","24":"tag-tardes","25":"tag-telecinco","26":"tag-tv"},"share_on_mastodon":{"url":"","error":""},"_links":{"self":[{"href":"https:\/\/www.europesays.com\/es\/wp-json\/wp\/v2\/posts\/172492","targetHints":{"allow":["GET"]}}],"collection":[{"href":"https:\/\/www.europesays.com\/es\/wp-json\/wp\/v2\/posts"}],"about":[{"href":"https:\/\/www.europesays.com\/es\/wp-json\/wp\/v2\/types\/post"}],"author":[{"embeddable":true,"href":"https:\/\/www.europesays.com\/es\/wp-json\/wp\/v2\/users\/2"}],"replies":[{"embeddable":true,"href":"https:\/\/www.europesays.com\/es\/wp-json\/wp\/v2\/comments?post=172492"}],"version-history":[{"count":0,"href":"https:\/\/www.europesays.com\/es\/wp-json\/wp\/v2\/posts\/172492\/revisions"}],"wp:featuredmedia":[{"embeddable":true,"href":"https:\/\/www.europesays.com\/es\/wp-json\/wp\/v2\/media\/172493"}],"wp:attachment":[{"href":"https:\/\/www.europesays.com\/es\/wp-json\/wp\/v2\/media?parent=172492"}],"wp:term":[{"taxonomy":"category","embeddable":true,"href":"https:\/\/www.europesays.com\/es\/wp-json\/wp\/v2\/categories?post=172492"},{"taxonomy":"post_tag","embeddable":true,"href":"https:\/\/www.europesays.com\/es\/wp-json\/wp\/v2\/tags?post=172492"}],"curies":[{"name":"wp","href":"https:\/\/api.w.org\/{rel}","templated":true}]}}