{"id":172494,"date":"2025-10-12T20:16:24","date_gmt":"2025-10-12T20:16:24","guid":{"rendered":"https:\/\/www.europesays.com\/es\/172494\/"},"modified":"2025-10-12T20:16:24","modified_gmt":"2025-10-12T20:16:24","slug":"miley-cyrus-sobre-su-reconciliacion-con-su-padre-billy-ray-cyrus-nos-hablamos-con-una-cancion-20minutos","status":"publish","type":"post","link":"https:\/\/www.europesays.com\/es\/172494\/","title":{"rendered":"Miley Cyrus, sobre su reconciliaci\u00f3n con su padre, Billy Ray Cyrus: &quot;Nos hablamos con una canci\u00f3n&quot; &#8211; 20Minutos"},"content":{"rendered":"<ol>\n<li><a href=\"https:\/\/news.google.com\/rss\/articles\/CBMi1gFBVV95cUxPdlQ5TWlMQkFUODhpOWtpdVgzZ0VzZjZpblBRaHVOWUxrdWpuQ19JVzFaQ0pHNlBYMk1fR21odGdJSmxadTdwd180Ri13bDBpaHJuNTdPQm9wQ1VCWHMyeWNvY1lkd2NJSGdVTWwtdVI5Nlh0SENIZFNobG1XR1pzbHFPYXNEUzlmVTVJbDBBUUhLMENrRUttMXNsNFc4bUl2TXJYTlVPdGJlaHlIUUwtX0lNWVVoVkVxUzNMUGhZNENxXzE1RE5McHV4WXpNMm9pZkZlRXFn?oc=5\" target=\"_blank\" rel=\"nofollow noopener\">Miley Cyrus, sobre su reconciliaci\u00f3n con su padre, Billy Ray Cyrus: \u00abNos hablamos con una canci\u00f3n\u00bb<\/a>&nbsp;&nbsp;20Minutos<\/li>\n<li><a href=\"https:\/\/news.google.com\/rss\/articles\/CBMi8AFBVV95cUxNVWZIcmR4YllYOUU2aEM0ei1uR0hrYVRfY01ldmU3ZW4yVTdmQkZvald4TE50ZlhwYnBBcW9vU0VFQmdmbklWQWRVMXlNZ0VXXzN6SFV4Nm5saVl5NnZnSERBMUNCMHVRamUtTDlHVk82RElqOUVhZGFOcnJYWm5xNURFMWR3Qk5oMzE5N3ZtTFhSLXoxdTFzdDNSdzFPVGw4WkJKNWdQdThCV3RxZGZ1dEJFQnVFNmh5RDJTQ3BjR3JuY0ZxaThXRmEtQWxHeUdkSDVpVDNVR3hQR3JOamFYN2NDM0pUTjFtQ25qRC1zUGXSAYsCQVVfeXFMUHo5cVBnckJFNTlTSU93UzVQZG8xLURtNTNidzBGdnJiTFZLVjI1YVU3ZEF2MnpCTmlqTS13eHFyRWM5VUpaRDRCSjJxYmV6NW9sVDBHWFF3MDhmTDFWZU5FNmlzbENQSC1sMC15MmFNQ0QzMk1LTW41MUFZclo0SUdmcE9LYTlZYlR5TVFsbU53UGJYMVN4Vm9NM05fbS1TbktJUFRJNHROdHJwUnl4LVYwMVg0V0tyY1VCS0VINk5wdTRfdUpOekNEbndfRDZaOW0yQUltMXZpSFV0SmZSWDh0WkdIS2R4QkU2T2JVLXh6eDZLcmhBenhfdUFzTHE4TzNUcnJGeGlBeVNB?oc=5\" target=\"_blank\" rel=\"nofollow noopener\">Miley Cyrus revel\u00f3 que su padre Billy Ray llor\u00f3 cuando le dedic\u00f3 la canci\u00f3n \u201cSecrets\u201d tras su distanciamiento<\/a>&nbsp;&nbsp;Infobae<\/li>\n<li><a href=\"https:\/\/news.google.com\/rss\/articles\/CBMi9gFBVV95cUxPMFFMYUVsQnhTQkhkX1hwS0ZONHVhUGlpcUtDeHhQZ2d0NGFUSzhUa2R0ZXZEWXpUcnB5STFzci1Xc2hmNWN4Tl9EeHNMaHZjRWZfc1JwRlBuWlo4Z3V3NVFtRXFHakxtM3prQnVuMG91ZEdoRTNZNEY3dkdTeWtuS1hZM0t5RW5oUkEtbkZDYXpXVW9HSk9UZVUxTW1kQmNzUXJNc0xPaEN6Tms0Ymw0a1FJOUY4T1BjVjhRRkNOUko4V3JmR2RTT2hlcXNtb3hESEl3SDVleXNQT0h3eDVKMkFJbGF2cENUalFIeWhPZlE3ODZPa0HSAfYBQVVfeXFMTmtKcnB5UDlFOHdNcGtvNDc3dDEteWl3MndSbmVRR1VoWkdDOWxsS0M1UTliR2xxOG5GLWpaMFlYYjRJX2NnaEw2U2x6UU1EdXNZQjdqWGRWMFF6dE9nQVp1bEJnWGhKSFVtWUwwV0RObk1WTjNYaHdpZFdObi1DSXJQS3ZUOWZvbDVhcEFaeXc1NXNBYkJjMjVVemxhSWR0M1BmeVkyeDRIVTF4cVNzTG13V1cyVmZwbXg5czBhdnBwQkJaSzIxRUdPX21pRW1XakRGcmV5b0k3eDVPeUtDdmJRQnJRQ2daUzQzazVuTWw1SzV6NjhR?oc=5\" target=\"_blank\" rel=\"nofollow noopener\">Miley Cyrus revela c\u00f3mo se reconcili\u00f3 con su padre tras a\u00f1os distanciados gracias a una canci\u00f3n: \u00abMi pap\u00e1<\/a>&nbsp;&nbsp;Antena 3<\/li>\n<li><a href=\"https:\/\/news.google.com\/rss\/articles\/CBMi2gFBVV95cUxNS05jWEVxcG54SnhpR0lpbzFHR3RGaUFoX3Z5ei1MQ1VuX21Bcm5OQy1lVWxsWU14SWFoS1FMc2xBbUtTN1I5S1AxX0JGV0g1a0xSVkEyTVVmNDUyQ052TFNHNlhpcHhwaTVPMzhKSDJyX2JVa2Vhb0pDeHJLdlo1UlN4MURPVlZVOXNabkUzb2xhV1p1LXRobjV1eHUwUHRkMHQ2STNYNVYyRjF4ajdTby1Rb2tmQ0dLUF9RRThLMW1ndjZyejRFUzBERUhNSDMwUmVpdHRicjZEQdIB2gFBVV95cUxPMHpxVEdzbFhfUXFKWTc0SzN1ZGRtRy13ZXd0dnVZUGpxYjZrUEFDMmhJdkdLSC1aWW02bnFTRzcyd3p0RHV6c3pDb3VndHRLM1FkelVxcExKcHhucGduUV9GUnR0V0R5ZlU1TXBIRmxDcllNR0FuU2JNZHFPb01hbTJ3ZGpRenhocVkyS190d3Bzdno1RHdaeVh3bDNvYXZfZk9hbkh3a0FIU3VvOW9ENGhaQ2Y1bGxjRzRFTGRDY2pZY1dGbFlJZnZCQlRRZkh6b1NuR09YdElfdw?oc=5\" target=\"_blank\" rel=\"nofollow noopener\">Miley Cyrus se sincera sobre c\u00f3mo se produjo la reconciliaci\u00f3n con su padre, Billy Ray Cyrus: \u00abNo se ve mucho llorar a un padre\u00bb<\/a>&nbsp;&nbsp;MARCA<\/li>\n<li><a href=\"https:\/\/news.google.com\/rss\/articles\/CBMi1AFBVV95cUxPUDRwV2gxT3kyMUFuUWw5QUZFajk4elZNeDIwMl9GSV9mUjZCTU9ZTFZUaUpJTkJuOFBscjVPTWpKYXRRRlJ0MGNTdkdzcWhmend1ZnhMVUhqejluWTRQUUFHWUI3Y3RaOHpQWEhESkVYU2diRE5fWUdkSVN3MUd5eFVLLWU1WElJUm5GelV3aGdabUN3UGQ5T0Z3SURuanFvOHZMT1Boa3RiTkZabk1VZnlBZFhaWndHRHlaT3k0SGtnUXhiZGFhMy05U3BYOThnREo1UA?oc=5\" target=\"_blank\" rel=\"nofollow noopener\">Miley Cyrus revela la reacci\u00f3n de Billy Ray al escuchar la canci\u00f3n \u2018Secrets\u2019 tras su distanciamiento<\/a>&nbsp;&nbsp;KCH FM<\/li>\n<\/ol>\n","protected":false},"excerpt":{"rendered":"Miley Cyrus, sobre su reconciliaci\u00f3n con su padre, Billy Ray Cyrus: \u00abNos hablamos con una canci\u00f3n\u00bb&nbsp;&nbsp;20Minutos Miley Cyrus&hellip;\n","protected":false},"author":2,"featured_media":172495,"comment_status":"","ping_status":"","sticky":false,"template":"","format":"standard","meta":{"footnotes":""},"categories":[170],"tags":[25386,146,147,25,24,25385,184,185,10181,57,23,3271],"class_list":{"0":"post-172494","1":"post","2":"type-post","3":"status-publish","4":"format-standard","5":"has-post-thumbnail","7":"category-musica","8":"tag-cyrus","9":"tag-entertainment","10":"tag-entretenimiento","11":"tag-es","12":"tag-espana","13":"tag-miley","14":"tag-music","15":"tag-musica","16":"tag-reconciliacion","17":"tag-sobre","18":"tag-spain","19":"tag-su"},"share_on_mastodon":{"url":"","error":""},"_links":{"self":[{"href":"https:\/\/www.europesays.com\/es\/wp-json\/wp\/v2\/posts\/172494","targetHints":{"allow":["GET"]}}],"collection":[{"href":"https:\/\/www.europesays.com\/es\/wp-json\/wp\/v2\/posts"}],"about":[{"href":"https:\/\/www.europesays.com\/es\/wp-json\/wp\/v2\/types\/post"}],"author":[{"embeddable":true,"href":"https:\/\/www.europesays.com\/es\/wp-json\/wp\/v2\/users\/2"}],"replies":[{"embeddable":true,"href":"https:\/\/www.europesays.com\/es\/wp-json\/wp\/v2\/comments?post=172494"}],"version-history":[{"count":0,"href":"https:\/\/www.europesays.com\/es\/wp-json\/wp\/v2\/posts\/172494\/revisions"}],"wp:featuredmedia":[{"embeddable":true,"href":"https:\/\/www.europesays.com\/es\/wp-json\/wp\/v2\/media\/172495"}],"wp:attachment":[{"href":"https:\/\/www.europesays.com\/es\/wp-json\/wp\/v2\/media?parent=172494"}],"wp:term":[{"taxonomy":"category","embeddable":true,"href":"https:\/\/www.europesays.com\/es\/wp-json\/wp\/v2\/categories?post=172494"},{"taxonomy":"post_tag","embeddable":true,"href":"https:\/\/www.europesays.com\/es\/wp-json\/wp\/v2\/tags?post=172494"}],"curies":[{"name":"wp","href":"https:\/\/api.w.org\/{rel}","templated":true}]}}