{"id":172498,"date":"2025-10-12T20:19:13","date_gmt":"2025-10-12T20:19:13","guid":{"rendered":"https:\/\/www.europesays.com\/es\/172498\/"},"modified":"2025-10-12T20:19:13","modified_gmt":"2025-10-12T20:19:13","slug":"premios-levante-emv-salud-luis-marti-bonmati-con-la-ia-podremos-detectar-los-tumores-anos-antes-de-que-se-vean","status":"publish","type":"post","link":"https:\/\/www.europesays.com\/es\/172498\/","title":{"rendered":"PREMIOS LEVANTE-EMV SALUD | Luis Mart\u00ed Bonmat\u00ed: \u00abCon la IA podremos detectar los tumores a\u00f1os antes de que se vean\u00bb"},"content":{"rendered":"<p><img decoding=\"async\" src=\"https:\/\/www.europesays.com\/es\/wp-content\/uploads\/2025\/10\/1604ea8a-9ccc-4a17-8d84-5fb86d324b0d_alta-libre-aspect-ratio_default_0.jpg\" width=\"1200\" height=\"59\" alt=\"Cintillo Premios Levante 2025\" class=\"ft-helper-img-rd\" loading=\"lazy\" hasdataaida=\"true\"\/><\/p>\n<p class=\"ft-helper-fontColor-quaternary ft-helper-fontSize-body-S ft-helper-spacer-t-xxs\">Cintillo Premios Levante 2025  \/ ED<\/p>\n<p class=\"ft-text\">El director del <strong>\u00c1rea Cl\u00ednica de Imagen M\u00e9dica<\/strong> de <a class=\"ft-link ft-link--decoration\" href=\"https:\/\/www.levante-emv.com\/tags\/hospital-la-fe\/\" target=\"_blank\" rel=\"nofollow noopener\">La Fe<\/a>, <strong>Luis Mart\u00ed Bonmat\u00ed<\/strong>, suma un nuevo galard\u00f3n. El pr\u00f3ximo 15 de octubre recibir\u00e1 el <a class=\"ft-link ft-link--decoration\" href=\"https:\/\/www.levante-emv.com\/tags\/premios-levante-emv\/\" target=\"_blank\" rel=\"nofollow noopener\">Premio Levante-EMV 2025<\/a> en la categor\u00eda de <strong>Salud, <\/strong>patrocinado por Novotel Valencia,<strong> <\/strong>como reconocimiento a una <strong>larga trayectoria<\/strong> que le ha convertido en una eminencia en su campo, la <a class=\"ft-link ft-link--decoration\" href=\"https:\/\/www.levante-emv.com\/tags\/radiologia\/\" target=\"_blank\" rel=\"nofollow noopener\">radiolog\u00eda<\/a>, un \u00e1rea \u00ab<strong>clave en el diagn\u00f3stico, tratamiento y pron\u00f3stico del paciente<\/strong>\u00bb y que, sin embargo, no es una de las especialidades m\u00e1s demandadas por los <a class=\"ft-link ft-link--decoration\" href=\"https:\/\/www.levante-emv.com\/tags\/mir\/\" target=\"_blank\" rel=\"nofollow noopener\">MIR<\/a> (M\u00e9cico Interno Residente) ante el miedo de que el avance tecnol\u00f3gico y la intromisi\u00f3n de la Inteligencia Artificial (<a class=\"ft-link ft-link--decoration\" href=\"https:\/\/www.levante-emv.com\/tags\/ia\/\" target=\"_blank\" rel=\"nofollow noopener\">IA<\/a>) implique, a futuro, menos plazas y menos posibilidades de trabajo. Sin embargo, el doctor Mart\u00ed Bonmat\u00ed lo niega con rotundidad y explica que la radiolog\u00eda implica un <strong>\u00abreto cient\u00edfico y profesional\u00bb<\/strong> adem\u00e1s de una \u00abexcelente oportunidad para la docencia e investigaci\u00f3n\u00bb. Y coloca a la IA en el centro de la ecuaci\u00f3n.<\/p>\n<p class=\"ft-text\">\u00ab<strong>La IA permitir\u00e1 detectar tumores a\u00f1os antes de que se vean<\/strong>. Hasta ahora, las lesiones tumorales se detectan porque el c\u00e1ncer aparece y genera sintomatolog\u00eda. Pero ya hay muchas veces que observamos el interior de los \u00f3rganos y los tejidos y, aunque a\u00fan no detectamos las lesiones a simple vista, ya podemos observar cambios que nos permitir\u00edan establecer que existe un riesgo de tener un c\u00e1ncer o localizar esos cambios donde se va a desarrollar el c\u00e1ncer. Ese es uno de los papeles que tiene la IA: poder detectar esos cambios microestructurales, imperceptibles a la vista, pero que los ordenadores s\u00ed pueden detectar. Eso ya est\u00e1 en <strong>programas de detecci\u00f3n precoz <\/strong>de <a class=\"ft-link ft-link--decoration\" href=\"https:\/\/www.levante-emv.com\/tags\/cancer-de-mama\/\" target=\"_blank\" rel=\"nofollow noopener\">c\u00e1ncer de mama<\/a> donde la IA alerta de esos microcambios estructurales que permiten un cribado personalizado. Y eso que ya desarrollamos en mama es aplicable al pulm\u00f3n, a la pr\u00f3stata&#8230;\u00bb, explica el doctor Mart\u00ed Bonmat\u00ed.<\/p>\n<blockquote class=\"ft-mol-quote\" data-aida-quote=\"\"><p>\u00abLo que ya empleamos para el c\u00e1ncer de mama es aplicable al pulm\u00f3n o a la pr\u00f3stata\u00bb<\/p><\/blockquote>\n<p class=\"ft-text\">As\u00ed, el radi\u00f3logo explica que el uso de la IA es una realidad que permite \u00abconocer el estado de la mutaci\u00f3n dentro de un tumor lo que significa que se puede<strong> seleccionar un tratamiento espec\u00edfico<\/strong> y <strong>adelantar en 3 semanas ese tratamiento<\/strong>\u00bb.<\/p>\n<p class=\"ft-text\">El doctor gestiona a un equipo de 380 personas en el hospital La Fe y es cofundador de la empresa valenciana <strong>Quibim<\/strong>, de referencia internacional en <strong>biomarcadores de imagen y soluciones de IA<\/strong> para el diagn\u00f3stico. Pero, adem\u00e1s, es el encargado de la direcci\u00f3n cient\u00edfica de Infraestructura Europea de Im\u00e1genes de C\u00e1ncer (<strong>Eucaim<\/strong>) \u00abdonde uno de los objetivos es acelerar el proceso regulatorio de soluciones computacionales en IA aplicadas a la imagen\u00bb.<\/p>\n<p>M\u00e1s all\u00e1 de la \u00absala oscura\u00bb<\/p>\n<p class=\"ft-text\">El doctor Luis Mart\u00ed Bonmat\u00ed es de los profesionales que cree en un futuro diferente para su especialidad, donde el radi\u00f3logo \u00absalga de esa sala oscura\u00bb (donde los pacientes lo identifican) para <strong>participar de forma activa en el proceso cl\u00ednico<\/strong>.<\/p>\n<p class=\"ft-text\">\u00abEl radi\u00f3logo es un profesional que generalmente est\u00e1 sobresaturado de trabajo. No tiene tiempo m\u00e1s all\u00e1 de la lectura de las im\u00e1genes, de las exploraciones que se generan cada d\u00eda en los hospitales. En el hospital cada d\u00eda<strong> analizamos casi a 1.000 pacientes. <\/strong>Hace 20 a\u00f1os le\u00edamos la mitad de estudios y \u00e9ramos muchos m\u00e1s profesionales\u00bb, explica. Por eso, defiende la idea de la IA porque \u00abesas soluciones t\u00e9cnicas permitir\u00e1n hacer el trabajo de forma m\u00e1s eficiente y as\u00ed el radi\u00f3logo podr\u00e1 <strong>participar de forma activa<\/strong> en las pr\u00e1cticas cl\u00ednicas fuera de la sala donde informa de estudios radiol\u00f3gicos\u00bb.<\/p>\n<p class=\"ft-text\">Asegura que la <a class=\"ft-link ft-link--decoration\" href=\"https:\/\/www.levante-emv.com\/tags\/sanidad-publica\/\" target=\"_blank\" rel=\"nofollow noopener\">sanidad p\u00fablica valenciana<\/a> aprueba en cuanto a la equipaci\u00f3n, pero afirma que debe<strong> mejorar en el sistema de citaci\u00f3n. <\/strong>\u00abLos sistemas y programas de comunicaci\u00f3n hospitalaria, de datos y accesos, se dise\u00f1aron hace a\u00f1os y precisan de una renovaci\u00f3n. Complicar la actividad es muy f\u00e1cil y simplificarla es el reto que tenemos por delante. Y, de nuevo, en la tecnolog\u00eda est\u00e1 la clave\u00bb, concluye.<\/p>\n<p>Sin radi\u00f3logo, no hay diagn\u00f3stico<\/p>\n<p class=\"ft-text\">\u00abEl radi\u00f3logo tiene un peso important\u00edsimo en la sanidad. Para que sepamos qu\u00e9 es lo que le sucede a un paciente hay que estudiarlo con imagen. Las m\u00e1quinas obtienen las im\u00e1genes y los radi\u00f3logos son los encargados de analizarlas de forma correcta. La formaci\u00f3n es constante porque dedicamos a\u00f1os al estudio de c\u00f3mo extraer la mayor informaci\u00f3n posible de las im\u00e1genes\u00bb, explica el doctor Luis Mart\u00ed Bonmat\u00ed.<\/p>\n<p class=\"ft-text\">Respecto a las listas de espera, el experto asegura que en radiolog\u00eda y medicina nuclear \u00abprocuramos diferenciar el tiempo de espera de un primer diagn\u00f3stico y el de los seguimientos, es decir, cuando se marcan las pruebas de las revisiones\u00bb. \u00abActuamos lo m\u00e1s r\u00e1pido posible cuando la enfermedad es relevante, cr\u00edtica y hay que tomar tratamiento o realizar una intervenci\u00f3n. Pero hay otra realidad en esas revisiones peri\u00f3dicas. Hay sistemas de citaci\u00f3n que optimizan esos tiempos y ayudar a los radi\u00f3logos en las citaciones pero es cierto que los sistemas que tenemos no han evolucionado y deber\u00edan hacerlo\u00bb, explica.<\/p>\n","protected":false},"excerpt":{"rendered":"Cintillo Premios Levante 2025 \/ ED El director del \u00c1rea Cl\u00ednica de Imagen M\u00e9dica de La Fe, Luis&hellip;\n","protected":false},"author":2,"featured_media":172499,"comment_status":"","ping_status":"","sticky":false,"template":"","format":"standard","meta":{"footnotes":""},"categories":[92],"tags":[1547,1066,8106,12189,25,24,165,7820,10407,1817,49870,49623,49345,166,23,1077],"class_list":{"0":"post-172498","1":"post","2":"type-post","3":"status-publish","4":"format-standard","5":"has-post-thumbnail","7":"category-salud","8":"tag-bonmati","9":"tag-cancer","10":"tag-cancer-de-mama","11":"tag-comunitat-valenciana","12":"tag-es","13":"tag-espana","14":"tag-health","15":"tag-luis","16":"tag-marti","17":"tag-pacientes","18":"tag-premios-levante-2025-salud","19":"tag-premios-levante-emv","20":"tag-radiologia","21":"tag-salud","22":"tag-spain","23":"tag-tumores"},"share_on_mastodon":{"url":"","error":""},"_links":{"self":[{"href":"https:\/\/www.europesays.com\/es\/wp-json\/wp\/v2\/posts\/172498","targetHints":{"allow":["GET"]}}],"collection":[{"href":"https:\/\/www.europesays.com\/es\/wp-json\/wp\/v2\/posts"}],"about":[{"href":"https:\/\/www.europesays.com\/es\/wp-json\/wp\/v2\/types\/post"}],"author":[{"embeddable":true,"href":"https:\/\/www.europesays.com\/es\/wp-json\/wp\/v2\/users\/2"}],"replies":[{"embeddable":true,"href":"https:\/\/www.europesays.com\/es\/wp-json\/wp\/v2\/comments?post=172498"}],"version-history":[{"count":0,"href":"https:\/\/www.europesays.com\/es\/wp-json\/wp\/v2\/posts\/172498\/revisions"}],"wp:featuredmedia":[{"embeddable":true,"href":"https:\/\/www.europesays.com\/es\/wp-json\/wp\/v2\/media\/172499"}],"wp:attachment":[{"href":"https:\/\/www.europesays.com\/es\/wp-json\/wp\/v2\/media?parent=172498"}],"wp:term":[{"taxonomy":"category","embeddable":true,"href":"https:\/\/www.europesays.com\/es\/wp-json\/wp\/v2\/categories?post=172498"},{"taxonomy":"post_tag","embeddable":true,"href":"https:\/\/www.europesays.com\/es\/wp-json\/wp\/v2\/tags?post=172498"}],"curies":[{"name":"wp","href":"https:\/\/api.w.org\/{rel}","templated":true}]}}