{"id":172502,"date":"2025-10-12T20:21:08","date_gmt":"2025-10-12T20:21:08","guid":{"rendered":"https:\/\/www.europesays.com\/es\/172502\/"},"modified":"2025-10-12T20:21:08","modified_gmt":"2025-10-12T20:21:08","slug":"hallan-mas-evidencias-de-posible-vida-en-una-de-las-lunas-de-saturno-el-mundo","status":"publish","type":"post","link":"https:\/\/www.europesays.com\/es\/172502\/","title":{"rendered":"Hallan m\u00e1s evidencias de posible vida en una de las lunas de Saturno &#8211; El Mundo"},"content":{"rendered":"<ol>\n<li><a href=\"https:\/\/news.google.com\/rss\/articles\/CBMikAFBVV95cUxOTEU2dlVPeFFsc2h5aVVuVDRLSE1obl9jQXJVU0FVd0xwSk1wM0N5LVp3OU9kSWk4cERwTFVLN01oeDFqRVdWUGp1RnA4NlZOZlZ2Tmtod0h4azVBdG9FSUpfQ3ZRSXdDb2VIUkxFRWh4cm5qekl0MFhXNWJXakxIT295RVNRWnRXQWhYalZjdVXSAZABQVVfeXFMTlBXbXJhb2FhUjZoMHFGelBSWGlmdHVMMWJtbF90NjJBcVplcFRLanZTRElqX0pPTS1uNl8wT3BCblpUTmllcVVmZmdWZ3FwNmlLc1ZKWjJnMVlLRFplQTFyakpQQ1JjOFB5SnRRWUNCTlhVeE1TS292V056U2ltdHMyYnBiNUs0NThsS0NsYTNj?oc=5\" target=\"_blank\" rel=\"nofollow noopener\">Hallan m\u00e1s evidencias de posible vida en una de las lunas de Saturno<\/a>&nbsp;&nbsp;El Mundo<\/li>\n<li><a href=\"https:\/\/news.google.com\/rss\/articles\/CBMi2gFBVV95cUxNMmVUcHFlT2prWUpnQ3NObjkzQ25acExsUHU1bTVUXzhiNFpydG05QkdGcVhxcU96TDVhenFyRkk1NDF0MmJQa1FnOGRtX05PMzZBcWYwRFl5Qjc5RjJFQm9xZTZpRWdEX2FfZUtmQTJfTFRVZzBIOG1zanc1eENZSlJzZ2tlR0REdzdmRHN4OGphUG43T2dUckpna0VuanM5RW1YaWRBMHFnX3RGSDZLcHRDNTZRaG1NVXJvd0M0ZmhhN3hSUWF5NXBWM0NiQVJEZWItbUJTQWEwdw?oc=5\" target=\"_blank\" rel=\"nofollow noopener\">Se\u00f1ales org\u00e1nicas surgen del coraz\u00f3n helado de una luna de Saturno: \u00bfpistas inequ\u00edvoca de vida extraterrestre?<\/a>&nbsp;&nbsp;National Geographic Espa\u00f1a<\/li>\n<li><a href=\"https:\/\/news.google.com\/rss\/articles\/CBMi-gFBVV95cUxNZkFLUHYyRWNwbGZOVXk1UTRWQllyUnQ4OVJ2MFUtMkZmZWRGZFVMbVQ1MTBkSmRWU0xfN1RsQ1BIX1hoYUlHbHRCX3FGMVR6empXY2w0VVg5MVFPTms3TE9GdFFKOW1EaFhoMVN6dks3OWZXblBKU1NtYWZxMHpRQXZ0VUhJdmRaRXRGYmZFYUE5eTN1UUtwblJ6cGdXczNtNUVzZ3lPRV9lR0NxQ05TTEdIajl6S2tJNWEzdlpKTXVqQjlGcHJaaWg0NmEzT0Z1dkctZUJoUjVSYlN3SUlJN29vdV9WWHJUTWwydDVOMk0tWDhHdjRvMWpn0gGOAkFVX3lxTE0yNmZlMjEtVXhNZ2V2SlA1NVhnRGQ2NnVteGpaNHplTTBvUmwtQ3BCXzlsVnMtbXA4V1Z6Q18tVFhLX1lFTzRqYkRUS1B5UU16Nll3VEhydktFYmNpVUxNUmtCUTBkUEJqcl9lOWllMHBsTUxZeXd3WjhKOXFJbWotZEhkS1NiMUs5YTVyYXQ1ejc4RFJmaE12OHlYdXAxZ20yUGxBdzZaejN0TlkzcVhJUFlJMVhVUnZ4QWhDbi16VkY5dlRPS2lhNUZNaDFOaXExWmljMXhFc3hqS1JjTWlFTEpMTG9RMXNzYllRcWVUUV91a1NYNGVWOERoNkhuVlJyQnhBOUZGd1FUeUFRQQ?oc=5\" target=\"_blank\" rel=\"nofollow noopener\">Ni Marte ni Europa: el descubrimiento en esta luna de Saturno que confirma la gran sospecha sobre la vida<\/a>&nbsp;&nbsp;La Raz\u00f3n<\/li>\n<li><a href=\"https:\/\/news.google.com\/rss\/articles\/CBMi-AFBVV95cUxPNkxvTG1wQjUzV1ZRNHg5MndUVmV6Z1V4ZFZiV3p2NDZ4bF82Q2d6N3k3T3ZmaXNyeWd1a1M2aE15enhuM05ZWTNDdXduS3M2c18wTml1MndCNkNFbFllY0U5Yy1KNUltZm1rRUxoTGdxbE1lSWdSWkEyOFh1NGRkWHREazRIbkFsbkJfU3lldmJqanNwOEhPU1FOd2VFU2lTTHNNeTJJel9rNERLeGU5Zm5MbDZoa2l6NVJiTE93Q2t4YjJtUVh3NjdLUURnYnhzNW5PTF9KTFA5QVlWQVZ5MWY2bXNqcnBnR1lMMHA3M09va2pFeHhuRw?oc=5\" target=\"_blank\" rel=\"nofollow noopener\">Descubren un nuevo candidato a vida extraterrestre: no se trata de un planeta y est\u00e1 bajo el hielo<\/a>&nbsp;&nbsp;El Economista<\/li>\n<li><a href=\"https:\/\/news.google.com\/rss\/articles\/CBMisAFBVV95cUxPNmxZSFBZOGRtTkJXRVVHRkgwX1FldEJ1M2F3UC1NRzhZQUdLSWFsTVpSbkZoMnJnTHNMdDluSWZBaFZ4VVZSd2Nrbkl3eDNpZl9wbWQ0MW5mT2NXdVlQVW5XelVpMDZYM25xcVN6SFQ2aXJKWEp4eUVLR2ZZOThrU1o4aUwyWVM1LXNIdy1UTVFRbm5jMmFRdFU3OUVSakM3NzJqbFlGUTl1UjJKakRFSw?oc=5\" target=\"_blank\" rel=\"nofollow noopener\">Descubren componentes clave para la vida en una luna de Saturno<\/a>&nbsp;&nbsp;cadenagramonte.cu<\/li>\n<\/ol>\n","protected":false},"excerpt":{"rendered":"Hallan m\u00e1s evidencias de posible vida en una de las lunas de Saturno&nbsp;&nbsp;El Mundo Se\u00f1ales org\u00e1nicas surgen del&hellip;\n","protected":false},"author":2,"featured_media":172503,"comment_status":"","ping_status":"","sticky":false,"template":"","format":"standard","meta":{"footnotes":""},"categories":[81],"tags":[647,119,123,16627,124,25,24,117,121,122,23,118,120],"class_list":{"0":"post-172502","1":"post","2":"type-post","3":"status-publish","4":"format-standard","5":"has-post-thumbnail","7":"category-ciencia-y-tecnologia","8":"tag-astronomia","9":"tag-ciencia","10":"tag-ciencia-y-tecnologia","11":"tag-ciencia-y-salud-ciencia","12":"tag-cienciaytecnologia","13":"tag-es","14":"tag-espana","15":"tag-science","16":"tag-science-and-technology","17":"tag-scienceandtechnology","18":"tag-spain","19":"tag-technology","20":"tag-tecnologia"},"share_on_mastodon":{"url":"","error":""},"_links":{"self":[{"href":"https:\/\/www.europesays.com\/es\/wp-json\/wp\/v2\/posts\/172502","targetHints":{"allow":["GET"]}}],"collection":[{"href":"https:\/\/www.europesays.com\/es\/wp-json\/wp\/v2\/posts"}],"about":[{"href":"https:\/\/www.europesays.com\/es\/wp-json\/wp\/v2\/types\/post"}],"author":[{"embeddable":true,"href":"https:\/\/www.europesays.com\/es\/wp-json\/wp\/v2\/users\/2"}],"replies":[{"embeddable":true,"href":"https:\/\/www.europesays.com\/es\/wp-json\/wp\/v2\/comments?post=172502"}],"version-history":[{"count":0,"href":"https:\/\/www.europesays.com\/es\/wp-json\/wp\/v2\/posts\/172502\/revisions"}],"wp:featuredmedia":[{"embeddable":true,"href":"https:\/\/www.europesays.com\/es\/wp-json\/wp\/v2\/media\/172503"}],"wp:attachment":[{"href":"https:\/\/www.europesays.com\/es\/wp-json\/wp\/v2\/media?parent=172502"}],"wp:term":[{"taxonomy":"category","embeddable":true,"href":"https:\/\/www.europesays.com\/es\/wp-json\/wp\/v2\/categories?post=172502"},{"taxonomy":"post_tag","embeddable":true,"href":"https:\/\/www.europesays.com\/es\/wp-json\/wp\/v2\/tags?post=172502"}],"curies":[{"name":"wp","href":"https:\/\/api.w.org\/{rel}","templated":true}]}}