{"id":172505,"date":"2025-10-12T20:23:08","date_gmt":"2025-10-12T20:23:08","guid":{"rendered":"https:\/\/www.europesays.com\/es\/172505\/"},"modified":"2025-10-12T20:23:08","modified_gmt":"2025-10-12T20:23:08","slug":"lecornu-conforma-un-gobierno-en-francia-mas-tecnico-y-menos-macronista-para-intentar-salvar-la-censura-internacional","status":"publish","type":"post","link":"https:\/\/www.europesays.com\/es\/172505\/","title":{"rendered":"Lecornu conforma un gobierno en Francia m\u00e1s t\u00e9cnico y menos macronista para intentar salvar la censura | Internacional"},"content":{"rendered":"<p class=\"loc\">Madrid<\/p>\n<p>En una \u00faltima reuni\u00f3n celebrada la tarde de este domingo en el Palacio del El\u00edseo, el presidente Emmanuel Macron y el primer ministro S\u00e9bastien Lecornu han cerrado la lista definitiva de ministros que conformar\u00e1n el nuevo Ejecutivo. Se trata de un gabinete con un perfil m\u00e1s t\u00e9cnico y menos pol\u00edtico que el ef\u00edmero equipo presentado por Lecornu hace apenas una semana, cuya falta de apoyos parlamentarios provoc\u00f3 su dimisi\u00f3n en cuesti\u00f3n de horas.<\/p>\n<p>Algunos nombres se mantienen en sus cargos, como Roland Lescure en Econom\u00eda, Jean-No\u00ebl Barrot en Exteriores, G\u00e9rald Darmanin en Justicia y Rachida Dati en Cultura. Por su parte, Catherine Vautrin cambia de cartera y pasa de Trabajo a Defensa.<\/p>\n<p>Sin embargo, tambi\u00e9n se producen salidas de peso. El l\u00edder republicano Bruno Retailleau deja el Ministerio del Interior, que ahora ocupar\u00e1 Laurent Nu\u00f1ez, hasta ahora prefecto de Par\u00eds. Tambi\u00e9n abandona el gobierno la exprimera ministra \u00c9lisabeth Borne, mientras que la cartera de Educaci\u00f3n pasa a manos de \u00c9douard Geffray, exdirector general de ense\u00f1anza escolar. En el Ministerio de Ultramar, una cartera clave ante las pr\u00f3ximas elecciones en Nueva Caledonia, Manuel Valls ser\u00e1 sustituido por Na\u00efma Moutchou, diputada del partido centrista Horizons.<\/p>\n<p>El renombrado primer ministro ha querido presentar un Ejecutivo con mayor presencia de la sociedad civil y un enfoque m\u00e1s t\u00e9cnico. En el Ministerio de Transici\u00f3n Ecol\u00f3gica estar\u00e1 Monique Barbut, presidenta del WWF Francia, mientras que Jean-Pierre Farandou, exdirector de la red ferroviaria nacional SNCF, asumir\u00e1 la cartera de Trabajo.<\/p>\n<p>Con esta nueva configuraci\u00f3n, Macron y Lecornu buscan sortear el bloqueo parlamentario y recuperar la iniciativa pol\u00edtica en un momento especialmente delicado para el pa\u00eds, marcado por la incertidumbre institucional y la presi\u00f3n de la oposici\u00f3n.<\/p>\n<p><\/p>\n","protected":false},"excerpt":{"rendered":"Madrid En una \u00faltima reuni\u00f3n celebrada la tarde de este domingo en el Palacio del El\u00edseo, el presidente&hellip;\n","protected":false},"author":2,"featured_media":172506,"comment_status":"","ping_status":"","sticky":false,"template":"","format":"standard","meta":{"footnotes":""},"categories":[42],"tags":[17,18,13,14,4437,11,61,62,63,64,19,20,9,10,15,16,88,12,21,22,65,66,67],"class_list":{"0":"post-172505","1":"post","2":"type-post","3":"status-publish","4":"format-standard","5":"has-post-thumbnail","7":"category-internacional","8":"tag-breaking-news","9":"tag-breakingnews","10":"tag-featured-news","11":"tag-featurednews","12":"tag-government","13":"tag-headlines","14":"tag-internacional","15":"tag-international","16":"tag-international-news","17":"tag-internationalnews","18":"tag-latest-news","19":"tag-latestnews","20":"tag-news","21":"tag-noticias","22":"tag-noticias-destacadas","23":"tag-noticiasdestacadas","24":"tag-politics","25":"tag-titulares","26":"tag-ultimas-noticias","27":"tag-ultimasnoticias","28":"tag-world","29":"tag-world-news","30":"tag-worldnews"},"share_on_mastodon":{"url":"","error":""},"_links":{"self":[{"href":"https:\/\/www.europesays.com\/es\/wp-json\/wp\/v2\/posts\/172505","targetHints":{"allow":["GET"]}}],"collection":[{"href":"https:\/\/www.europesays.com\/es\/wp-json\/wp\/v2\/posts"}],"about":[{"href":"https:\/\/www.europesays.com\/es\/wp-json\/wp\/v2\/types\/post"}],"author":[{"embeddable":true,"href":"https:\/\/www.europesays.com\/es\/wp-json\/wp\/v2\/users\/2"}],"replies":[{"embeddable":true,"href":"https:\/\/www.europesays.com\/es\/wp-json\/wp\/v2\/comments?post=172505"}],"version-history":[{"count":0,"href":"https:\/\/www.europesays.com\/es\/wp-json\/wp\/v2\/posts\/172505\/revisions"}],"wp:featuredmedia":[{"embeddable":true,"href":"https:\/\/www.europesays.com\/es\/wp-json\/wp\/v2\/media\/172506"}],"wp:attachment":[{"href":"https:\/\/www.europesays.com\/es\/wp-json\/wp\/v2\/media?parent=172505"}],"wp:term":[{"taxonomy":"category","embeddable":true,"href":"https:\/\/www.europesays.com\/es\/wp-json\/wp\/v2\/categories?post=172505"},{"taxonomy":"post_tag","embeddable":true,"href":"https:\/\/www.europesays.com\/es\/wp-json\/wp\/v2\/tags?post=172505"}],"curies":[{"name":"wp","href":"https:\/\/api.w.org\/{rel}","templated":true}]}}