{"id":172509,"date":"2025-10-12T20:25:19","date_gmt":"2025-10-12T20:25:19","guid":{"rendered":"https:\/\/www.europesays.com\/es\/172509\/"},"modified":"2025-10-12T20:25:19","modified_gmt":"2025-10-12T20:25:19","slug":"triple-recompensa-para-espana-en-el-campeonato-de-europa-de-beach-sprint-posts","status":"publish","type":"post","link":"https:\/\/www.europesays.com\/es\/172509\/","title":{"rendered":"TRIPLE RECOMPENSA PARA ESPA\u00d1A EN EL CAMPEONATO DE EUROPA DE BEACH SPRINT | Posts"},"content":{"rendered":"<p class=\"MsoNormal\" style=\"margin-bottom:0cm;text-align:justify;\"><strong>La selecci\u00f3n espa\u00f1ola cierra la cita continental de Turqu\u00eda con una plata y dos bronces, adem\u00e1s de dos cuartos puestos, en las pruebas de la nueva modalidad ol\u00edmpica de velocidad<\/strong><\/p>\n<p class=\"MsoNormal\" style=\"margin-bottom:0cm;text-align:center;\"><strong>\u00a0<\/strong><\/p>\n<p style=\"margin:0cm;text-align:justify;\"><a href=\"https:\/\/worldrowing.com\/event\/2025-european-rowing-coastal-and-beach-sprint-championships\/?tab=news\" rel=\"nofollow noopener\" target=\"_blank\"><strong>WEB OFICIAL<\/strong><\/a> <\/p>\n<p style=\"margin:0cm;text-align:justify;\"><a href=\"https:\/\/2025erantalya.rowtiming.com\/details.php?url=.\/results_pdf\/351___12-10-2025___European%20Rowing%20Coastal%20and%20Beach%20Sprint%20Championships\/\" rel=\"nofollow noopener\" target=\"_blank\"><strong>RESULTADOS<\/strong><\/a><\/p>\n<p style=\"margin:0cm;text-align:justify;\"><a href=\"https:\/\/drive.google.com\/drive\/folders\/1tkUxFLTsUMthPgFIxm8Ti9R7gFl6KXQo?usp=drive_link\" rel=\"nofollow noopener\" target=\"_blank\"><strong>GALER\u00cdA FOTOGR\u00c1FICA<\/strong><\/a><\/p>\n<p style=\"margin:0cm;text-align:justify;\">\u00a0<\/p>\n<p class=\"MsoNormal\" style=\"text-align:justify;\">Los Campeonatos de Europa de remo de mar han finalizado en Turqu\u00eda con tres nuevas medallas para la selecci\u00f3n espa\u00f1ola, que ha vuelto a confirmar su potencial en la nueva disciplina ol\u00edmpica. Despu\u00e9s de lograr ocho metales en las pruebas de resistencia o larga distancia, cuyas finales se disputaban el viernes, la modalidad beach sprint ha deparado una plata y dos bronces para los representantes del equipo nacional.<\/p>\n<p class=\"MsoNormal\" style=\"text-align:justify;\">Con seis tripulaciones inscritas en cada una de las modalidades del programa, la competici\u00f3n ha concluido en las aguas mediterr\u00e1neas de Manavgat con el 50% de la recompensa para Espa\u00f1a. Y la cosecha pudo ser incluso mayor despu\u00e9s de no aprovechar la oportunidad en las dos finales de consolaci\u00f3n disputadas por los remeros de la FAR, saldadas con dos cuartos puestos. <\/p>\n<p class=\"MsoNormal\" style=\"text-align:justify;\">La primera medalla del Europeo beach sprint, en la que los deportista afrontan 500 metros de recorrido en el agua (250 de ida y otros tantos de vuelta) partiendo a la carrera desde la orilla y regresando posteriormente a pie al punto de salida, llegaba por medio del alicantino <strong>Ander Mart\u00edn (Real Club N\u00e1utico Torrevieja)<\/strong>, que se proclamaba <strong>subcampe\u00f3n<\/strong> tras caer en la gran final, por s\u00f3lo 8 d\u00e9cimas, ante el brit\u00e1nico James Cox. \u00c9ste aprovechaba un error en la subida a la embarcaci\u00f3n de su rival para obtener una ventaja inicial a la postre insalvable por Ander Mart\u00edn a pesar de su reacci\u00f3n final, para ceder con un tiempo de 2:25.87, por el 2:25.07 del vencedor.<\/p>\n<p class=\"MsoNormal\" style=\"text-align:justify;\">Ander Mart\u00edn, que para llegar a la final ten\u00eda que pasar por dos eliminatorias de toma de tiempos y derrotar en octavos, cuartos y semifinales a los representantes de Croacia, Alemania y Lituania, respectivamente, a\u00f1ade esta plata a un palmar\u00e9s que incluye dos oros y otra plata m\u00e1s en Campeonatos de Europa y cinco oros y dos bronces mundiales entre las disciplinas de remo de mar y beach sprint. <\/p>\n<p class=\"MsoNormal\" style=\"text-align:justify;\">Posteriormente, en la prueba femenina de solo, la malague\u00f1a <strong>Teresa D\u00edaz (Real Club Mediterr\u00e1neo de M\u00e1laga)<\/strong> se colgaba la medalla de <strong>bronce<\/strong>, para lo que ten\u00eda que superar en la final B a la representante francesa Helene Lefebvre con tiempos de 2:41.77 y 2:53.80. La andaluza, que en semifinales ca\u00eda con la austr\u00edaca Magdalena Lobnig, que luego se colgar\u00eda el oro, acced\u00eda a las eliminatorias tras ser cuarta en los trials, superando a continuaci\u00f3n a Noruega y Lituania en las rondas siguientes.<\/p>\n<p class=\"MsoNormal\" style=\"text-align:justify;\">La tercera medalla espa\u00f1ola en el Europeo llegaba en doble mixto juvenil. Y con suspense. Porque los alicantinos<strong> Xavier Torres (Club N\u00e1utico Santa Pola) y Elia Jord\u00e1 (Clot de L\u2019Illot El Campello),<\/strong> terceros en la primera ronda y verdugos de un bote con bandera neutral y de Suiza en octavos y cuartos, cayendo en semis con Austria, plata tras los anfitriones, se aprovechaban de un error del representante h\u00fangaro en la final B a la hora de confirmar su llegada en el pulsador situado en el arco de meta para colgarse el <strong>bronce<\/strong>, certificado por cinco d\u00e9cimas (2:30.22 y 2:30.77).<\/p>\n<p class=\"MsoNormal\" style=\"text-align:justify;\">Por el contrario, en la categor\u00eda juvenil, para deportistas sub19, los representantes espa\u00f1oles se quedaban a las puertas de las medallas en las dos pruebas individuales, en las que lograban la cuarta plaza, aunque en circunstancias bien diferentes. Por un lado, el alicantino Nacho Ram\u00f3n-Borja Garc\u00eda (Club de Mar Clot de L\u2019illot El Campello) no pudo disputar la final B por una indisposici\u00f3n que le hizo remar en solitario a su oponente por el bronce, el checo Lukas Krizek.<\/p>\n<p class=\"MsoNormal\" style=\"text-align:justify;\">Con anterioridad, el espa\u00f1ol hab\u00eda superado la ronda preliminar con el mejor cuarto tiempo y derrotado en octavos y cuartos de final a los representantes de Polonia e Italia, cediendo en semifinales ante el estonio Marcus Viks, finalmente subcampe\u00f3n ante el brit\u00e1nico Sol Chamberlain-Hyde.<\/p>\n<p class=\"MsoNormal\" style=\"text-align:justify;\">Por su parte, la gaditana Alejandra Garc\u00eda (Club Remo de Mar La L\u00ednea) era cuarta tras caer en la final de consolaci\u00f3n ante la austr\u00edaca Marlene Kuehr con tiempos de 2:57.87 y 3:09.29. La andaluza, que en semifinales ca\u00eda ante la rusa Aleksandra Grigoreva, plata ante la italiana Mar\u00eda Lanciano, iniciaba el Europeo con el tercer mejor crono en la ronda preliminar para superar luego en octavos y cuartos a los remeras de Croacia y Alemania.\u00a0 <\/p>\n<p class=\"MsoNormal\" style=\"text-align:justify;\">Y para cerrar la participaci\u00f3n espa\u00f1ola en el Campeonato de Europa beach sprint, el doble mixto absoluto del andaluz Adri\u00e1n Miram\u00f3n (Raspas del Embarcadero) y la alicantina Nadia Felipe (Clot de L\u2019Illot El Campello) se desped\u00eda de manera sorpresiva en los cuartos de final despu\u00e9s de quedar eliminado en cuartos de final ante Portugal (2:21.70 y 2:28.12). Para alcanzar dicha ronda, la dupla nacional hab\u00eda sido quinta en la toma de tiempos inicial, derrotando a Finlandia en los octavos de final.<\/p>\n<p class=\"MsoNormal\" style=\"text-align:justify;\">\u00a0<\/p>\n<p class=\"MsoNormal\" style=\"text-align:justify;\">\u00a0<\/p>\n<p class=\"MsoNormal\" style=\"text-align:justify;\">\u00a0<\/p>\n","protected":false},"excerpt":{"rendered":"La selecci\u00f3n espa\u00f1ola cierra la cita continental de Turqu\u00eda con una plata y dos bronces, adem\u00e1s de dos&hellip;\n","protected":false},"author":2,"featured_media":172510,"comment_status":"","ping_status":"","sticky":false,"template":"","format":"standard","meta":{"footnotes":""},"categories":[5],"tags":[13360,17,18,43397,25,24,13,14,11,19,20,43398,9,10,15,16,23,3020,12,18524,21,22],"class_list":{"0":"post-172509","1":"post","2":"type-post","3":"status-publish","4":"format-standard","5":"has-post-thumbnail","7":"category-titulares","8":"tag-awards","9":"tag-breaking-news","10":"tag-breakingnews","11":"tag-clupik","12":"tag-es","13":"tag-espana","14":"tag-featured-news","15":"tag-featurednews","16":"tag-headlines","17":"tag-latest-news","18":"tag-latestnews","19":"tag-medals","20":"tag-news","21":"tag-noticias","22":"tag-noticias-destacadas","23":"tag-noticiasdestacadas","24":"tag-spain","25":"tag-sport","26":"tag-titulares","27":"tag-tournament","28":"tag-ultimas-noticias","29":"tag-ultimasnoticias"},"share_on_mastodon":{"url":"","error":""},"_links":{"self":[{"href":"https:\/\/www.europesays.com\/es\/wp-json\/wp\/v2\/posts\/172509","targetHints":{"allow":["GET"]}}],"collection":[{"href":"https:\/\/www.europesays.com\/es\/wp-json\/wp\/v2\/posts"}],"about":[{"href":"https:\/\/www.europesays.com\/es\/wp-json\/wp\/v2\/types\/post"}],"author":[{"embeddable":true,"href":"https:\/\/www.europesays.com\/es\/wp-json\/wp\/v2\/users\/2"}],"replies":[{"embeddable":true,"href":"https:\/\/www.europesays.com\/es\/wp-json\/wp\/v2\/comments?post=172509"}],"version-history":[{"count":0,"href":"https:\/\/www.europesays.com\/es\/wp-json\/wp\/v2\/posts\/172509\/revisions"}],"wp:featuredmedia":[{"embeddable":true,"href":"https:\/\/www.europesays.com\/es\/wp-json\/wp\/v2\/media\/172510"}],"wp:attachment":[{"href":"https:\/\/www.europesays.com\/es\/wp-json\/wp\/v2\/media?parent=172509"}],"wp:term":[{"taxonomy":"category","embeddable":true,"href":"https:\/\/www.europesays.com\/es\/wp-json\/wp\/v2\/categories?post=172509"},{"taxonomy":"post_tag","embeddable":true,"href":"https:\/\/www.europesays.com\/es\/wp-json\/wp\/v2\/tags?post=172509"}],"curies":[{"name":"wp","href":"https:\/\/api.w.org\/{rel}","templated":true}]}}