{"id":172513,"date":"2025-10-12T20:27:06","date_gmt":"2025-10-12T20:27:06","guid":{"rendered":"https:\/\/www.europesays.com\/es\/172513\/"},"modified":"2025-10-12T20:27:06","modified_gmt":"2025-10-12T20:27:06","slug":"los-hados-se-posaron-en-las-ventas-en-un-magico-festival-para-honrar-al-viejo-maestro-antonete","status":"publish","type":"post","link":"https:\/\/www.europesays.com\/es\/172513\/","title":{"rendered":"Los hados se posaron en Las Ventas en un m\u00e1gico Festival para honrar al viejo maestro Anto\u00f1ete"},"content":{"rendered":"<p>La plaza de Las Ventas con las localidades agotadas, el fervor, el clima, los corazones que lat\u00edan m\u00e1s fuerte.<\/p>\n<p>Nada m\u00e1s aparecer por la puerta de cuadrillas el septeto recibi\u00f3 una atronadora ovaci\u00f3n . Al terminar el paseillo fueron obligados a saludar.<\/p>\n<p>Con vestido campero, el maestro Pablo Hermoso como hacedor de maravillas con los caballos nos deleit\u00f3   con la frescura de su toreo en el que no faltaron ni la colocaci\u00f3n de las banderillas en todo lo alto ni el clasicismo ; vinieron las hermosinas de su invenci\u00f3n\u2026pero la suerte suprema emborron\u00f3 una faena llena de motivos para la alegria ahora que quien le sucede, Guillermo, sigue los pasos del estell\u00e9s..<\/p>\n<p>Ovaci\u00f3n<\/p>\n<p>A media ma\u00f1ana sali\u00f3 el primer novillo toro para los toreros de a pie, y el maestro Curro V\u00e1zquez dibuja una media ver\u00f3nica que es todo un poema adosado de lances echando el capote alante \u2026Surgi\u00f3 ese toreo inmarchitable , esos dones del temple, esos pases por ambos pitones trayendo al toro desde all\u00e1 y todo con una cadencia que es pura m\u00fasica.<\/p>\n<p>Entra la espada y el clamor de las dos orejas tiene eco en el palco que coloca los dos pa\u00f1uelos en el antepecho de la barrera del presidente.<\/p>\n<p>Frascuelo es torero de Madrid y pese a sus a\u00f1os y a estar en forma no se cuenta con \u00e9l.<\/p>\n<p>Tuvo esos detalles de lidia a la vieja usanza, un educado saber estar y ser . La espada no cae correctamente, pero le obligan a dar una vuelta al ruedo.<\/p>\n<p>( El cuarto bis, el primero fue devuelto por burriciego. Yaz hemos hecho cr\u00f3nica aparte de la generosa actuaci\u00f3n del maestro Rinc\u00f3n )<\/p>\n<p>Ponce con esos detalles del torero cl\u00e1sico, esas chicuelinas a la manera del maestro Camino, sus poncinas, los remates de los forzados de pecho, el toreo por abajo, las trincherillas. Todo naturalidad. Todo con ese ritmo que sabe imprimirle a sus faenas el de Chiva.<\/p>\n<p>Oreja. <\/p>\n<p>Morante en estado puro.<\/p>\n<p>Lidi\u00f3 un toro ensabanao de Osborne que nos record\u00f3 aquel toro blanco de Madrid del 66 que encumbr\u00f3 a Anto\u00f1ete. Qu\u00e9 homenaje del torero de La Puebla.<\/p>\n<p>4 ver\u00f3nicas jaleadas y la media marca de la casa.<\/p>\n<p>Ayudados por alto, otro de mano baja. El Osborne no humilla. Naturales de limpieza inmaculada\u2026.<\/p>\n<p>Oreja tras la suerte suprema.<\/p>\n<p>La novillera Olga Casado demostr\u00f3 que atesora dones, que conoce los rudimentos del oficio y mucha personalidad.<\/p>\n<p>Las gaoneras resultaron adecuadas..<\/p>\n<p>Brind\u00f3 a sus compa\u00f1eros del Festival.<\/p>\n<p>Comenz\u00f3 por estatuarios y uno sentido por abajo, todo jaleado por una entregada plaza.<\/p>\n<p>Cita en la media distancia , el novillo se le cuela, la chica no se inmuta y vienen mas pases por el derecho y por el izquierdo.<\/p>\n<p>Mata bien , dos orejas y sale en hombros con Curro V\u00e1zquez y C\u00e9sar Rinc\u00f3n<\/p>\n","protected":false},"excerpt":{"rendered":"La plaza de Las Ventas con las localidades agotadas, el fervor, el clima, los corazones que lat\u00edan m\u00e1s&hellip;\n","protected":false},"author":2,"featured_media":172514,"comment_status":"","ping_status":"","sticky":false,"template":"","format":"standard","meta":{"footnotes":""},"categories":[277],"tags":[373,168,25,24,23,167,374],"class_list":{"0":"post-172513","1":"post","2":"type-post","3":"status-publish","4":"format-standard","5":"has-post-thumbnail","7":"category-toreo","8":"tag-bullfighting","9":"tag-deportes","10":"tag-es","11":"tag-espana","12":"tag-spain","13":"tag-sports","14":"tag-toreo"},"share_on_mastodon":{"url":"","error":""},"_links":{"self":[{"href":"https:\/\/www.europesays.com\/es\/wp-json\/wp\/v2\/posts\/172513","targetHints":{"allow":["GET"]}}],"collection":[{"href":"https:\/\/www.europesays.com\/es\/wp-json\/wp\/v2\/posts"}],"about":[{"href":"https:\/\/www.europesays.com\/es\/wp-json\/wp\/v2\/types\/post"}],"author":[{"embeddable":true,"href":"https:\/\/www.europesays.com\/es\/wp-json\/wp\/v2\/users\/2"}],"replies":[{"embeddable":true,"href":"https:\/\/www.europesays.com\/es\/wp-json\/wp\/v2\/comments?post=172513"}],"version-history":[{"count":0,"href":"https:\/\/www.europesays.com\/es\/wp-json\/wp\/v2\/posts\/172513\/revisions"}],"wp:featuredmedia":[{"embeddable":true,"href":"https:\/\/www.europesays.com\/es\/wp-json\/wp\/v2\/media\/172514"}],"wp:attachment":[{"href":"https:\/\/www.europesays.com\/es\/wp-json\/wp\/v2\/media?parent=172513"}],"wp:term":[{"taxonomy":"category","embeddable":true,"href":"https:\/\/www.europesays.com\/es\/wp-json\/wp\/v2\/categories?post=172513"},{"taxonomy":"post_tag","embeddable":true,"href":"https:\/\/www.europesays.com\/es\/wp-json\/wp\/v2\/tags?post=172513"}],"curies":[{"name":"wp","href":"https:\/\/api.w.org\/{rel}","templated":true}]}}