{"id":172517,"date":"2025-10-12T20:32:10","date_gmt":"2025-10-12T20:32:10","guid":{"rendered":"https:\/\/www.europesays.com\/es\/172517\/"},"modified":"2025-10-12T20:32:10","modified_gmt":"2025-10-12T20:32:10","slug":"horarios-cuando-es-y-donde-ver-la-carrera-de-alonso-y-sainz-en-austin","status":"publish","type":"post","link":"https:\/\/www.europesays.com\/es\/172517\/","title":{"rendered":"horarios, cu\u00e1ndo es y d\u00f3nde ver la carrera de Alonso y Sainz en Austin"},"content":{"rendered":"<p data-mrf-recirculation=\"Links P\u00e1rrafos\" class=\"ue-c-article__paragraph paragraph ue-c-article--first-letter-highlighted\">Tras una semana de par\u00f3n, la <strong>F1 <\/strong>regresa en el marco de la <strong>19\u00ba fecha del calendario<\/strong>. El &#8216;Gran Circo&#8217; aterriza en los <strong>Estados Unidos<\/strong> por segunda ocasi\u00f3n en el a\u00f1o. Despu\u00e9s de la carrera en <strong>Miami<\/strong>, es <strong>Austin <\/strong>la localidad agendada para protagonizar una nueva jornada en la recta final de la campa\u00f1a. <strong>El Circuito de las Am\u00e9ricas<\/strong> ser\u00e1 el encargado, del <strong>17 al 19 de octubre<\/strong>, de escribir un cap\u00edtulo m\u00e1s en la emocionante batalla por el t\u00edtulo.\u00a0<\/p>\n<p data-mrf-recirculation=\"Links P\u00e1rrafos\" class=\"ue-c-article__paragraph paragraph\">El trazado norteamericano tendr\u00e1 muy dif\u00edcil igualar lo inesperado que fue la \u00faltima carrera de la temporada. <strong>Las calles de Marina Bay<\/strong> fueron testigos del dominio de<strong> George Russell en Singapur.<\/strong> El piloto de <strong>Mercedes <\/strong>conquist\u00f3 su segunda victoria de la temporada tras dominar de principio a fin la cita dominical. <strong>Max Verstappen (2\u00ba) y Lando Norris (3\u00ba)<\/strong> fueron los encargados de cerrar el podio, mientras la carrera por el campeonato contin\u00faa ajust\u00e1ndose cada vez m\u00e1s.\u00a0<\/p>\n<p>Clasificaci\u00f3n de la F1 tras el GP de Singapur<\/p>\n<p data-mrf-recirculation=\"Links P\u00e1rrafos\" class=\"ue-c-article__paragraph paragraph\">Pese a los inesperado del resultado, las 10 primeras posiciones de la clasificaci\u00f3n general permanecieron intactas. <strong>Norris <\/strong>le rebaj\u00f3 tres puntos a <strong>Piastri <\/strong>en lo m\u00e1s alto, mientras que <strong>&#8216;Mad Max&#8217;<\/strong> contin\u00faa asomando en una posible triple batalla por el t\u00edtulo. Mientras tanto, <strong>George Russell<\/strong> contin\u00faa abriendo la brecha con los <strong>Ferrari <\/strong>en la cuarta posici\u00f3n, adentr\u00e1ndose cada vez m\u00e1s en &#8216;tierra de nadie&#8217;.<\/p>\n<p><img decoding=\"async\" width=\"960\" height=\"1200\" class=\"ue-c-article__image lazyload\" alt=\"As\u00ed va el Mundial tras el GP de Singapur.\" loading=\"lazy\" src=\"https:\/\/www.europesays.com\/es\/wp-content\/uploads\/2025\/10\/68ea4291c3483.jpeg\"\/><\/p>\n<p>As\u00ed va el Mundial tras el GP de Singapur.@F1<\/p>\n<p data-mrf-recirculation=\"Links P\u00e1rrafos\" class=\"ue-c-article__paragraph paragraph\">El &#8216;<strong>SF-25<\/strong>&#8216; demostr\u00f3 una jornada m\u00e1s que no est\u00e1 para grandes cosas este a\u00f1o. <strong>Charles Leclerc y Lewis Hamilton<\/strong> contin\u00faan perdiendo metros en el <strong>Mundial de pilotos<\/strong>, al mismo tiempo que perdieron la segunda posici\u00f3n en el de constructores. T\u00edtulo que se pint\u00f3 de &#8216;<strong>papaya<\/strong>&#8216; despu\u00e9s de que <strong>McLaren <\/strong>completara con \u00e9xito la defensa del t\u00edtulo.\u00a0<\/p>\n<p data-mrf-recirculation=\"Links P\u00e1rrafos\" class=\"ue-c-article__paragraph paragraph\">Para los espa\u00f1oles, la jornada anterior fue una muy positiva. <strong>Fernando Alonso<\/strong> demostr\u00f3 que todav\u00eda est\u00e1 para grandes cosas, al cruzar la l\u00ednea de meta en la <strong>s\u00e9ptima posici\u00f3n<\/strong>, recuperando tres posiciones a comparaci\u00f3n de su puesto en parrilla. Mientras que <strong>Carlos Sainz<\/strong>, quien parti\u00f3 \u00faltimo <strong>(18\u00ba)<\/strong> tras una descalificaci\u00f3n, escal\u00f3 hasta la <strong>10\u00ba plaza<\/strong> para rascar un punto crucial para el <strong>Mundial<\/strong>.\u00a0<\/p>\n<p>Horarios del Gran Premio de Estados Unidos de F1 2025<\/p>\n<p data-mrf-recirculation=\"Links P\u00e1rrafos\" class=\"ue-c-article__paragraph paragraph\"><strong>Viernes 17 de octubre<\/strong><\/p>\n<ul class=\"ue-c-article__list ue-c-article__ ue-c-article__list--unordered\">\n<li>Entrenamientos Libres 1 (FP1): 19:30 &#8211; 20:30 horas<\/li>\n<li>Clasificaci\u00f3n sprint: 23:30 &#8211; 00:15 horas<\/li>\n<\/ul>\n<p data-mrf-recirculation=\"Links P\u00e1rrafos\" class=\"ue-c-article__paragraph paragraph\"><strong>S\u00e1bado 18 de octubre<\/strong><\/p>\n<ul class=\"ue-c-article__list ue-c-article__ ue-c-article__list--unordered\">\n<li>Carrera sprint: 19:00 &#8211; 19:30 horas (19 vueltas)<\/li>\n<li>Clasificaci\u00f3n: 23:00 &#8211; 00:00 horas<\/li>\n<\/ul>\n<p data-mrf-recirculation=\"Links P\u00e1rrafos\" class=\"ue-c-article__paragraph paragraph\"><strong>Domingo 19 de octubre<\/strong><\/p>\n<ul class=\"ue-c-article__list ue-c-article__ ue-c-article__list--unordered\">\n<li>Carrera: 21:00 horas (56 vueltas)<\/li>\n<\/ul>\n<p>\u00bfD\u00f3nde ver en TV y online el GP de Estados Unidos de F1 2025?<\/p>\n<p data-mrf-recirculation=\"Links P\u00e1rrafos\" class=\"ue-c-article__paragraph paragraph\"><strong>El Gran Premio de Estados Unidos de F\u00f3rmula 1 2025<\/strong> se podr\u00e1 ver en TV en la plataforma de <strong>DAZN F1 y en Movistar+<\/strong>. Tambi\u00e9n, tienes la opci\u00f3n de seguir todo lo que suceda en el fin de semana en el<strong> Circuito de Las Am\u00e9ricas<\/strong> en directo a trav\u00e9s de <strong>MARCA.com y Radio MARCA.<\/strong><\/p>\n","protected":false},"excerpt":{"rendered":"Tras una semana de par\u00f3n, la F1 regresa en el marco de la 19\u00ba fecha del calendario. El&hellip;\n","protected":false},"author":2,"featured_media":172518,"comment_status":"","ping_status":"","sticky":false,"template":"","format":"standard","meta":{"footnotes":""},"categories":[270],"tags":[168,25,24,306,271,272,23,167],"class_list":{"0":"post-172517","1":"post","2":"type-post","3":"status-publish","4":"format-standard","5":"has-post-thumbnail","7":"category-formula-1","8":"tag-deportes","9":"tag-es","10":"tag-espana","11":"tag-f1","12":"tag-formula-1","13":"tag-formula1","14":"tag-spain","15":"tag-sports"},"share_on_mastodon":{"url":"","error":""},"_links":{"self":[{"href":"https:\/\/www.europesays.com\/es\/wp-json\/wp\/v2\/posts\/172517","targetHints":{"allow":["GET"]}}],"collection":[{"href":"https:\/\/www.europesays.com\/es\/wp-json\/wp\/v2\/posts"}],"about":[{"href":"https:\/\/www.europesays.com\/es\/wp-json\/wp\/v2\/types\/post"}],"author":[{"embeddable":true,"href":"https:\/\/www.europesays.com\/es\/wp-json\/wp\/v2\/users\/2"}],"replies":[{"embeddable":true,"href":"https:\/\/www.europesays.com\/es\/wp-json\/wp\/v2\/comments?post=172517"}],"version-history":[{"count":0,"href":"https:\/\/www.europesays.com\/es\/wp-json\/wp\/v2\/posts\/172517\/revisions"}],"wp:featuredmedia":[{"embeddable":true,"href":"https:\/\/www.europesays.com\/es\/wp-json\/wp\/v2\/media\/172518"}],"wp:attachment":[{"href":"https:\/\/www.europesays.com\/es\/wp-json\/wp\/v2\/media?parent=172517"}],"wp:term":[{"taxonomy":"category","embeddable":true,"href":"https:\/\/www.europesays.com\/es\/wp-json\/wp\/v2\/categories?post=172517"},{"taxonomy":"post_tag","embeddable":true,"href":"https:\/\/www.europesays.com\/es\/wp-json\/wp\/v2\/tags?post=172517"}],"curies":[{"name":"wp","href":"https:\/\/api.w.org\/{rel}","templated":true}]}}