{"id":172519,"date":"2025-10-12T20:33:08","date_gmt":"2025-10-12T20:33:08","guid":{"rendered":"https:\/\/www.europesays.com\/es\/172519\/"},"modified":"2025-10-12T20:33:08","modified_gmt":"2025-10-12T20:33:08","slug":"preocupacion-por-el-estado-de-rodions-kurucs","status":"publish","type":"post","link":"https:\/\/www.europesays.com\/es\/172519\/","title":{"rendered":"Preocupaci\u00f3n por el estado de Rodions Kurucs"},"content":{"rendered":"<p>\n        Contin\u00faan las malas noticias a nivel f\u00edsico para la <strong>plantilla del <\/strong><a href=\"https:\/\/www.noticiasdealava.eus\/baskonia\/\" title=\"Baskonia\" class=\"link copy\" rel=\"nofollow noopener\" target=\"_blank\"><strong>Baskonia<\/strong><\/a><strong> y en especial para Rodions Kurucs.<\/strong> El jugador let\u00f3n, que<strong> debut\u00f3 ante el Panathinaikos<\/strong> el pasado jueves tras regresar al equipo despu\u00e9s de operarse de una fascitis plantar a finales de agosto, volvi\u00f3 a sufrir molestias en la misma zona poco despu\u00e9s de saltar al parqu\u00e9 en el encuentro contra el Real Madrid.\n<\/p>\n<p class=\"article-body__text \">\n        Una acci\u00f3n fortuita en la que su rodilla<strong> choc\u00f3 con Sergio Llull sobre el minuto 7 del partido <\/strong>fue el preludio de que acabara en los vestuarios.\n<\/p>\n<p class=\"article-body__text \">\n        Prueba de que no estaba capacitado para seguir sobre la cancha fue que <strong>realiz\u00f3 una falta adrede sobre Campazzo<\/strong> para parar el juego pese a que el Baskonia estaba en bonus y regal\u00f3 as\u00ed dos tiros libres al base argentino del Real Madrid.\n<\/p>\n<p class=\"article-body__text \">\n        <strong>Por el momento se desconoce el posible alcance de la lesi\u00f3n <\/strong>pero la preocupaci\u00f3n es latente, m\u00e1s a\u00fan sabiendo que hay jornada doble esta semana con los encuentros frente al <strong>Par\u00eds el mi\u00e9rcoles y el viernes ante el Partizan.<\/strong>\n<\/p>\n<p>  Este lunes, pruebas m\u00e9dicas<\/p>\n<p class=\"article-body__text \">\n        Galbiati asegur\u00f3 tras el partido que <strong>este lunes se le realizar\u00e1 una revisi\u00f3n m\u00e9dica<\/strong> para determinar el posible alcance de una lesi\u00f3n que puede apartarle del equipo en los pr\u00f3ximos partidos. Sus ostensibles gestos de dolor y el hecho de que no volviera al banquillo a presenciar la recta final del choque son, desde luego, inquietantes a la hora de valorar su estado de salud.\n<\/p>\n<p class=\"article-body__text \">\n        Lo cierto es que <strong>el ala-p\u00edvot b\u00e1ltico no ha entrado con buen pie en un Baskonia<\/strong> que tampoco va sobrado de efectivos y que, si se confirma su baja, perder\u00e1 a un jugador con presencia f\u00edsica para ayudar tanto en defensa como en el rebote.<\/p>\n","protected":false},"excerpt":{"rendered":"Contin\u00faan las malas noticias a nivel f\u00edsico para la plantilla del Baskonia y en especial para Rodions Kurucs.&hellip;\n","protected":false},"author":2,"featured_media":172520,"comment_status":"","ping_status":"","sticky":false,"template":"","format":"standard","meta":{"footnotes":""},"categories":[269],"tags":[299,298,168,25,24,25866,205,798,49873,25865,23,167],"class_list":{"0":"post-172519","1":"post","2":"type-post","3":"status-publish","4":"format-standard","5":"has-post-thumbnail","7":"category-baloncesto","8":"tag-baloncesto","9":"tag-basketball","10":"tag-deportes","11":"tag-es","12":"tag-espana","13":"tag-kurucs","14":"tag-madrid","15":"tag-real","16":"tag-recae","17":"tag-rodions","18":"tag-spain","19":"tag-sports"},"share_on_mastodon":{"url":"","error":""},"_links":{"self":[{"href":"https:\/\/www.europesays.com\/es\/wp-json\/wp\/v2\/posts\/172519","targetHints":{"allow":["GET"]}}],"collection":[{"href":"https:\/\/www.europesays.com\/es\/wp-json\/wp\/v2\/posts"}],"about":[{"href":"https:\/\/www.europesays.com\/es\/wp-json\/wp\/v2\/types\/post"}],"author":[{"embeddable":true,"href":"https:\/\/www.europesays.com\/es\/wp-json\/wp\/v2\/users\/2"}],"replies":[{"embeddable":true,"href":"https:\/\/www.europesays.com\/es\/wp-json\/wp\/v2\/comments?post=172519"}],"version-history":[{"count":0,"href":"https:\/\/www.europesays.com\/es\/wp-json\/wp\/v2\/posts\/172519\/revisions"}],"wp:featuredmedia":[{"embeddable":true,"href":"https:\/\/www.europesays.com\/es\/wp-json\/wp\/v2\/media\/172520"}],"wp:attachment":[{"href":"https:\/\/www.europesays.com\/es\/wp-json\/wp\/v2\/media?parent=172519"}],"wp:term":[{"taxonomy":"category","embeddable":true,"href":"https:\/\/www.europesays.com\/es\/wp-json\/wp\/v2\/categories?post=172519"},{"taxonomy":"post_tag","embeddable":true,"href":"https:\/\/www.europesays.com\/es\/wp-json\/wp\/v2\/tags?post=172519"}],"curies":[{"name":"wp","href":"https:\/\/api.w.org\/{rel}","templated":true}]}}