{"id":172531,"date":"2025-10-12T20:40:09","date_gmt":"2025-10-12T20:40:09","guid":{"rendered":"https:\/\/www.europesays.com\/es\/172531\/"},"modified":"2025-10-12T20:40:09","modified_gmt":"2025-10-12T20:40:09","slug":"ojala-pudiera-conseguir-cosas-como-las-que-ha-conseguido-seria-un-sueno","status":"publish","type":"post","link":"https:\/\/www.europesays.com\/es\/172531\/","title":{"rendered":"\u201cOjal\u00e1 pudiera conseguir cosas como las que ha conseguido, ser\u00eda un sue\u00f1o\u00bb"},"content":{"rendered":"<p data-journey-content=\"true\" data-node-id=\"1\" class=\"body-dropcap css-1vn2egp emevuu60\">Han pasado ya m\u00e1s de siete a\u00f1os desde que <strong data-node-id=\"1.1\">Ester Exp\u00f3sito<\/strong> se dio a conocer con la serie \u00c9lite. Desde que su personaje de Carla le hizo saltar a la fama, <a href=\"https:\/\/www.harpersbazaar.com\/es\/cultura\/ocio\/a61168490\/ester-exposito-entrevista-actriz-feminismo\/\" target=\"_blank\" data-vars-ga-outbound-link=\"https:\/\/www.harpersbazaar.com\/es\/cultura\/ocio\/a61168490\/ester-exposito-entrevista-actriz-feminismo\/\" data-vars-ga-ux-element=\"Hyperlink\" data-vars-ga-call-to-action=\"la actriz no ha dejado de trabajar\" data-node-id=\"1.5\" class=\"body-link css-156jt4g emevuu60\" rel=\"nofollow noopener\">la actriz no ha dejado de trabajar<\/a> en diferentes proyectos tanto en Espa\u00f1a como en M\u00e9xico y tiene muy claro cu\u00e1l es su pr\u00f3ximo objetivo: <strong data-node-id=\"1.7\">Hollywood<\/strong>. \u00abMe encantar\u00eda ahora empezar a trabajar en ingl\u00e9s, ser\u00eda un reto enorme, porque he hecho teatro en ingl\u00e9s, pero nunca he hecho audiovisual en ingl\u00e9s, entonces es como mi pr\u00f3ximo este, en el checklist, y bueno, y ojal\u00e1 que en muchos m\u00e1s pa\u00edses, con muchas diferentes culturas m\u00e1s\u00bb, explic\u00f3 en <a href=\"https:\/\/www.instagram.com\/reel\/DIOdOF6Cvhb\/?utm_source=ig_embed\" target=\"_blank\" rel=\"nofollow noopener\" data-vars-ga-outbound-link=\"https:\/\/www.instagram.com\/reel\/DIOdOF6Cvhb\/?utm_source=ig_embed\" data-vars-ga-ux-element=\"Hyperlink\" data-vars-ga-call-to-action=\"Objetivo TV\" data-node-id=\"1.9.0\" class=\"body-link css-156jt4g emevuu60\">Objetivo TV<\/a> la pasada primavera. <\/p>\n<p data-journey-content=\"true\" data-node-id=\"4\" class=\"css-6wxqfj emevuu60\"> Los primeros pasos para alcanzar esta meta ya los ha dado. Acaba de volver de Los Angeles despu\u00e9s de pasar all\u00ed unos meses inspeccionando la zona y ha incluso contratado un manager con la esperanza de que pronto surjan ficciones atractivas en las que embarcarse. \u00ab<strong data-node-id=\"4.1\">Me apetec\u00eda empezar a a entender c\u00f3mo funcionan ah\u00ed un poco m\u00e1s las cosas y un cambio de aires. <\/strong>Aunque sigo pensando que me falta mucho por hacer aqu\u00ed, y ojal\u00e1 as\u00ed sea, s\u00ed que tengo ganas de un cambio dr\u00e1stico\u00bb, cont\u00f3 recientemente en una entrevista en el programa <a href=\"https:\/\/www.youtube.com\/watch?v=KIWwS_eS7QE&amp;t=1276s\" target=\"_blank\" rel=\"nofollow noopener\" data-vars-ga-outbound-link=\"https:\/\/www.youtube.com\/watch?v=KIWwS_eS7QE&amp;t=1276s\" data-vars-ga-ux-element=\"Hyperlink\" data-vars-ga-call-to-action=\"La Script\" data-node-id=\"4.3.0\" class=\"body-link css-156jt4g emevuu60\">La Script<\/a>, donde tambi\u00e9n habl\u00f3 de que en el futuro le gustar\u00eda probar con la direcci\u00f3n. \u00abMe gustar\u00eda estar e levantando mis propios proyectos Tengo alguna idea, una en concreto en la que creo mucho y que me gustar\u00eda empezar a desarrollar y escribir pero no tengo ni idea de escribir y tengo que tomar clases y formarme\u00bb, revel\u00f3.<\/p>\n<p><img draggable=\"true\" alt=\"ester exp\u00f3sito susmies\" title=\"Ester Exp\u00f3sito con moda espa\u00f1ola\" loading=\"lazy\" width=\"1024\" height=\"683\" decoding=\"async\" data-nimg=\"1\" style=\"color:transparent;width:100%;height:auto;\"   src=\"https:\/\/www.europesays.com\/es\/wp-content\/uploads\/2025\/10\/ester-exposito-attends-the-harpers-bazaar-women-of-the-year-news-photo-1736328043.pjpeg\" class=\"css-0 e1g79fud0\"\/><\/p>\n<p>Aldara Zarraoa\/\/Getty Images<\/p>\n<p data-journey-content=\"true\" data-node-id=\"7\" class=\"css-6wxqfj emevuu60\">Una de las cosas que Ester Exp\u00f3sito descubri\u00f3 en aquella primera incursi\u00f3n hollywoodiense es que lo transaccional que resulta todo, incluso las fiestas. \u00abTe tienes que poner en un mood m\u00e1s de negocio y a m\u00ed no me sale eso. <strong data-node-id=\"7.3\">Cuando salgo, salgo a bailar y a tomarme unos chupitos y a conocer gente. <\/strong>Me incomoda ese momento de relaciones p\u00fablicas\u00bb, confes\u00f3 la protagonista de la cinta El talento en la que comparte reparto con <a href=\"https:\/\/www.harpersbazaar.com\/es\/famosas\/el-estilo-de\/a64064133\/mirela-balic-entrevista-actriz-elite-peliculas\/\" target=\"_blank\" data-vars-ga-outbound-link=\"https:\/\/www.harpersbazaar.com\/es\/famosas\/el-estilo-de\/a64064133\/mirela-balic-entrevista-actriz-elite-peliculas\/\" data-vars-ga-ux-element=\"Hyperlink\" data-vars-ga-call-to-action=\"Mirela Balic\" data-node-id=\"7.7\" class=\"body-link css-156jt4g emevuu60\" rel=\"nofollow noopener\">Mirela Balic<\/a> acaba de llegar a los cines.  <\/p>\n<p><img draggable=\"true\" alt=\"ester exposito entrevista\" title=\"ester exposito entrevista \" loading=\"lazy\" width=\"4088\" height=\"2726\" decoding=\"async\" data-nimg=\"1\" style=\"color:transparent;width:100%;height:auto;\"   src=\"https:\/\/www.europesays.com\/es\/wp-content\/uploads\/2025\/10\/gettyimages-2156407149-1-6672c140684a8.jpg\" class=\"css-0 e1g79fud0\"\/><\/p>\n<p>Getty Images<\/p>\n<p data-journey-content=\"true\" data-node-id=\"12\" class=\"css-6wxqfj emevuu60\">Aunque resulta inevitable comparar su <a href=\"https:\/\/www.harpersbazaar.com\/es\/famosas\/el-estilo-de\/a65434369\/javier-bardem-pelicula-penelope-cruz-ultimo-dia-rodaje-tomamos-copa\/\" target=\"_blank\" data-vars-ga-outbound-link=\"https:\/\/www.harpersbazaar.com\/es\/famosas\/el-estilo-de\/a65434369\/javier-bardem-pelicula-penelope-cruz-ultimo-dia-rodaje-tomamos-copa\/\" data-vars-ga-ux-element=\"Hyperlink\" data-vars-ga-call-to-action=\"desembarco en Hollywood\" data-node-id=\"12.1\" class=\"body-link css-156jt4g emevuu60\" rel=\"nofollow noopener\">desembarco en Hollywood<\/a> con el que en su d\u00eda hizo la oscarizada <strong data-node-id=\"12.3\">Pen\u00e9lope Cruz<\/strong>, Ester Exp\u00f3sito prefiere evitar equipararse a ella y simplemente ir descubriendo por ella misma qu\u00e9 es lo que esta industria le tiene preparado: \u00abOjal\u00e1 pudiera conseguir cosas como las que ha conseguido, ser\u00eda un sue\u00f1o, pero no quiero como decir tengo que seguir por aqu\u00ed, hacer esto y ser esto. Me apetece  averiguar yo misma y descubrir, encontrar mi camino\u00bb, reflexion\u00f3 en el mencionado podcast. <\/p>\n<p>Contenidos relacionados<img src=\"https:\/\/www.europesays.com\/es\/wp-content\/uploads\/2025\/10\/1760301609_764_53a7249f-9505-424c-9774-f2871b005ad4_1740746093.file\" alt=\"Headshot of Mar\u00eda Aguirre\" title=\"Headshot of Mar\u00eda Aguirre\" width=\"100%\" height=\"100%\" decoding=\"async\" loading=\"lazy\" class=\"css-o0wq4v ev8dhu53\"\/><\/p>\n<p>Licenciada en Periodismo en la Universidad Complutense de Madrid, cuenta con m\u00e1s de quince a\u00f1os de experiencia en revistas de moda y medios de comunicaci\u00f3n digitales despu\u00e9s de haber trabajado como colaboradora en diversas cabeceras como Woman, Mujerhoy, Instyle, Vanitatis o Gentleman. Se considera fiel defensora del slow life y, cuando apaga el ordenador, nada le gusta m\u00e1s que un concierto, un libro o una obra de teatro. \u00a0\u00a0<\/p>\n<p><script async src=\"\/\/www.instagram.com\/embed.js\"><\/script><\/p>\n","protected":false},"excerpt":{"rendered":"Han pasado ya m\u00e1s de siete a\u00f1os desde que Ester Exp\u00f3sito se dio a conocer con la serie&hellip;\n","protected":false},"author":2,"featured_media":172532,"comment_status":"","ping_status":"","sticky":false,"template":"","format":"standard","meta":{"footnotes":""},"categories":[169],"tags":[177,253,146,147,25,24,176,175,23],"class_list":{"0":"post-172531","1":"post","2":"type-post","3":"status-publish","4":"format-standard","5":"has-post-thumbnail","7":"category-cine","8":"tag-cine","9":"tag-discover","10":"tag-entertainment","11":"tag-entretenimiento","12":"tag-es","13":"tag-espana","14":"tag-film","15":"tag-movies","16":"tag-spain"},"share_on_mastodon":{"url":"","error":""},"_links":{"self":[{"href":"https:\/\/www.europesays.com\/es\/wp-json\/wp\/v2\/posts\/172531","targetHints":{"allow":["GET"]}}],"collection":[{"href":"https:\/\/www.europesays.com\/es\/wp-json\/wp\/v2\/posts"}],"about":[{"href":"https:\/\/www.europesays.com\/es\/wp-json\/wp\/v2\/types\/post"}],"author":[{"embeddable":true,"href":"https:\/\/www.europesays.com\/es\/wp-json\/wp\/v2\/users\/2"}],"replies":[{"embeddable":true,"href":"https:\/\/www.europesays.com\/es\/wp-json\/wp\/v2\/comments?post=172531"}],"version-history":[{"count":0,"href":"https:\/\/www.europesays.com\/es\/wp-json\/wp\/v2\/posts\/172531\/revisions"}],"wp:featuredmedia":[{"embeddable":true,"href":"https:\/\/www.europesays.com\/es\/wp-json\/wp\/v2\/media\/172532"}],"wp:attachment":[{"href":"https:\/\/www.europesays.com\/es\/wp-json\/wp\/v2\/media?parent=172531"}],"wp:term":[{"taxonomy":"category","embeddable":true,"href":"https:\/\/www.europesays.com\/es\/wp-json\/wp\/v2\/categories?post=172531"},{"taxonomy":"post_tag","embeddable":true,"href":"https:\/\/www.europesays.com\/es\/wp-json\/wp\/v2\/tags?post=172531"}],"curies":[{"name":"wp","href":"https:\/\/api.w.org\/{rel}","templated":true}]}}