{"id":172537,"date":"2025-10-12T20:43:12","date_gmt":"2025-10-12T20:43:12","guid":{"rendered":"https:\/\/www.europesays.com\/es\/172537\/"},"modified":"2025-10-12T20:43:12","modified_gmt":"2025-10-12T20:43:12","slug":"la-infanta-elena-y-victoria-federica-coinciden-en-madrid-con-dos-looks-de-domingo-muy-diferentes","status":"publish","type":"post","link":"https:\/\/www.europesays.com\/es\/172537\/","title":{"rendered":"La infanta Elena y Victoria Federica coinciden en Madrid con dos &#8216;looks&#8217; de domingo muy diferentes"},"content":{"rendered":"<p id=\"\" data-journey-content=\"true\" data-node-id=\"0\" class=\"body-text css-6wxqfj emevuu60\"><strong data-node-id=\"0.0\">La Plaza de Las Ventas se ha convertido en la tarde del 12 de octubre, D\u00eda de la Hispanidad<\/strong>, en el emplazamiento que ha acogido a numerosos rostros conocidos con motivo de uno de los eventos taurinos m\u00e1s esperados de la capital y con la Feria de Oto\u00f1o llegando a su fin, tras diez d\u00edas intensos.<\/p>\n<p id=\"\" data-journey-content=\"true\" data-node-id=\"1\" class=\"body-text css-6wxqfj emevuu60\">Entre la multitud, dos personalidades han captado todas las miradas del festival ben\u00e9fico taurino en homenaje a Anto\u00f1ete: la infanta Elena y Victoria Federica, madre e hija, han asistido juntas a este evento con dos &#8216;looks&#8217; muy distintos, pero igualmente llenos de personalidad. De un lado, <strong data-node-id=\"1.1\">Victoria Federica ha optado por un conjunto sobrio y elegante: chaqueta azul marino y pantal\u00f3n capri a juego, combinados con mocasines<\/strong> (el calzado estrella del  oto\u00f1o 2025) y un jersey beige que aportaba un toque de calidez al conjunto. Un conjunto con piezas que son todo un fondo de armario, <strong data-node-id=\"1.3\">una elecci\u00f3n minimalista y c\u00f3moda, perfecta para un domingo taurino<\/strong>;  en tendencia, sofisticado y sin complicaciones.<\/p>\n<p>La infanta Elena y Victoria Federica coinciden en Madrid con dos &#8216;looks&#8217; de domingo muy diferentes<\/p>\n<p id=\"\" data-journey-content=\"true\" data-node-id=\"3\" class=\"body-text css-6wxqfj emevuu60\">Por su parte, su madre,<strong data-node-id=\"3.1\"> la infanta Elena ha apostado por un estilismo mucho m\u00e1s atrevido y colorido<\/strong>: vaquero de pernera ancha, blazer roja con una gran flor en la solapa, sombrero borsalino azul<strong data-node-id=\"3.3\"> y bolso de rafia con la bandera de Espa\u00f1a.<\/strong> Los zapatos de ante marr\u00f3n con tac\u00f3n sensato completaban un etilismo de lo m\u00e1s patriotico y con un toque de originalidad muy propio de su estilo personal.<\/p>\n<p id=\"\" data-journey-content=\"true\" data-node-id=\"5\" class=\"body-text css-6wxqfj emevuu60\"><strong data-node-id=\"5.0\">El contraste entre madre e hija no solo refleja sus gustos personales<\/strong>, sino tambi\u00e9n c\u00f3mo la moda puede adaptarse a diferentes edades y ocasiones: <strong data-node-id=\"5.2\">comodidad y discreci\u00f3n por un lado, color y detalle por el otro<\/strong>. Dos formas distintas de asistir a este evento taurino del 12 de octubre en la Plaza de Toros de Las Ventas.<br data-node-id=\"5.4\"\/><\/p>\n<p><img draggable=\"true\" alt=\"la infanta elena y victoria federica\" title=\"la infanta elena y victoria federica\" loading=\"lazy\" width=\"1280\" height=\"1920\" decoding=\"async\" data-nimg=\"1\" style=\"color:transparent;width:100%;height:auto;\"   src=\"https:\/\/www.europesays.com\/es\/wp-content\/uploads\/2025\/10\/dl-u592928-019-1-68ebea3e5de53.jpg\" class=\"css-0 e1g79fud0\"\/><\/p>\n<p>Gtress<\/p>\n<p><img draggable=\"true\" alt=\"la infanta elena y victoria federica\" title=\"la infanta elena y victoria federica\" loading=\"lazy\" width=\"1280\" height=\"1920\" decoding=\"async\" data-nimg=\"1\" style=\"color:transparent;width:100%;height:auto;\"   src=\"https:\/\/www.europesays.com\/es\/wp-content\/uploads\/2025\/10\/dl-u592928-008-68ebea3e57a26.jpg\" class=\"css-0 e1g79fud0\"\/><\/p>\n<p>Gtress<\/p>\n<p><img src=\"https:\/\/www.europesays.com\/es\/wp-content\/uploads\/2025\/10\/1760301792_895_fdb40614-5afb-491b-84a7-5d9b44b2dcde_1658480441.file\" alt=\"Headshot of Amanda Prado\" title=\"Headshot of Amanda Prado\" width=\"100%\" height=\"100%\" decoding=\"async\" loading=\"lazy\" class=\"css-o0wq4v ev8dhu53\"\/><\/p>\n<p>Amanda Prado es colaboradora de ELLE, experta en moda, tendencias y actualidad. Como buena defensora del periodismo multimedia, tambi\u00e9n es creadora de contenido para redes sociales (empez\u00f3 en Fotolog y ha terminado en TikTok). Su especialidad es localizar las nuevas tendencias de la pasarela y del street style. Amante del estilo boho, la ropa vintage y la moda sostenible. Especialista en transformar b\u00e1sicos en lookazos y en localizar joyitas textiles de donde crees que no se puede sacar nada. De las rom\u00e1nticas que a\u00fan compran en tienda f\u00edsica. \u00a0<\/p>\n<p>Descubrir qu\u00e9 llevan las famosas es otra de sus funciones. Adem\u00e1s de analizar qu\u00e9 prendas visten las celebrities (y, sobre todo, c\u00f3mo lo llevan, su estilo) tambi\u00e9n se encarga de cubrir todo lo que sucede en alfombras rojas y eventos de moda. No deja escapar ning\u00fan detalle del d\u00eda a d\u00eda que comparten las influencers y creadores de contenido en sus redes sociales o en los eventos a los que acuden. \u00a0<\/p>\n<p>Amanda Prado se gradu\u00f3 primero en Derecho y despu\u00e9s en Periodismo en la Universidad Rey Juan Carlos. En tercero de carrera result\u00f3 ganadora de la Superbeca Elle y trabaj\u00f3 durante un a\u00f1o en cuatro empresas: para el equipo de comunicaci\u00f3n de ZARA (Inditex), el departamento de Relaciones P\u00fablicas de Est\u00e9e Lauder, la agencia de comunicaci\u00f3n Equipo Singular y, por \u00faltimo, la redacci\u00f3n de la revista ELLE. Al terminar la beca comenz\u00f3 a colaborar en la revista Cosmopolitan cubriendo temas de belleza y moda y, tras varios a\u00f1os, regres\u00f3 a ELLE.\u00a0<\/p>\n","protected":false},"excerpt":{"rendered":"La Plaza de Las Ventas se ha convertido en la tarde del 12 de octubre, D\u00eda de la&hellip;\n","protected":false},"author":2,"featured_media":172538,"comment_status":"","ping_status":"","sticky":false,"template":"","format":"standard","meta":{"footnotes":""},"categories":[91],"tags":[253,146,147,25,24,23],"class_list":{"0":"post-172537","1":"post","2":"type-post","3":"status-publish","4":"format-standard","5":"has-post-thumbnail","7":"category-entretenimiento","8":"tag-discover","9":"tag-entertainment","10":"tag-entretenimiento","11":"tag-es","12":"tag-espana","13":"tag-spain"},"share_on_mastodon":{"url":"","error":""},"_links":{"self":[{"href":"https:\/\/www.europesays.com\/es\/wp-json\/wp\/v2\/posts\/172537","targetHints":{"allow":["GET"]}}],"collection":[{"href":"https:\/\/www.europesays.com\/es\/wp-json\/wp\/v2\/posts"}],"about":[{"href":"https:\/\/www.europesays.com\/es\/wp-json\/wp\/v2\/types\/post"}],"author":[{"embeddable":true,"href":"https:\/\/www.europesays.com\/es\/wp-json\/wp\/v2\/users\/2"}],"replies":[{"embeddable":true,"href":"https:\/\/www.europesays.com\/es\/wp-json\/wp\/v2\/comments?post=172537"}],"version-history":[{"count":0,"href":"https:\/\/www.europesays.com\/es\/wp-json\/wp\/v2\/posts\/172537\/revisions"}],"wp:featuredmedia":[{"embeddable":true,"href":"https:\/\/www.europesays.com\/es\/wp-json\/wp\/v2\/media\/172538"}],"wp:attachment":[{"href":"https:\/\/www.europesays.com\/es\/wp-json\/wp\/v2\/media?parent=172537"}],"wp:term":[{"taxonomy":"category","embeddable":true,"href":"https:\/\/www.europesays.com\/es\/wp-json\/wp\/v2\/categories?post=172537"},{"taxonomy":"post_tag","embeddable":true,"href":"https:\/\/www.europesays.com\/es\/wp-json\/wp\/v2\/tags?post=172537"}],"curies":[{"name":"wp","href":"https:\/\/api.w.org\/{rel}","templated":true}]}}