{"id":172542,"date":"2025-10-12T20:46:12","date_gmt":"2025-10-12T20:46:12","guid":{"rendered":"https:\/\/www.europesays.com\/es\/172542\/"},"modified":"2025-10-12T20:46:12","modified_gmt":"2025-10-12T20:46:12","slug":"alto-el-fuego-en-gaza-en-vivo-liberacion-de-rehenes-viaje-de-trump-a-israel-y-mas-noticias","status":"publish","type":"post","link":"https:\/\/www.europesays.com\/es\/172542\/","title":{"rendered":"Alto el fuego en Gaza, en vivo: liberaci\u00f3n de rehenes, viaje de Trump a Israel y m\u00e1s noticias"},"content":{"rendered":"<p>       <img decoding=\"async\" src=\"https:\/\/media.cnn.com\/api\/v1\/images\/stellar\/prod\/rally-tel-aviv.jpg?c=original&amp;q=w_1280,c_fill\/f_avif\" alt=\"Una foto a\u00e9rea con dron de personas reunidas en la Plaza de los Rehenes en Tel Aviv, Israel, el s\u00e1bado 11 de octubre de 2025.\" class=\"image__dam-img image__dam-img--loading\" onload=\"this.classList.remove('image__dam-img--loading')\" onerror=\"imageLoadError(this)\" height=\"959\" width=\"1280\" loading=\"lazy\"\/><\/p>\n<p class=\"paragraph inline-placeholder vossi-paragraph\" data-uri=\"es.cms.cnn.com\/_components\/paragraph\/instances\/cmgndwgxq0016356nguk2klz9@published\" data-editable=\"text\" data-component-name=\"paragraph\" data-article-gutter=\"true\">\n            Familias de rehenes y sobrevivientes del cautiverio se dirigieron el s\u00e1bado a enormes multitudes en la Plaza de los Rehenes de Tel Aviv, antes de la esperada liberaci\u00f3n de este lunes.\n    <\/p>\n<p class=\"paragraph inline-placeholder vossi-paragraph\" data-uri=\"es.cms.cnn.com\/_components\/paragraph\/instances\/cmgne6ndx001g356n16q459qx@published\" data-editable=\"text\" data-component-name=\"paragraph\" data-article-gutter=\"true\">\n            El Foro de Familias de Rehenes y Desaparecidos estim\u00f3 que alrededor de 500.000 personas asistieron a la manifestaci\u00f3n. Aqu\u00ed algunos extractos de los discursos:\n    <\/p>\n<p class=\"paragraph inline-placeholder vossi-paragraph\" data-uri=\"es.cms.cnn.com\/_components\/paragraph\/instances\/cmgne6ndx001h356npbz3eb3a@published\" data-editable=\"text\" data-component-name=\"paragraph\" data-article-gutter=\"true\">\n            <strong>Tal Shoham, sobreviviente del cautiverio:<\/strong> \u201cEstuve en cautiverio durante 505 d\u00edas. En Gaza, conoc\u00ed a otros rehenes: Omer (Wenkert), Guy (Gilboa-Dalal) y Evyatar (David). Nuestras almas se unieron y nuestros destinos se volvieron uno. Nos fortalecimos mutuamente, compartimos todo\u201d.\n    <\/p>\n<p class=\"paragraph inline-placeholder vossi-paragraph\" data-uri=\"es.cms.cnn.com\/_components\/paragraph\/instances\/cmgne6ndx001i356nccn1trqa@published\" data-editable=\"text\" data-component-name=\"paragraph\" data-article-gutter=\"true\">\n            \u201cDespu\u00e9s de 505 d\u00edas, Omer y yo salimos a la luz. Cuando abrac\u00e9 a mis seres queridos, me llen\u00e9 de alegr\u00eda y felicidad, pero por dentro llevaba el dolor por Guy y Evyatar, que se quedaron all\u00ed, atr\u00e1s\u201d.\n    <\/p>\n<p class=\"paragraph inline-placeholder vossi-paragraph\" data-uri=\"es.cms.cnn.com\/_components\/paragraph\/instances\/cmgne6ndx001j356n4vcoalfa@published\" data-editable=\"text\" data-component-name=\"paragraph\" data-article-gutter=\"true\">\n            \u201cMe levanto y sigo luchando hasta que regresen. Hasta que todos est\u00e9n en casa, nuestra historia no ha terminado\u201d.\n    <\/p>\n<p class=\"paragraph inline-placeholder vossi-paragraph\" data-uri=\"es.cms.cnn.com\/_components\/paragraph\/instances\/cmgne6ndx001k356nj7vhidec@published\" data-editable=\"text\" data-component-name=\"paragraph\" data-article-gutter=\"true\">\n            <strong>Yael Sabraigo, sobrina del reh\u00e9n Lior Rudaeff:<\/strong> \u201cHoy, dos a\u00f1os y cuatro d\u00edas despu\u00e9s de aquel S\u00e1bado Negro, finalmente hay luz\u201d.\n    <\/p>\n<p class=\"paragraph inline-placeholder vossi-paragraph\" data-uri=\"es.cms.cnn.com\/_components\/paragraph\/instances\/cmgne6ndx001l356nqo1zg4li@published\" data-editable=\"text\" data-component-name=\"paragraph\" data-article-gutter=\"true\">\n            \u201cPero hasta que el \u00faltimo reh\u00e9n est\u00e9 aqu\u00ed, en el Estado de Israel, la misi\u00f3n no estar\u00e1 completa\u201d.\n    <\/p>\n<p class=\"paragraph inline-placeholder vossi-paragraph\" data-uri=\"es.cms.cnn.com\/_components\/paragraph\/instances\/cmgne6ndx001m356nq859idsb@published\" data-editable=\"text\" data-component-name=\"paragraph\" data-article-gutter=\"true\">\n            \u201cY quiero decir gracias, presidente (Donald) Trump. Gracias por no rendirse. Gracias por escuchar nuestras voces. Gracias por traer a nuestros seres queridos a casa. Pero, por favor, no se detenga ahora. No descanse hasta que el \u00faltimo reh\u00e9n regrese, hasta que todos est\u00e9n en casa\u201d.\n    <\/p>\n<p class=\"paragraph inline-placeholder vossi-paragraph\" data-uri=\"es.cms.cnn.com\/_components\/paragraph\/instances\/cmgne6ndx001n356n5s6a7e7z@published\" data-editable=\"text\" data-component-name=\"paragraph\" data-article-gutter=\"true\">\n            <strong>Itzik Horn, padre del reh\u00e9n Eitan Horn y del sobreviviente del cautiverio Iair Horn:<\/strong> \u201cEl presidente Trump ha demostrado lo que significa decidir y actuar. Sin mentir. Sin miedo. Que tambi\u00e9n seamos bendecidos con liderazgo, con valent\u00eda.\n    <\/p>\n<p class=\"paragraph inline-placeholder vossi-paragraph\" data-uri=\"es.cms.cnn.com\/_components\/paragraph\/instances\/cmgne6ndx001o356nca3qcyoh@published\" data-editable=\"text\" data-component-name=\"paragraph\" data-article-gutter=\"true\">\n            \u201cLos ciudadanos israel\u00edes est\u00e1n regresando a su pa\u00eds despu\u00e9s de haber sido abandonados: algunos para ser sepultados y otros para comenzar una larga y dif\u00edcil recuperaci\u00f3n. Y lo m\u00e1s importante, esto no terminar\u00e1 hasta que el \u00faltimo reh\u00e9n regrese a casa\u201d.\n    <\/p>\n<p>       <img decoding=\"async\" src=\"https:\/\/media.cnn.com\/api\/v1\/images\/stellar\/prod\/itzik-horn.jpg?c=original&amp;q=w_1280,c_fill\/f_avif\" alt=\"Itzik Horn habla en una manifestaci\u00f3n en la Plaza de los Rehenes en Tel Aviv, Israel, el s\u00e1bado 11 de octubre de 2025.\" class=\"image__dam-img image__dam-img--loading\" onload=\"this.classList.remove('image__dam-img--loading')\" onerror=\"imageLoadError(this)\" height=\"853\" width=\"1280\" loading=\"lazy\"\/><\/p>\n<p class=\"paragraph inline-placeholder vossi-paragraph\" data-uri=\"es.cms.cnn.com\/_components\/paragraph\/instances\/cmgnbjgn50001356nss6d9lj4@published\" data-editable=\"text\" data-component-name=\"paragraph\" data-article-gutter=\"true\">\n            <strong>Adi Angrest, hermana del reh\u00e9n Matan Angrest:<\/strong> \u201c\u00a1Mi hermano h\u00e9roe viene a casa! Matan, mi hermano mayor, mi h\u00e9roe, el h\u00e9roe de toda una naci\u00f3n. Solo me queda esperar para abrazarte, sentirte y sanarte, decirte que est\u00e1s en buenas manos y que nunca m\u00e1s te dejar\u00e9. Un enorme, hist\u00f3rico y eterno agradecimiento al presidente de Estados Unidos y a su equipo, quienes trabajaron con dedicaci\u00f3n y perseverancia para salvar la vida de nuestros seres queridos\u201d.\n    <\/p>\n","protected":false},"excerpt":{"rendered":"Familias de rehenes y sobrevivientes del cautiverio se dirigieron el s\u00e1bado a enormes multitudes en la Plaza de&hellip;\n","protected":false},"author":2,"featured_media":172543,"comment_status":"","ping_status":"","sticky":false,"template":"","format":"standard","meta":{"footnotes":""},"categories":[42],"tags":[17,18,13,14,694,75,11,150,61,62,63,64,74,19,20,9,10,15,16,12651,12,21,22,65,66,67],"class_list":{"0":"post-172542","1":"post","2":"type-post","3":"status-publish","4":"format-standard","5":"has-post-thumbnail","7":"category-internacional","8":"tag-breaking-news","9":"tag-breakingnews","10":"tag-featured-news","11":"tag-featurednews","12":"tag-gaza","13":"tag-hamas","14":"tag-headlines","15":"tag-instanoticias","16":"tag-internacional","17":"tag-international","18":"tag-international-news","19":"tag-internationalnews","20":"tag-israel","21":"tag-latest-news","22":"tag-latestnews","23":"tag-news","24":"tag-noticias","25":"tag-noticias-destacadas","26":"tag-noticiasdestacadas","27":"tag-rehenes","28":"tag-titulares","29":"tag-ultimas-noticias","30":"tag-ultimasnoticias","31":"tag-world","32":"tag-world-news","33":"tag-worldnews"},"share_on_mastodon":{"url":"","error":""},"_links":{"self":[{"href":"https:\/\/www.europesays.com\/es\/wp-json\/wp\/v2\/posts\/172542","targetHints":{"allow":["GET"]}}],"collection":[{"href":"https:\/\/www.europesays.com\/es\/wp-json\/wp\/v2\/posts"}],"about":[{"href":"https:\/\/www.europesays.com\/es\/wp-json\/wp\/v2\/types\/post"}],"author":[{"embeddable":true,"href":"https:\/\/www.europesays.com\/es\/wp-json\/wp\/v2\/users\/2"}],"replies":[{"embeddable":true,"href":"https:\/\/www.europesays.com\/es\/wp-json\/wp\/v2\/comments?post=172542"}],"version-history":[{"count":0,"href":"https:\/\/www.europesays.com\/es\/wp-json\/wp\/v2\/posts\/172542\/revisions"}],"wp:featuredmedia":[{"embeddable":true,"href":"https:\/\/www.europesays.com\/es\/wp-json\/wp\/v2\/media\/172543"}],"wp:attachment":[{"href":"https:\/\/www.europesays.com\/es\/wp-json\/wp\/v2\/media?parent=172542"}],"wp:term":[{"taxonomy":"category","embeddable":true,"href":"https:\/\/www.europesays.com\/es\/wp-json\/wp\/v2\/categories?post=172542"},{"taxonomy":"post_tag","embeddable":true,"href":"https:\/\/www.europesays.com\/es\/wp-json\/wp\/v2\/tags?post=172542"}],"curies":[{"name":"wp","href":"https:\/\/api.w.org\/{rel}","templated":true}]}}