{"id":172546,"date":"2025-10-12T20:48:16","date_gmt":"2025-10-12T20:48:16","guid":{"rendered":"https:\/\/www.europesays.com\/es\/172546\/"},"modified":"2025-10-12T20:48:16","modified_gmt":"2025-10-12T20:48:16","slug":"las-tasas-de-mortalidad-disminuyen-en-todo-el-mundo-excepto-entre-los-jovenes-el-mundo","status":"publish","type":"post","link":"https:\/\/www.europesays.com\/es\/172546\/","title":{"rendered":"Las tasas de mortalidad disminuyen en todo el mundo, excepto entre los j\u00f3venes &#8211; El Mundo"},"content":{"rendered":"<ol>\n<li><a href=\"https:\/\/news.google.com\/rss\/articles\/CBMijgFBVV95cUxNN2NMWjl1Tnltd1k4N1JVajEzYjBGMFRzSkNEMThkMDlnalVBZkhDaXZuZVp3ck5mbUxSV1ItX2w5OVpMb0Fyb2VkZWFCYUN0TFZ2MC0zU2tmR1JmLTBCTGhwaEFCTGhKOXpsaXJkeUV3YWtOSWRiUzVlOFNYZEJrVk1WWmd3NFF6cUpTR1Vn0gGOAUFVX3lxTE5sTVNUOWxPNktnSHR1VDFSanZnRDZmRXFoMEgyNmQ2dG9McmZsazdxWWZWTFpFWjI4al84VDlBcVRvUWIxSzFFTGV2cl9MY3dTb0Z1dG9yMHZibEptSjlKMlZ3NnE4STh4S3lQTmIzMG0tdHdSVUZ0bGpkdndpSGQ4Q3F6YTNOc1Q1SllOWnc?oc=5\" target=\"_blank\" rel=\"nofollow noopener\">Las tasas de mortalidad disminuyen en todo el mundo, excepto entre los j\u00f3venes<\/a>&nbsp;&nbsp;El Mundo<\/li>\n<li><a href=\"https:\/\/news.google.com\/rss\/articles\/CBMiiwJBVV95cUxObExjS3FXUlNpM1lzMmdTY2dDYTlLVWU1ZjAtanp0dm9fRUgyb1drMFk1RVc5aGZqMzhLSUR4ZzdKZ2J3eGZEQ2o3Rkl6bDY2MUVxTHBDbmJwVTZqQ0U5SElBc1Bma1BXVnpHT0ViQWIwdVFpY1piN0xrNlI0OTB6cXg4TjZGYzhtN0xDaVNUUG05QXZBbU1ZYzVhMkdEMU9GSkRrLVhUUDBaMkxPSnY4bF9aZjBPQlhSVkJ2ekM5OGRXODU1eGU5bXZmdkxYck5MSTk2dEFsZkFSTEtVTUJpVzdfR1pEV3cwajVwRXExVEhldVVzTEM5eTlNWEJCVnJLR0labG10MGNHLWc?oc=5\" target=\"_blank\" rel=\"nofollow noopener\">\u201cMuertes por desesperaci\u00f3n\u201d: la mortalidad global se desploma, pero repunta entre los j\u00f3venes de Norteam\u00e9rica por las drogas y los suicidios<\/a>&nbsp;&nbsp;EL PA\u00cdS<\/li>\n<li><a href=\"https:\/\/news.google.com\/rss\/articles\/CBMiowFBVV95cUxQc2tPQ3NEUU9ZcnJOZWFtUzItZ2Q3YVgwWXFCMGszU1pMXzhjcVhmdWxnUWpPQjZPQUhiaUJaRDdMeXU1M1JrakNHN01hanJyMXUxT1FtNXNwSzd3OTROWEVQd3R1Yk0zcURwTTFaZjZac2RvUTJiQk9qZmhQcWFPYVdZbm01MnQ5Qml0OXVqQlJCUGZ3Mzg3dzFDN3RPY2E2SnhF?oc=5\" target=\"_blank\" rel=\"nofollow noopener\">La humanidad tiene mejor salud y vive m\u00e1s a\u00f1os, pero aumenta la mortalidad entre los j\u00f3venes por drogas y suicidio<\/a>&nbsp;&nbsp;ABC<\/li>\n<li><a href=\"https:\/\/news.google.com\/rss\/articles\/CBMimwJBVV95cUxOLVJmMnpNaHRzaGdPbTcyTGJIUFIzODBhVk9tS19kaUJkUnZ6emtUYTh0U1FIWjh2WjQtQThLb3MzUDNOUWxHOU5rR0VCT0REdXZOYzVoVHduTkQ5NDFCbk1yclBhU00yZ0NVbG5VSVpjaHNkY3labHYtOGdSVTZHdWNsS0tKTUxBWUFmaE0xLXpLemdic0JHdGI2WGNVTWZ1eV9uLTlOT0drX3VDa1MwY1MzbU5iWUpHZ3UxRWY2NlVjWkxOaDZtMXhzRnFuNFY2TWoxcWZYVGhteGJ6d2Y2d3gtUEVodlNYOHEtdXVuTWYteXRIUzY0dG9UOVVaa29WVkVJczZvMnF6MWVFbFVIaGJ5bEpXS0xSUWow0gGgAkFVX3lxTE10QTF1TkJ3a3gtVDdudGpRQXpTNElweE1jNF9LakRYM3IwWGplT0J2NjJ1d2NsOFFjZFhDbURkeXY0VXJsRzZLQ0ktSjQwMzVqbzdCYWtoWTdpNW0xS3RwVnhabThiYzkyNHN2RWo0YmZLaDFJalpVOFc2QXVERnBfZWhFOXQzT0lVM2ZsS2hwLVBNNEJVbWZHdExKRThoakpTT1QxTkJaelJka0IzRWxFTWJzX2V3YTR2NkxWdnQ5RGJVMVNheWZGWXVDR2VndnhGYmdKSDBUZG9zOHlRVnROMlhScGtteE5UN2s5NGJRMjg0NGR2YnJMaHlyZWJSSjRkUmNnaEFyNWlfWmVoWUtxT3piUmdHMkhzUU5iT0hlZQ?oc=5\" target=\"_blank\" rel=\"nofollow noopener\">Primera radiograf\u00eda de la salud pospand\u00e9mica: la esperanza de vida crece, pero la mortalidad aumenta entre los j\u00f3venes<\/a>&nbsp;&nbsp;La Voz de Galicia<\/li>\n<li><a href=\"https:\/\/news.google.com\/rss\/articles\/CBMisAFBVV95cUxPVnQzc2NDU3c0ckhpbG9wVmo1a1J3eXc2c0JtSG4yX1RIcW41SWNxdDRpd1c4VzRkWTlwN2Jhc1h1NFZwZ1pBRDJ6Ti1OdElodGx2N2lyb0t5T1paUVpoNUk4dWVkYnJmM00xcXN2RnhVR0pXUlRlbWhqWkVLREJxWGZVZGotMktVTXhfWEk2VV9fa1FOUXZyWm00U1dUUldTcHJFRGNfSlNkeFFRWl90MQ?oc=5\" target=\"_blank\" rel=\"nofollow noopener\">La humanidad vive m\u00e1s, pero los j\u00f3venes mueren antes por el consumo de drogas y el aumento de los suicidios<\/a>&nbsp;&nbsp;Diario Sur<\/li>\n<\/ol>\n","protected":false},"excerpt":{"rendered":"Las tasas de mortalidad disminuyen en todo el mundo, excepto entre los j\u00f3venes&nbsp;&nbsp;El Mundo \u201cMuertes por desesperaci\u00f3n\u201d: la&hellip;\n","protected":false},"author":2,"featured_media":172547,"comment_status":"","ping_status":"","sticky":false,"template":"","format":"standard","meta":{"footnotes":""},"categories":[5],"tags":[17,18,21846,25,24,13,14,11,19,20,9,10,15,16,23,12,21,22],"class_list":{"0":"post-172546","1":"post","2":"type-post","3":"status-publish","4":"format-standard","5":"has-post-thumbnail","7":"category-titulares","8":"tag-breaking-news","9":"tag-breakingnews","10":"tag-ciencia-y-salud-salud","11":"tag-es","12":"tag-espana","13":"tag-featured-news","14":"tag-featurednews","15":"tag-headlines","16":"tag-latest-news","17":"tag-latestnews","18":"tag-news","19":"tag-noticias","20":"tag-noticias-destacadas","21":"tag-noticiasdestacadas","22":"tag-spain","23":"tag-titulares","24":"tag-ultimas-noticias","25":"tag-ultimasnoticias"},"share_on_mastodon":{"url":"","error":""},"_links":{"self":[{"href":"https:\/\/www.europesays.com\/es\/wp-json\/wp\/v2\/posts\/172546","targetHints":{"allow":["GET"]}}],"collection":[{"href":"https:\/\/www.europesays.com\/es\/wp-json\/wp\/v2\/posts"}],"about":[{"href":"https:\/\/www.europesays.com\/es\/wp-json\/wp\/v2\/types\/post"}],"author":[{"embeddable":true,"href":"https:\/\/www.europesays.com\/es\/wp-json\/wp\/v2\/users\/2"}],"replies":[{"embeddable":true,"href":"https:\/\/www.europesays.com\/es\/wp-json\/wp\/v2\/comments?post=172546"}],"version-history":[{"count":0,"href":"https:\/\/www.europesays.com\/es\/wp-json\/wp\/v2\/posts\/172546\/revisions"}],"wp:featuredmedia":[{"embeddable":true,"href":"https:\/\/www.europesays.com\/es\/wp-json\/wp\/v2\/media\/172547"}],"wp:attachment":[{"href":"https:\/\/www.europesays.com\/es\/wp-json\/wp\/v2\/media?parent=172546"}],"wp:term":[{"taxonomy":"category","embeddable":true,"href":"https:\/\/www.europesays.com\/es\/wp-json\/wp\/v2\/categories?post=172546"},{"taxonomy":"post_tag","embeddable":true,"href":"https:\/\/www.europesays.com\/es\/wp-json\/wp\/v2\/tags?post=172546"}],"curies":[{"name":"wp","href":"https:\/\/api.w.org\/{rel}","templated":true}]}}