{"id":172548,"date":"2025-10-12T20:49:08","date_gmt":"2025-10-12T20:49:08","guid":{"rendered":"https:\/\/www.europesays.com\/es\/172548\/"},"modified":"2025-10-12T20:49:08","modified_gmt":"2025-10-12T20:49:08","slug":"el-barca-se-lleva-un-derbi-trepidante-en-granollers","status":"publish","type":"post","link":"https:\/\/www.europesays.com\/es\/172548\/","title":{"rendered":"El Bar\u00e7a se lleva un derbi trepidante en Granollers"},"content":{"rendered":"<p class=\"\"><b>El Bar\u00e7a gan\u00f3 con relativa claridad el derbi catal\u00e1n <\/b>en la pista del Granollers: 28-35 (15-19). El encuentro sirvi\u00f3 para marcar el <b>r\u00e9cord de espectadores en un choque <\/b>en lo que va de temporada, 5.400, que pese a la diferencia en el marcador <b>result\u00f3 trepidante por el ritmo de ambos conjuntos<\/b>, en el que la diferencia la marc\u00f3 Nielsen y la mayor eficacia de los barcelonistas.<\/p>\n<p class=\"\">En el Granollers medio equipo tiene pasado azulgrana, y se vio que para algunos de ellos (Urdangar\u00edn, Palomino, Reguard, Figueras) este partido imposible ten\u00eda algo de especial.<\/p>\n<p class=\"\"><b>Ortega acab\u00f3 pidiendo a los suyos tranquilidad, que no corriesen si no ve\u00edan claro el contragolpe<\/b>. para evitar lesiones, como la de Petar Cikusa, que estaba disfrutando y sufri\u00f3 un esguince de tobillo.<\/p>\n<p>Noticias relacionadas<\/p>\n<p class=\"\">Fue, tambi\u00e9n, un choque de futuro, porque sumando a los dos equipos hubo en la pista diez jugadores de 21 a\u00f1os o menos, algunos a\u00fan en edad juvenil.<\/p>\n<p class=\"\"><b>\u00a1Tus opiniones importan!<\/b> Comenta en los art\u00edculos y suscr\u00edbete gratis a nuestra <a href=\"https:\/\/asfan.as.com\/newsletters\/\" target=\"_blank\" rel=\"nofollow noopener\" title=\"https:\/\/asfan.as.com\/newsletters\/\">newsletter<\/a> y a las alertas informativas en la <a href=\"https:\/\/as.com\/aplicacion-de-as-n\/\" target=\"_blank\" rel=\"nofollow noopener\" title=\"https:\/\/as.com\/aplicacion-de-as-n\/\">App<\/a> o el canal de <a href=\"https:\/\/www.whatsapp.com\/channel\/0029VaAasdA7j6g745nz9M10\" target=\"_blank\" rel=\"nofollow noopener\" title=\"https:\/\/www.whatsapp.com\/channel\/0029VaAasdA7j6g745nz9M10\">WhatsApp<\/a>. \u00bfBuscas licenciar contenido? Haz clic <a href=\"https:\/\/profesional.elpais.com\/soluciones-sindicacion?utm_medium=interno&amp;utm_source=crosslinking&amp;utm_campaign=sindicacion_as_pie_articulos\" target=\"_blank\" rel=\"nofollow noopener\" title=\"https:\/\/profesional.elpais.com\/soluciones-sindicacion?utm_medium=interno&amp;utm_source=crosslinking&amp;utm_campaign=sindicacion_as_pie_articulos\">aqu\u00ed<\/a><\/p>\n","protected":false},"excerpt":{"rendered":"El Bar\u00e7a gan\u00f3 con relativa claridad el derbi catal\u00e1n en la pista del Granollers: 28-35 (15-19). El encuentro&hellip;\n","protected":false},"author":2,"featured_media":172549,"comment_status":"","ping_status":"","sticky":false,"template":"","format":"standard","meta":{"footnotes":""},"categories":[278],"tags":[376,168,25,24,375,23,167],"class_list":{"0":"post-172548","1":"post","2":"type-post","3":"status-publish","4":"format-standard","5":"has-post-thumbnail","7":"category-balonmano","8":"tag-balonmano","9":"tag-deportes","10":"tag-es","11":"tag-espana","12":"tag-handball","13":"tag-spain","14":"tag-sports"},"share_on_mastodon":{"url":"","error":""},"_links":{"self":[{"href":"https:\/\/www.europesays.com\/es\/wp-json\/wp\/v2\/posts\/172548","targetHints":{"allow":["GET"]}}],"collection":[{"href":"https:\/\/www.europesays.com\/es\/wp-json\/wp\/v2\/posts"}],"about":[{"href":"https:\/\/www.europesays.com\/es\/wp-json\/wp\/v2\/types\/post"}],"author":[{"embeddable":true,"href":"https:\/\/www.europesays.com\/es\/wp-json\/wp\/v2\/users\/2"}],"replies":[{"embeddable":true,"href":"https:\/\/www.europesays.com\/es\/wp-json\/wp\/v2\/comments?post=172548"}],"version-history":[{"count":0,"href":"https:\/\/www.europesays.com\/es\/wp-json\/wp\/v2\/posts\/172548\/revisions"}],"wp:featuredmedia":[{"embeddable":true,"href":"https:\/\/www.europesays.com\/es\/wp-json\/wp\/v2\/media\/172549"}],"wp:attachment":[{"href":"https:\/\/www.europesays.com\/es\/wp-json\/wp\/v2\/media?parent=172548"}],"wp:term":[{"taxonomy":"category","embeddable":true,"href":"https:\/\/www.europesays.com\/es\/wp-json\/wp\/v2\/categories?post=172548"},{"taxonomy":"post_tag","embeddable":true,"href":"https:\/\/www.europesays.com\/es\/wp-json\/wp\/v2\/tags?post=172548"}],"curies":[{"name":"wp","href":"https:\/\/api.w.org\/{rel}","templated":true}]}}