{"id":172550,"date":"2025-10-12T20:50:08","date_gmt":"2025-10-12T20:50:08","guid":{"rendered":"https:\/\/www.europesays.com\/es\/172550\/"},"modified":"2025-10-12T20:50:08","modified_gmt":"2025-10-12T20:50:08","slug":"morante-se-va-nos-quedamos-huerfanos","status":"publish","type":"post","link":"https:\/\/www.europesays.com\/es\/172550\/","title":{"rendered":"Morante se va: \u00abNos quedamos hu\u00e9rfanos\u00bb"},"content":{"rendered":"<p style=\"\">Pueden haber sido unas de las doce horas m\u00e1s <a href=\"https:\/\/www.abc.es\/cultura\/toros\/ganadero-osborne-novillo-morante-madrid-descendiente-vaca-20251003121425-nt.html\" target=\"_self\" data-voc-vtm-id=\"in-text-traffic\" title=\"intensas\" data-mrf-link=\"www.abc.es\" rel=\"nofollow noopener\">intensas<\/a> en la vida de Las Ventas. La noche anterior, los aficionados tardaron en conciliar el sue\u00f1o, como ni\u00f1os a la espera de abrir al d\u00eda siguiente los regalos de los Reyes Magos. Y esos  &#8230; <a href=\"https:\/\/www.abc.es\/cultura\/toros\/victorino-toros-20251011140341-nt.html\" target=\"_self\" data-voc-vtm-id=\"in-text-traffic\" title=\"regalos\" data-mrf-link=\"www.abc.es\" rel=\"nofollow noopener\">regalos<\/a> llegaron, \u00a1vaya si llegaron! Aunque tambi\u00e9n carb\u00f3n muy negro para cerrar la jornada. <\/p>\n<p class=\"voc-p\" style=\"\">Vayamos por partes: <strong>el Wellington estaba hasta arriba sobre las 11 de la ma\u00f1ana<\/strong>. Una hora faltaba para que diera comienzo la corrida, pero nadie quer\u00eda perderse un d\u00eda que se sab\u00eda hist\u00f3rico, desde su confecci\u00f3n. Sobre las 11:15 de la ma\u00f1ana, baj\u00f3 <a href=\"https:\/\/www.abc.es\/cultura\/toros\/curro-vazquez-vuelve-ventas-anos-gente-joven-20251009134339-nt.html\" target=\"_self\" data-voc-vtm-id=\"in-text-traffic\" title=\"Curro\" data-mrf-link=\"www.abc.es\" rel=\"nofollow noopener\">Curro<\/a> V\u00e1zquez, <strong>con ese aire de torer\u00eda antigua<\/strong>. Muchos chavales con camisetas de Morante aguardaban para ver al Genio. A las 11:18 baj\u00f3. <strong>Todo el mundo le deten\u00eda para hacerse fotos o darle la mano<\/strong>. No pudo arrancar la furgoneta hasta varios minutos despu\u00e9s. Y, como si fuera un paso de semana santa, tras \u00e9l salieron sus fieles, que casi solapaban la puerta giratoria del hotel. En el momento \u00e1lgido bajaron unos extranjeros, que miraban el por qu\u00e9 de la muchedumbre. \u00ab\u00a1Morante!\u00bb, acert\u00f3 a decir la se\u00f1ora. <\/p>\n<p class=\"voc-p\" style=\"\">A las 11:23 bajaba Olga. Algunas fotos, con compa\u00f1eros de la escuela esperando para desearle suerte. <strong>Estaba nerviosa, pero muy sonriente, sabedora de que era una suerte vivir momento<\/strong>. Inmediatamente despu\u00e9s sali\u00f3 Frascuelo, al que esperaba un cr\u00edo con una gran bandera de Espa\u00f1a. A\u00fan quedaban aficionados fuera, que aplaud\u00edan y deseaban suerte a los toreros. A Ponce siempre le ha gustado apurar. A las 11:28 sali\u00f3 del ascensor. Una foto, otra foto, un saludo. Y m\u00e1s tarde a\u00fan sali\u00f3 Rinc\u00f3n, con algunos<strong> a\u00fan esperando al C\u00e9sar de Madrid<\/strong>. <\/p>\n<p class=\"voc-p\" style=\"\">Entonces, como cr\u00edos, los aficionados se sentaron a recibir sus regalos. <strong>Y  los siete reyes magos que protagonizaban la ma\u00f1ana, les dieron los presentes<\/strong>. Triunfal fue el festival, que Chenel, con su cigarrito, estar\u00eda viendo desde el cielo. Y en los tendidos, no faltaba un torero: Juan Ortega, Pablo Aguado, Aar\u00f3n Palacio, Bruno Aloi, Javier Cort\u00e9s, Uceda Leal, Fabio Jim\u00e9nez, V\u00edctor Hern\u00e1ndez, El Tato, Jos\u00e9 Antonio Campuzano\u2026 <\/p>\n<p class=\"voc-p\" style=\"\"><strong>Eran las 15 en punto cuando se ech\u00f3 el s\u00e9ptimo novillo<\/strong>. Tres horas de festejo, que no se hab\u00eda hecho largo. Casa Toro, C\u00e9sar, La Tienta\u2026 <strong>todos los restaurantes de los alrededores (hasta Sainz de Baranda) estaban llenos, \u00a1desde agosto!<\/strong> Ese es el efecto Morante. Las calles sal\u00edan hablando del trincherazo de Curro, un dobl\u00f3n de Ponce\u2026<\/p>\n<p class=\"voc-p\" style=\"\">A la hora de volver a la plaza, el ambiente segu\u00eda inmejorable, las banderas ondeaban\u2026 Unos pelmas, aunque pocos, daban la tabarra a la puerta de la Monumental en una manifestaci\u00f3n &#8216;animalista&#8217;. Nadie les miraba, la gente volv\u00eda como loca a sus asientos. <strong>\u00ab\u00bfHas visto a Rinc\u00f3n dando distancia, citando de lejos?\u00bb<\/strong>. Hab\u00edamos vuelto a hace treinta a\u00f1os, y todo eran caras de felicidad. Muchos de los toreros que por la ma\u00f1ana hab\u00edan visto el festival desde el tendido, repet\u00edan por la tarde. Incluso los que hab\u00edan toreado: <strong>entraba Frascuelo como una estrella de rock en el tendido 4<\/strong>, ante las felicitaciones desde todo el mundo.<\/p>\n<p class=\"voc-p\" style=\"\">Quienes esperaban en el Wellington, pudieron ver los primeros el vestido de Morante:<strong> un Chenel y oro se enfund\u00f3 el maestro<\/strong>, que sali\u00f3 con poco m\u00e1s de media hora a la plaza. Y, en pos de \u00e9l, volv\u00edan a salir los aficionados, que predec\u00edan una tarde hist\u00f3rica. <\/p>\n<p class=\"voc-p\" style=\"\">En Las Ventas, el tango inundaba el patio de arrastre, en el que Isabel D\u00edaz Ayuso entr\u00f3 un cuarto de hora antes de comenzar la corrida, parada por todos. A ella fue el brindis de <strong>Morante en su primero, por todo lo que defiende, \u00abporque es usted una valiente\u00bb<\/strong>. Y el segundo fue a Abascal. <strong>La gente estaba algo conmocionada por la voltereta que se hab\u00eda llevado instantes antes al sevillano<\/strong>, un animal peligroso por el izquierdo, que le hizo quedarse tirado como un mu\u00f1eco en el ruedo unos segundos, sin poder moverse. <strong>Pero volvi\u00f3 al ruedo, y peg\u00f3 unos derechazos que volvieron loca a la plaza<\/strong>. <\/p>\n<p class=\"voc-p\" style=\"\">Menos un espectador en el 5, que le grit\u00f3: \u00abponte en tu sitio\u00bb. Claro, los 23.999 restantes se pusieron a la contra de ese hombre, que, no contento, continuaba dando guerra.<strong> Dos orejas para Morante<\/strong>, m\u00e1s o menos protestadas -\u00bfimportaba algo?- pase\u00f3 el Genio, visiblemente conmocionado, entre gritos de \u00abJo-sean-tonio-Morante-de-la-Puebla\u00bb. Ya eran muchas emociones: los maestros por la ma\u00f1ana, las dos oreja del de La Puebla, la despedida de Roble\u00f1o\u2026 <strong>cuando lleg\u00f3 la bomba: Morante fue a los medios, y, llorando, se cort\u00f3 la coleta<\/strong>. <\/p>\n<p class=\"voc-p\" style=\"\">Se intercalaban los gritos de \u00ab\u00a1No!, \u00a1No!\u00bb, con los de \u00ab\u00a1Torero, torero!\u00bb. <strong>\u00bfQu\u00e9 acababa de pasar?<\/strong> Se comentaba, se dec\u00eda, se o\u00eda el rumor\u2026 Pero no se pod\u00eda dar cr\u00e9dito. \u00bfSe estaba cortando la coleta Morante? <strong>\u00ab<strong>\u00a1Se acabaron los toros!<\/strong>\u00bb<\/strong>, dec\u00edan los espectadores, como ya dijera Guerrita a la muerte de Joselito. <\/p>\n<p class=\"voc-p\" style=\"\">En 1920 no se acabaron. Ni en 2025 lo har\u00e1n. Pero s\u00ed es cierto que, sin Joselito, cambi\u00f3 el panorama. <strong>Lo mismo ocurrir\u00e1 sin un torero tan insustituible como Morante<\/strong>. La Fiesta perdurar\u00e1, les pese a los de la manifestaci\u00f3n de la tarde, a Urtasun, o a quien sea. Pero una parte de la Fiesta se ha ido con el Genio para siempre. <\/p>\n<p class=\"voc-p\" style=\"\">Pero ah\u00ed no acabaron las emociones. Roble\u00f1o anunci\u00f3 a principios de temporada que se retiraba, y se cort\u00f3 la coleta tras pasear una \u00faltima oreja. Sus hijos bajaron al ruedo, y le quitaron la casta\u00f1eta. <strong>Ah\u00ed se va un torero bravo, con un cuarto de siglo a sus espaldas con las corridas m\u00e1s duras<\/strong>. <\/p>\n<p class=\"voc-p\" style=\"\">Si se comentaba que su primera puerta grande hab\u00eda sido apote\u00f3sica, \u00e9sta no fue menos: cuando saltaba el sexto al ruedo, la puerta grande estaba llena de gente, conocedora de la noticia. Pero de gente conocedora de la noticia, porque en la plaza no se movi\u00f3 nadie. \u00ab<strong>Hab\u00eda ambiente de p\u00e9same, pero nadie se lo quer\u00eda perder<\/strong>\u00bb, comentaba una se\u00f1ora ya en el Hotel Wellington. <\/p>\n<p class=\"voc-p\" style=\"\">Hasta ah\u00ed llevaron a Morante, atr\u00e1s, una multitudinaria puerta grande, donde todos quer\u00edan tocar al \u00eddolo. No lo llevaron a hombros lo intentaron la paliza el de La Puebla. Pero cientos de aficionados, la mayor\u00eda de menos de 25 a\u00f1os, se golpean en la puerta del taurino hotel, esperando que saliera el dios a bendecir a los fieles. <\/p>\n<p class=\"voc-p\" style=\"\">Y sali\u00f3, un rato despu\u00e9s, con un bat\u00edn y una copa de vino blanco. <strong>Salud\u00f3 brevemente, y ante los gritos de: \u00abqu\u00e9date\u00bb<\/strong>, abr\u00eda los brazos, negando con la cabeza. Tras eso, volvi\u00f3 a meterse. La chavaler\u00eda, no dispuesta a ver as\u00ed, por \u00faltima vez as\u00ed al \u00eddolo, gritaba : \u00abSi Morante no sale, no me voy de aqu\u00ed\u00bb, mezclado con \u00ab\u00a1torero, torero!\u00bb, y vivas a Jos\u00e9 Antonio, Espa\u00f1a, y alguno a Chenel, primer protagonista del d\u00eda.<\/p>\n<p class=\"voc-p\" style=\"\">\u00ab<strong>Nos quedamos hu\u00e9rfanos<\/strong>\u00bb, comentaba un chico. Algunos esperaban sonrientes, Volvi\u00f3 a salir, y bes\u00f3 la bandera de Espa\u00f1a. Unos mandaban callar, por si hablaba. Otros coreaban su nombre. Pero muchos sent\u00edan esa sensaci\u00f3n de orfandad. <strong>No faltaban l\u00e1grimas, de pena, emoci\u00f3n&#8230;<\/strong> Con sensatez hablaba un joven: \u00abVoy a seguir abonado a Madrid, voy a seguir yendo a los toros, pero los kil\u00f3metros que me he hecho por \u00e9l, no los voy  volver a hacer\u00bb.<\/p>\n<p class=\"voc-p\" style=\"\">Tambi\u00e9n aguradaban, entre el centenar de personas que quer\u00edan ver al cigarrero, j\u00f3venes de la escuela taurina, que quer\u00edan felicitar a su maestro. Roble\u00f1o ha dicho adi\u00f3s a los rudos, pero ahora le queda una ilusionante labor al madrile\u00f1o: la de director de la Escuela Yiyo, entrenando a los nuevos valores de la tauromaquia. Unos se van, otros llegan, como Sergio Rodr\u00edguez, confirmante esta tarde tras ganar la Copa Chenel\u2026 pero<strong> el toreo eterno, el de Anto\u00f1ete, Curro V\u00e1zquez, Rinc\u00f3n, Ponce&#8230; y Morante perdurar\u00e1 para siempre<\/strong>.<\/p>\n","protected":false},"excerpt":{"rendered":"Pueden haber sido unas de las doce horas m\u00e1s intensas en la vida de Las Ventas. La noche&hellip;\n","protected":false},"author":2,"featured_media":172551,"comment_status":"","ping_status":"","sticky":false,"template":"","format":"standard","meta":{"footnotes":""},"categories":[277],"tags":[373,168,25,24,49876,780,49875,23,167,374],"class_list":{"0":"post-172550","1":"post","2":"type-post","3":"status-publish","4":"format-standard","5":"has-post-thumbnail","7":"category-toreo","8":"tag-bullfighting","9":"tag-deportes","10":"tag-es","11":"tag-espana","12":"tag-huerfanos","13":"tag-morante","14":"tag-quedamos","15":"tag-spain","16":"tag-sports","17":"tag-toreo"},"share_on_mastodon":{"url":"","error":""},"_links":{"self":[{"href":"https:\/\/www.europesays.com\/es\/wp-json\/wp\/v2\/posts\/172550","targetHints":{"allow":["GET"]}}],"collection":[{"href":"https:\/\/www.europesays.com\/es\/wp-json\/wp\/v2\/posts"}],"about":[{"href":"https:\/\/www.europesays.com\/es\/wp-json\/wp\/v2\/types\/post"}],"author":[{"embeddable":true,"href":"https:\/\/www.europesays.com\/es\/wp-json\/wp\/v2\/users\/2"}],"replies":[{"embeddable":true,"href":"https:\/\/www.europesays.com\/es\/wp-json\/wp\/v2\/comments?post=172550"}],"version-history":[{"count":0,"href":"https:\/\/www.europesays.com\/es\/wp-json\/wp\/v2\/posts\/172550\/revisions"}],"wp:featuredmedia":[{"embeddable":true,"href":"https:\/\/www.europesays.com\/es\/wp-json\/wp\/v2\/media\/172551"}],"wp:attachment":[{"href":"https:\/\/www.europesays.com\/es\/wp-json\/wp\/v2\/media?parent=172550"}],"wp:term":[{"taxonomy":"category","embeddable":true,"href":"https:\/\/www.europesays.com\/es\/wp-json\/wp\/v2\/categories?post=172550"},{"taxonomy":"post_tag","embeddable":true,"href":"https:\/\/www.europesays.com\/es\/wp-json\/wp\/v2\/tags?post=172550"}],"curies":[{"name":"wp","href":"https:\/\/api.w.org\/{rel}","templated":true}]}}