{"id":172555,"date":"2025-10-12T20:57:15","date_gmt":"2025-10-12T20:57:15","guid":{"rendered":"https:\/\/www.europesays.com\/es\/172555\/"},"modified":"2025-10-12T20:57:15","modified_gmt":"2025-10-12T20:57:15","slug":"el-valladolid-se-lleva-el-derbi-ante-el-burgos-en-el-plantio-0-1","status":"publish","type":"post","link":"https:\/\/www.europesays.com\/es\/172555\/","title":{"rendered":"El Valladolid se lleva el derbi ante el Burgos en El Plant\u00edo (0-1)"},"content":{"rendered":"<p>El Real Valladolid ha salido victorioso del Estadio Municipal El Plant\u00edo gracias a <strong>un golazo de falta directa de Chuki en la segunda mitad <\/strong>que ha sido suficiente para decidir el derbi castellano contra el Burgos CF (0-1).<\/p>\n<p>El conjunto pucelano se ha llevado los tres puntos de tierras burgalesas tras un partido tenso en el que ha habido hasta 12 cartulinas amarillas y en el que hasta el descanso ha pasado poco. De hecho, <strong>la \u00fanica ocasi\u00f3n real de peligro de los locales en el primer tiempo se produjo a los 50 segundos<\/strong>. Despu\u00e9s, no pudo increpar a un Valladolid que lo intent\u00f3 tambi\u00e9n de manera infructuosa con centros hacia Latasa.<\/p>\n<p>Tras el paso por los vestuarios Ramis meti\u00f3 a los hermanos C\u00f3rdoba en el partido, pero una magistral falta botada por Chuki, que lleg\u00f3 a tocar en el larguero y en la que no pudo hacer nada Cantero, puso el 0-1. Despu\u00e9s, <strong>la entrada en el partido de Ferm\u00edn y de Mateo Mej\u00eda cambi\u00f3 al Burgos<\/strong>. El primero puso varios centros muy peligrosos y el segundo se lleg\u00f3 a estrellar con el palo.<\/p>\n<p>Eso s\u00ed, el Valladolid tambi\u00e9n tuvo su oportunidad de poner el 0-2 con <strong>un zapatazo de Marcos Andr\u00e9 desde fuera del \u00e1rea que se estrell\u00f3 en la misma cruceta<\/strong>. En los minutos finales lo sigui\u00f3 intentando el Burgos sin \u00e9xito.<\/p>\n<p><strong>Tras el pitido final hubo enfrentamiento entre varios jugadores del Burgos con el portero visitante, Guilherme<\/strong>, e incluso se lanzaron objetos desde parte del fondo sur mientras se increpaba e insultaba al rival. Un final triste para un partido que fue tenso desde el inicio y que provoca en el Burgos su primera decepci\u00f3n en El Plant\u00edo este curso.<\/p>\n<p><strong>FICHA T\u00c9CNICA:<\/strong><\/p>\n<p><strong>Burgos CF: <\/strong>Cantero, Lizancos, Sergio Gonz\u00e1lez, Grego Sierra, Florian Miguel, Morante (\u00cd\u00f1igo C\u00f3rdoba min 46), Atienza, David Gonz\u00e1lez (Aitor C\u00f3rdoba min 46), Mario Gonz\u00e1lez (Mej\u00eda min 63), Appin (Ferm\u00edn min 63), Fer Ni\u00f1o.<\/p>\n<p><strong>Real Valladolid: <\/strong>Guilherme, Alejo, Pablo Tomeo, Torres, Garriel (Guille Bueno min 69), Meseguer (Alani min 75) , Juric, Peter (Marcos Andr\u00e9 min 69), Ten\u00e9s (Chuki min 38), Biuk (Ponceau min 75)y Latasa.<\/p>\n<p><strong>Gol:<\/strong> 0-1 M.55: Chuki<\/p>\n<p><strong>\u00c1rbitro:<\/strong> Manuel \u00c1ngel P\u00e9rez Hern\u00e1ndez (comit\u00e9 madrile\u00f1o). Amonest\u00f3 por los locales a Atienza (min 21), Morante (min 44), Lizancos (min 45+2), Florian Miguel (min 55), Sergio Gonz\u00e1lez (min 68), Fer Ni\u00f1o (min 75) y por los visitantes a Garriel (min 8), Alejo (min 22), Meseguer (min 35), Juric (min 73), Biuk (min 75), Torres (min 83), Chuki (min 90). Amonest\u00f3 al segundo entrenador del Burgos CF Jos\u00e9 Manuel Gil (min 27) y al entrenador del Valladolid Almada por protestar (min 23).<\/p>\n<p><strong>Incidencias: <\/strong>Partido correspondiente a la jornada 9 de la Liga Hypermotion celebrado en el Estadio Municipal de El Plant\u00edo ante 11.011 espectadores.<\/p>\n","protected":false},"excerpt":{"rendered":"El Real Valladolid ha salido victorioso del Estadio Municipal El Plant\u00edo gracias a un golazo de falta directa&hellip;\n","protected":false},"author":2,"featured_media":172556,"comment_status":"","ping_status":"","sticky":false,"template":"","format":"standard","meta":{"footnotes":""},"categories":[268],"tags":[12745,2770,168,25,24,280,282,5298,281,23,167],"class_list":{"0":"post-172555","1":"post","2":"type-post","3":"status-publish","4":"format-standard","5":"has-post-thumbnail","7":"category-futbol","8":"tag-aitor-cordoba","9":"tag-complejo-deportivo-el-plantio","10":"tag-deportes","11":"tag-es","12":"tag-espana","13":"tag-football","14":"tag-futbol","15":"tag-real-valladolid-cf","16":"tag-soccer","17":"tag-spain","18":"tag-sports"},"share_on_mastodon":{"url":"","error":""},"_links":{"self":[{"href":"https:\/\/www.europesays.com\/es\/wp-json\/wp\/v2\/posts\/172555","targetHints":{"allow":["GET"]}}],"collection":[{"href":"https:\/\/www.europesays.com\/es\/wp-json\/wp\/v2\/posts"}],"about":[{"href":"https:\/\/www.europesays.com\/es\/wp-json\/wp\/v2\/types\/post"}],"author":[{"embeddable":true,"href":"https:\/\/www.europesays.com\/es\/wp-json\/wp\/v2\/users\/2"}],"replies":[{"embeddable":true,"href":"https:\/\/www.europesays.com\/es\/wp-json\/wp\/v2\/comments?post=172555"}],"version-history":[{"count":0,"href":"https:\/\/www.europesays.com\/es\/wp-json\/wp\/v2\/posts\/172555\/revisions"}],"wp:featuredmedia":[{"embeddable":true,"href":"https:\/\/www.europesays.com\/es\/wp-json\/wp\/v2\/media\/172556"}],"wp:attachment":[{"href":"https:\/\/www.europesays.com\/es\/wp-json\/wp\/v2\/media?parent=172555"}],"wp:term":[{"taxonomy":"category","embeddable":true,"href":"https:\/\/www.europesays.com\/es\/wp-json\/wp\/v2\/categories?post=172555"},{"taxonomy":"post_tag","embeddable":true,"href":"https:\/\/www.europesays.com\/es\/wp-json\/wp\/v2\/tags?post=172555"}],"curies":[{"name":"wp","href":"https:\/\/api.w.org\/{rel}","templated":true}]}}