{"id":172557,"date":"2025-10-12T20:58:08","date_gmt":"2025-10-12T20:58:08","guid":{"rendered":"https:\/\/www.europesays.com\/es\/172557\/"},"modified":"2025-10-12T20:58:08","modified_gmt":"2025-10-12T20:58:08","slug":"las-anecdotas-del-12-o-sanchez-huyendo-de-la-recepcion-los-bostezos-de-puente-o-la-complicidad-de-leonor-y-sofia","status":"publish","type":"post","link":"https:\/\/www.europesays.com\/es\/172557\/","title":{"rendered":"Las an\u00e9cdotas del 12-O: S\u00e1nchez huyendo de la recepci\u00f3n, los bostezos de Puente o la complicidad de Leonor y Sof\u00eda"},"content":{"rendered":"<p>El <strong>desfile y la recepci\u00f3n<\/strong> con motivo de la <strong>Fiesta Nacional de 2025 <\/strong>nos ha dejado <strong>an\u00e9cdotas, im\u00e1genes y curiosidades <\/strong>dentro de un acto solemne y protocolario, pero en el que siempre hay momentos espont\u00e1neos, de complicidad y relajados.<\/p>\n<p>Hac\u00eda cuatro a\u00f1os que los Reyes, la <a href=\"https:\/\/www.libertaddigital.com\/personajes\/princesa-leonor-de-borbon\/\" rel=\"nofollow noopener\" target=\"_blank\"><strong>Princesa Leonor<\/strong><\/a> y la<strong> <a href=\"https:\/\/www.libertaddigital.com\/personajes\/infanta-sofia-de-borbon\/\" rel=\"nofollow noopener\" target=\"_blank\">Infanta Sof\u00eda<\/a><\/strong> no coincid\u00edan el 12 de octubre, debido a la formaci\u00f3n acad\u00e9mica en Gales de ambas. En este regreso, la Infanta Sof\u00eda se ha mostrado espont\u00e1nea, incluso a su llegada, no ha podido evitar re\u00edrse de forma nerviosa mientras miraba a ambos lados, por los abucheos a <a href=\"https:\/\/www.libertaddigital.com\/personajes\/pedro-sanchez\/\" rel=\"nofollow noopener\" target=\"_blank\"><strong>Pedro S\u00e1nchez<\/strong><\/a>.<\/p>\n<p><a class=\"fancybox\" href=\"https:\/\/s1.staticld.com\/2025\/10\/12\/sofia-leonor-tv121025.jpeg\" rel=\"nofollow noreferrer noopener\" target=\"_blank\"><img class=\"l\" data-  style=\"aspect-ratio: 477 \/ 299\" alt=\"sofia-leonor-tv121025.jpeg\"\/><\/a><\/p>\n<p>Por su parte, la Princesa Leonor ha estado m\u00e1s tranquila que su hermana, m\u00e1s metida en su papel institucional de quien sabe a la perfecci\u00f3n c\u00f3mo actuar acorde al protocolo de un acto tan solemne.<\/p>\n<p><strong>La complicidad padre e hija, y entre las hermanas<\/strong><\/p>\n<p><a class=\"fancybox\" href=\"https:\/\/s1.staticld.com\/2025\/10\/12\/desfile-12-0-madrid-2025-5.jpg\" rel=\"nofollow noreferrer noopener\" target=\"_blank\"><img class=\"l\" data-  style=\"aspect-ratio: 2560 \/ 1707\" alt=\"desfile-12-0-madrid-2025-5.jpg\"\/><\/a><\/p>\n<p>Otra de las im\u00e1genes que han llamado la atenci\u00f3n ha sido la complicidad entre el Rey y la Princesa de Asturias, que han charlado y comentado momentos del desfile como cuando, por ejemplo, <a href=\"https:\/\/www.libertaddigital.com\/personajes\/felipe-vi\/\" rel=\"nofollow noopener\" target=\"_blank\"><strong>Felipe VI <\/strong><\/a>le ha preguntado durante el desfile a\u00e9reo \u00ab\u00bfHas visto algo?\u00bb, a lo que la Princesa ha respondido \u00abno\u00bb mientras sonre\u00eda a su padre.<\/p>\n<p><a class=\"fancybox\" href=\"https:\/\/s1.staticld.com\/2025\/10\/12\/leonor-y-sofia-recepcion-palacio-real-12-de-octubre-2025.jpg\" rel=\"nofollow noreferrer noopener\" target=\"_blank\"><img class=\"l\" data-  style=\"aspect-ratio: 2560 \/ 1707\" alt=\"leonor-y-sofia-recepcion-palacio-real-12-de-octubre-2025.jpg\"\/><\/a><\/p>\n<p>Las hermanas han estado, como siempre, muy pendientes la una de la otra. Incluso en un momento, durante la recepci\u00f3n y mientras la Familia Real se retiraba para hacer un leve receso, la <strong>Princesa ha corregido a su hermana y le ha se\u00f1alado cari\u00f1osamente donde ten\u00eda que colocarse<\/strong>, algo que la Infanta Sof\u00eda ha agradecido con una sonrisa y que la Princesa Leonor le ha devuelto cogi\u00e9ndola por la cintura de forma cari\u00f1osa.<\/p>\n<p><strong>S\u00e1nchez pendiente de su m\u00f3vil y \u00d3scar Puente, bostezando<\/strong><\/p>\n<p><a class=\"fancybox\" href=\"https:\/\/s1.staticld.com\/2025\/10\/12\/desfile-12-0-madrid-2025-4.jpg\" rel=\"nofollow noreferrer noopener\" target=\"_blank\"><img class=\"l\" data-  style=\"aspect-ratio: 2560 \/ 1707\" alt=\"desfile-12-0-madrid-2025-4.jpg\"\/><\/a><\/p>\n<p>Adem\u00e1s de los abucheos, ha llamado la atenci\u00f3n la actitud ausente de <strong>Pedro S\u00e1nchez<\/strong>, que ha estado m\u00e1s pendiente de su m\u00f3vil que del desfile, as\u00ed como los constantes bostezos de <strong>\u00d3scar Puente<\/strong>, no sabemos si por aburrimiento o por el sue\u00f1o acumulado de quien ha sido padre hace poco.<\/p>\n<p><strong>Do\u00f1a Letizia, siempre pendiente de sus hijas<\/strong><\/p>\n<p><a class=\"fancybox\" href=\"https:\/\/s1.staticld.com\/2025\/10\/12\/letizia-y-leonor-recepcion-12-de-octubre-2025.jpg\" rel=\"nofollow noreferrer noopener\" target=\"_blank\"><img class=\"l\" data-  style=\"aspect-ratio: 2560 \/ 1707\" alt=\"letizia-y-leonor-recepcion-12-de-octubre-2025.jpg\"\/><\/a><\/p>\n<p>Si durante el desfile la Reina depart\u00eda cari\u00f1osamente con su hija menor, durante el besamanos <a href=\"https:\/\/www.libertaddigital.com\/personajes\/letizia-ortiz\/\" rel=\"nofollow noopener\" target=\"_blank\"><strong>Do\u00f1a Letizia<\/strong><\/a> ha estado muy pendiente de la Princesa Leonor, charlando y riendo de forma espont\u00e1nea y cari\u00f1osa.<\/p>\n<p><strong>La soledad de Pedro S\u00e1nchez y su huida antes de que acabara la recepci\u00f3n<\/strong><\/p>\n<p>Por cuarto a\u00f1o consecutivo, <strong>Pedro S\u00e1nchez ha acudido en solitario a la recepci\u00f3n<\/strong>. Si en 2022 Bego\u00f1a G\u00f3mez justific\u00f3 su ausencia en una repentina \u00abgripe\u00bb, ni en 2023 ni 2024 no apareci\u00f3 por el Palacio Real quiz\u00e1s debido a su horizonte judicial. En 2025 tampoco ha sido una excepci\u00f3n.<\/p>\n<p><a class=\"fancybox\" href=\"https:\/\/s1.staticld.com\/2025\/10\/12\/pedro-sanchez-recepcion-palacio-real-12-octubre-2025.jpg\" rel=\"nofollow noreferrer noopener\" target=\"_blank\"><img class=\"l\" data-  style=\"aspect-ratio: 2560 \/ 1707\" alt=\"pedro-sanchez-recepcion-palacio-real-12-octubre-2025.jpg\"\/><\/a><\/p>\n<p>Asimismo, por primera vez, el presidente del Gobierno ha abandonado antes de tiempo la recepci\u00f3n y no ha estado presente en el tradicional primer corrillo con la prensa en el Palacio Real, algo que en Moncloa han justificado comentando que el presidente \u00abten\u00eda que irse a Egipto\u00bb para estar presente en la firma del acuerdo de paz entre Israel y Ham\u00e1s, aunque su avi\u00f3n a El Cairo no sale hasta ma\u00f1ana lunes 13 de octubre a primera hora de la ma\u00f1ana\u2026<\/p>\n<p><strong>Los detalles de los Reyes con sus invitados<\/strong><\/p>\n<p>El primer gesto de cari\u00f1o de los Reyes con sus invitados, ha sido hacia Miguel Herrero y Rodr\u00edguez de Mi\u00f1\u00f3n, padre de la Constituci\u00f3n y al que han saludado afectuosamente acerc\u00e1ndose hacia \u00e9l.<\/p>\n<p><a class=\"fancybox\" href=\"https:\/\/s1.staticld.com\/2025\/10\/12\/reina-letizia-alvaro-pombo-recepcion-12-de-octubre-2025.jpg\" rel=\"nofollow noreferrer noopener\" target=\"_blank\"><img class=\"l\" data-  style=\"aspect-ratio: 2560 \/ 1707\" alt=\"reina-letizia-alvaro-pombo-recepcion-12-de-octubre-2025.jpg\"\/><\/a><\/p>\n<p>Y otra de las muestras de cari\u00f1o ha sido hacia <strong>\u00c1lvaro Pombo<\/strong>, Premio Cervantes 2025, que ha acudido en silla de ruedas debido a su delicado estado de salud, y a quien tambi\u00e9n han saludado con afecto y compartiendo unas palabras.<\/p>\n<p>Tambi\u00e9n han aprovechado el momento para preguntar al presidente del Consell de Mallorca, <strong>Lloren\u00e7 Galm\u00e9s<\/strong>, sobre la DANA que est\u00e1 azotando el Mediterr\u00e1neo en los \u00faltimos d\u00edas.<\/p>\n<p><strong>Teresa Urquijo, criticada en X por un medio&#8230; \u00a1por hacer una reverencia a la Familia Real!<\/strong><\/p>\n<p><a class=\"fancybox\" href=\"https:\/\/s1.staticld.com\/2025\/10\/12\/teresa-urquijo-recepcion-12-de-octubre.jpg\" rel=\"nofollow noreferrer noopener\" target=\"_blank\"><img class=\"l\" data-  style=\"aspect-ratio: 2560 \/ 2197\" alt=\"teresa-urquijo-recepcion-12-de-octubre.jpg\"\/><\/a><\/p>\n<p>Teresa Urquijo, mujer del alcalde de Madrid ha sido criticada por un medio de comunicaci\u00f3n a trav\u00e9s de la red social X, el HuffPost, que ha se\u00f1alado que \u00abla esposa del alcalde de Madrid, hace un saludo muy peculiar a los Reyes de Espa\u00f1a\u00bb. Los comentarios no se han hecho esperar y m\u00e1s cuando se les ha se\u00f1alado que dicho saludo \u00abmuy peculiar\u00bb se llama protocolo.<\/p>\n<p><strong>Las ausencias de ministros y presidentes auton\u00f3micos<\/strong><\/p>\n<p>No han acudido ni al desfile ni a la recepci\u00f3n las ministras de Sanidad, <strong>M\u00f3nica Garc\u00eda<\/strong>, y de Juventud e Infancia, <strong>Sira Rego<\/strong>, de viaje en Alemania y Jordania respectivamente. Tambi\u00e9n han faltado la ministra de Igualdad, <strong>Ana Redondo<\/strong>, el titular de Derechos Sociales y Agencia 2030, <strong>Pablo Bustinduy<\/strong>, y el de Econom\u00eda, <strong>Carlos Cuerpo<\/strong>. Asimismo, hasta seis presidentes auton\u00f3micos: el lehendakari vasco, <strong>Imanol Pradales<\/strong>, los presidentes de Canarias, <strong>Fernando Clavijo<\/strong>, y de La Rioja, <strong>Gonzalo Capell\u00e1n<\/strong>, la presidenta de Baleares, <strong>Marga Prohens<\/strong>; el de la Comunidad Valenciana, <strong>Carlos Maz\u00f3n<\/strong>, y el de Murcia, <strong>Fernando L\u00f3pez Miras<\/strong>, ya que estos tres \u00faltimos se encuentran pendientes de la evoluci\u00f3n de la DANA Alice que afecta a sus comunidades.<\/p>\n<p><strong>\u00bfHan repetido look algunas invitadas?<\/strong><\/p>\n<p>Otro de los cl\u00e1sicos de la recepci\u00f3n del 12-O suelen ser las invitadas que coinciden con sus estilismos, algo que no es complicado cuando hay m\u00e1s de 1000 invitados congregados. En esta ocasi\u00f3n han sido dos invitadas que han lucido el mismo modelo de la firma Panambi, concretamente el conjunto estampado Poete.<\/p>\n","protected":false},"excerpt":{"rendered":"El desfile y la recepci\u00f3n con motivo de la Fiesta Nacional de 2025 nos ha dejado an\u00e9cdotas, im\u00e1genes&hellip;\n","protected":false},"author":2,"featured_media":172558,"comment_status":"","ping_status":"","sticky":false,"template":"","format":"standard","meta":{"footnotes":""},"categories":[174],"tags":[255,146,147,25,24,256,11507,11440,11508,23],"class_list":{"0":"post-172557","1":"post","2":"type-post","3":"status-publish","4":"format-standard","5":"has-post-thumbnail","7":"category-famosos","8":"tag-celebrities","9":"tag-entertainment","10":"tag-entretenimiento","11":"tag-es","12":"tag-espana","13":"tag-famosos","14":"tag-leonor-de-borbon","15":"tag-letizia-ortiz","16":"tag-sofia-de-borbon","17":"tag-spain"},"share_on_mastodon":{"url":"","error":""},"_links":{"self":[{"href":"https:\/\/www.europesays.com\/es\/wp-json\/wp\/v2\/posts\/172557","targetHints":{"allow":["GET"]}}],"collection":[{"href":"https:\/\/www.europesays.com\/es\/wp-json\/wp\/v2\/posts"}],"about":[{"href":"https:\/\/www.europesays.com\/es\/wp-json\/wp\/v2\/types\/post"}],"author":[{"embeddable":true,"href":"https:\/\/www.europesays.com\/es\/wp-json\/wp\/v2\/users\/2"}],"replies":[{"embeddable":true,"href":"https:\/\/www.europesays.com\/es\/wp-json\/wp\/v2\/comments?post=172557"}],"version-history":[{"count":0,"href":"https:\/\/www.europesays.com\/es\/wp-json\/wp\/v2\/posts\/172557\/revisions"}],"wp:featuredmedia":[{"embeddable":true,"href":"https:\/\/www.europesays.com\/es\/wp-json\/wp\/v2\/media\/172558"}],"wp:attachment":[{"href":"https:\/\/www.europesays.com\/es\/wp-json\/wp\/v2\/media?parent=172557"}],"wp:term":[{"taxonomy":"category","embeddable":true,"href":"https:\/\/www.europesays.com\/es\/wp-json\/wp\/v2\/categories?post=172557"},{"taxonomy":"post_tag","embeddable":true,"href":"https:\/\/www.europesays.com\/es\/wp-json\/wp\/v2\/tags?post=172557"}],"curies":[{"name":"wp","href":"https:\/\/api.w.org\/{rel}","templated":true}]}}