{"id":172559,"date":"2025-10-12T21:00:10","date_gmt":"2025-10-12T21:00:10","guid":{"rendered":"https:\/\/www.europesays.com\/es\/172559\/"},"modified":"2025-10-12T21:00:10","modified_gmt":"2025-10-12T21:00:10","slug":"andres-di-tella-revela-prueba-de-camara-un-fascinante-cruce-entre-memoria-y-ficcion-literaria","status":"publish","type":"post","link":"https:\/\/www.europesays.com\/es\/172559\/","title":{"rendered":"Andr\u00e9s Di Tella revela \u00abPrueba de c\u00e1mara\u00bb: Un fascinante cruce entre memoria y ficci\u00f3n literaria."},"content":{"rendered":"<p>\u00bfEst\u00e1s listo para sumergirte en el fascinante mundo donde la literatura y el cine se entrelazan? Este jueves 9 de octubre, la Editorial Entrop\u00eda invita a todos los amantes de las palabras y las im\u00e1genes a la presentaci\u00f3n del \u00faltimo libro de Andr\u00e9s Di Tella, \u00abPrueba de c\u00e1mara\u00bb. Un evento imperdible que se llevar\u00e1 a cabo en Libros de Pasaje, Thames 1762, a las 18 horas. Este encuentro contar\u00e1 con la participaci\u00f3n especial de la escritora Mercedes Halfon y los talentosos m\u00fasicos Tatiana Ivancovich e Isaias Maiola Wheeler, quienes deleitar\u00e1n al p\u00fablico interpretando algunas canciones mencionadas en el libro.<\/p>\n<p>Un Viaje por la Memoria y la Identidad<\/p>\n<p>\n\u201cPrueba de c\u00e1mara\u201d no es solo un libro, es un viaje emocional y reflexivo a trav\u00e9s de la autobiograf\u00eda, el ensayo y la ficci\u00f3n. Andr\u00e9s Di Tella, conocido por su trayectoria en el cine documental, nos ofrece una obra que refleja su transici\u00f3n hacia la literatura con un estilo \u00fanico y cautivador. En este libro, el autor explora temas profundos como la memoria, la identidad y la familia. A trav\u00e9s de sus p\u00e1ginas, nos lleva a una exploraci\u00f3n de recuerdos y experiencias personales, entrelazadas con momentos hist\u00f3ricos y culturales significativos.<\/p>\n<p>\u2013 **Exploraci\u00f3n de la Memoria**: Di Tella utiliza su habilidad para convertir el pasado en una narrativa vibrante y elusiva.<br \/>\u2013 **Identidad y Familia**: El libro profundiza en c\u00f3mo nuestras ra\u00edces y relaciones moldean qui\u00e9nes somos.<br \/>\u2013 **Reflexi\u00f3n Autobiogr\u00e1fica y Ficci\u00f3n**: El autor mezcla elementos de su vida con ficciones que enriquecen la narrativa.<\/p>\n<p>El Evento de Lanzamiento<\/p>\n<p>\nEl lanzamiento de \u201cPrueba de c\u00e1mara\u201d promete ser una velada llena de arte y amistad. La escritora Mercedes Halfon, quien ha profundizado en el libro, compartir\u00e1 su visi\u00f3n y discutir\u00e1 los temas centrales de la obra, destacando c\u00f3mo Di Tella entrelaza el arte con la vida cotidiana. Adem\u00e1s, la m\u00fasica jugar\u00e1 un papel crucial en el evento, con interpretaciones de Tatiana Ivancovich e Isaias Maiola Wheeler, a\u00f1adiendo una dimensi\u00f3n sonora que complementa la experiencia literaria.<\/p>\n<p>\u2013 **Interacci\u00f3n con Invitados Especiales**: Di\u00e1logos y discusiones enriquecedoras sobre el libro.<br \/>\u2013 **M\u00fasica en Vivo**: Actuaciones que reviven canciones mencionadas en la obra, creando un ambiente \u00fanico.<\/p>\n<p>El Legado y la Trayectoria de Andr\u00e9s Di Tella<\/p>\n<p>\nAndr\u00e9s Di Tella es una figura emblem\u00e1tica en el mundo del documental en Argentina y un pionero en la narraci\u00f3n visual. Su carrera en el cine y la literatura ha sido distinguida con numerosos premios, incluyendo la prestigiosa Beca Guggenheim. Entre sus obras m\u00e1s destacadas se encuentran \u201cLa televisi\u00f3n y yo\u201d, \u201cFicci\u00f3n privada\u201d y \u201cDiarios\u201d, todas explorando con delicadeza la intersecci\u00f3n entre lo personal y lo universal.<\/p>\n<p>\u2013 **Publicaciones Anteriores**: \u201cCuadernos\u201d (2020) y \u201cUna pel\u00edcula es todo el cine\u201d (2025).<br \/>\u2013 **Contribuciones al Cine y la Cultura**: Fundador del BAFICI y del Princeton Documentary Festival.<\/p>\n<p>Con \u201cPrueba de c\u00e1mara\u201d, Andr\u00e9s Di Tella no solo confirma su habilidad para trascender g\u00e9neros y formatos, sino que tambi\u00e9n consolida su voz como un narrador que convierte lo personal en un reflejo de lo colectivo, y lo ef\u00edmero en arte perdurable. Este libro es una invitaci\u00f3n a todos aquellos que buscan entender c\u00f3mo la historia personal se entrelaza con el tiempo y el espacio, haciendo de cada recuerdo una obra de arte.<\/p>\n<p>Art\u00edculos similares<\/p>\n<p><img loading=\"lazy\" decoding=\"async\" src=\"https:\/\/www.europesays.com\/es\/wp-content\/uploads\/2025\/10\/Joaquin-Varela.jpeg\" width=\"100\" height=\"100\" alt=\"Joaqu\u00edn Varela\" itemprop=\"image\"\/><\/p>\n<p>Joaqu\u00edn Varela es un periodista cultural curioso, explorando arte, cine y m\u00fasica. Destaca talentos emergentes y eventos destacados con una mirada accesible e inspiradora. Sus entrevistas y rese\u00f1as ampl\u00edan tu experiencia en el mundo art\u00edstico.<\/p>\n","protected":false},"excerpt":{"rendered":"\u00bfEst\u00e1s listo para sumergirte en el fascinante mundo donde la literatura y el cine se entrelazan? Este jueves&hellip;\n","protected":false},"author":2,"featured_media":172560,"comment_status":"","ping_status":"","sticky":false,"template":"","format":"standard","meta":{"footnotes":""},"categories":[172],"tags":[224,146,147,25,24,225,23],"class_list":{"0":"post-172559","1":"post","2":"type-post","3":"status-publish","4":"format-standard","5":"has-post-thumbnail","7":"category-libros","8":"tag-books","9":"tag-entertainment","10":"tag-entretenimiento","11":"tag-es","12":"tag-espana","13":"tag-libros","14":"tag-spain"},"share_on_mastodon":{"url":"","error":""},"_links":{"self":[{"href":"https:\/\/www.europesays.com\/es\/wp-json\/wp\/v2\/posts\/172559","targetHints":{"allow":["GET"]}}],"collection":[{"href":"https:\/\/www.europesays.com\/es\/wp-json\/wp\/v2\/posts"}],"about":[{"href":"https:\/\/www.europesays.com\/es\/wp-json\/wp\/v2\/types\/post"}],"author":[{"embeddable":true,"href":"https:\/\/www.europesays.com\/es\/wp-json\/wp\/v2\/users\/2"}],"replies":[{"embeddable":true,"href":"https:\/\/www.europesays.com\/es\/wp-json\/wp\/v2\/comments?post=172559"}],"version-history":[{"count":0,"href":"https:\/\/www.europesays.com\/es\/wp-json\/wp\/v2\/posts\/172559\/revisions"}],"wp:featuredmedia":[{"embeddable":true,"href":"https:\/\/www.europesays.com\/es\/wp-json\/wp\/v2\/media\/172560"}],"wp:attachment":[{"href":"https:\/\/www.europesays.com\/es\/wp-json\/wp\/v2\/media?parent=172559"}],"wp:term":[{"taxonomy":"category","embeddable":true,"href":"https:\/\/www.europesays.com\/es\/wp-json\/wp\/v2\/categories?post=172559"},{"taxonomy":"post_tag","embeddable":true,"href":"https:\/\/www.europesays.com\/es\/wp-json\/wp\/v2\/tags?post=172559"}],"curies":[{"name":"wp","href":"https:\/\/api.w.org\/{rel}","templated":true}]}}