{"id":172566,"date":"2025-10-12T21:05:09","date_gmt":"2025-10-12T21:05:09","guid":{"rendered":"https:\/\/www.europesays.com\/es\/172566\/"},"modified":"2025-10-12T21:05:09","modified_gmt":"2025-10-12T21:05:09","slug":"es-la-enfermedad-mas-discapacitante-en-mujeres","status":"publish","type":"post","link":"https:\/\/www.europesays.com\/es\/172566\/","title":{"rendered":"Es la enfermedad m\u00e1s discapacitante en mujeres"},"content":{"rendered":"<p class=\"c-paragraph\">La <a href=\"https:\/\/www.20minutos.es\/mujer\/estar-bien\/mujeres-sufrimos-migrana-tres-veces-mas-que-los-hombres-5236560\/\" rel=\"nofollow noopener\" target=\"_blank\">migra\u00f1a <\/a><b>es una de las enfermedades m\u00e1s discapacitantes<\/b> que existen actualmente en Espa\u00f1a. Las cifras asustan pero es que m\u00e1s de cinco millones de personas conviven con esta enfermedad que, se ceba especialmente con mujeres en edad f\u00e9rtil, ya que m\u00e1s de tres millones de \u00e9stas <b>sufren las consecuencias<\/b> de la migra\u00f1a y lo que es peor, a menudo lo hacen en silencio.<\/p>\n<p class=\"c-paragraph\">El neur\u00f3logo Jos\u00e9 Miguel L\u00e1inez <b>es el director de la Fundaci\u00f3n Espa\u00f1ola de Cefaleas<\/b> (FECEF), una instituci\u00f3n que <b>ha nacido recientemente<\/b> con la idea de hablar m\u00e1s de la migra\u00f1a y de la<a href=\"https:\/\/www.20minutos.es\/mujer\/estar-bien\/migrana-enfermedades-mayor-porcentaje-mujeres-5485462\/\" rel=\"nofollow noopener\" target=\"_blank\"> repercusi\u00f3n que tiene esta enfermedad en la sociedad espa\u00f1ola actual<\/a>.<\/p>\n<p class=\"c-paragraph\">El doctor L\u00e1inez pone el acento en que la migra\u00f1a <b>es una enfermedad neurol\u00f3gica<\/b> que <a href=\"https:\/\/www.20minutos.es\/mujer\/estar-bien\/asi-se-manifiestan-sintomas-migrana-con-aura-mujeres-5681111\/\" rel=\"nofollow noopener\" target=\"_blank\">va mucho m\u00e1s all\u00e1 de un \u00absimple dolor de cabeza\u00bb<\/a>. El experto contin\u00faa: \u00ab<b>se manifiesta dolor puls\u00e1til<\/b>, n\u00e1useas y v\u00f3mitos y una intensa sensibilidad a la luz y el sonido <b>es la enfermedad m\u00e1s discapacitante<\/b> en mujeres menores de 50 a\u00f1os\u00bb. A pesar de las cifras de afectadas, sigue siendo una enfermedad estigmatizada, de la que existe mucha desinformaci\u00f3n y, sobre todo una gran falta de reconocimiento social.<\/p>\n<p>La relaci\u00f3n entre migra\u00f1a y mujeres no es casual<\/p>\n<p class=\"c-paragraph\">El neur\u00f3logo <b>lo deja claro y asegura<\/b> que \u00abla prevalencia de la migra\u00f1a en mujeres <b>no es casual<\/b>.\u00a0Las fluctuaciones hormonales, especialmente los cambios en los niveles de estr\u00f3genos <b>juegan un papel clave<\/b>. Estos cambios, <a href=\"https:\/\/www.20minutos.es\/mujer\/estar-bien\/primeros-sintomas-migrana-menstrual-aliviar-dolor-5670494\/\" rel=\"nofollow noopener\" target=\"_blank\">comunes durante el ciclo menstrual<\/a>, el embarazo, el posparto y la menopausia, no solo <b>pueden desencadenar ataques<\/b> de migra\u00f1a, sino tambi\u00e9n intensificarlos\u00bb.<\/p>\n<p class=\"c-paragraph\">Cuando son ni\u00f1os hombres y mujeres <b>contemplan un n\u00famero parecido<\/b> de casos con migra\u00f1a. Sin embargo, en el momento que les llega la menstruaci\u00f3n a las chicas, el porcentaje <b>se dispara entre las mujeres<\/b>. Seg\u00fan explica el doctor Jos\u00e9 Miguel L\u00e1inez \u00abentre el 50-60% de las mujeres de las mujeres con migra\u00f1a <b>experimentan ataques vinculados<\/b> con su ciclo menstrual\u00bb.<\/p>\n<p class=\"c-paragraph\">Si una mujer con migra\u00f1as\u00a0<b><b>se queda embarazada<\/b><\/b>, la enfermedad\u00a0<b><b>suele mejorar<\/b><\/b>, sobre todo en el segundo y tercer trimestre. Pero en el posparto, lo m\u00e1s probable\u00a0<b><b>es que vuelvan<\/b><\/b>\u00a0porque\u00a0<b><b>se junta el estr\u00e9s<\/b><\/b>, la falta de sue\u00f1o y el cansancio extremo. Durante la perimenopausia, los ataques\u00a0<b><b>pueden incrementarse<\/b><\/b>\u00a0antes de remitir o incluso desaparecer cuando la mujer\u00a0<b><b>llega a la menopausia<\/b><\/b>. As\u00ed que <b>est\u00e1 claro que hay una implicaci\u00f3n real<\/b> <a href=\"https:\/\/www.20minutos.es\/mujer\/estar-bien\/cinco-sintomas-raros-que-pueden-aparecer-partir-los-50-anos-con-menopausia-5530237\/\" rel=\"nofollow noopener\" target=\"_blank\">entre la migra\u00f1a y el ciclo vital de las mujeres<\/a> y esto <b>es un problema social<\/b>, laboral y econ\u00f3mico.<\/p>\n<p class=\"c-paragraph\">Adem\u00e1s, las mujeres j\u00f3venes que <b>padecen migra\u00f1as<\/b> no s\u00f3lo <b>se ven afectadas f\u00edsicamente<\/b> sino tambi\u00e9n emocional y socialmente, ya que <b>se enfrentan a una p\u00e9rdida<\/b> de productividad, de oportunidades y en demasiados casos, de calidad de vida.<\/p>\n<p class=\"c-paragraph\">En definitiva, la migra\u00f1a <b>es una enfermedad neurol\u00f3gica<\/b> que <b>altera mucho la vida<\/b> de qui\u00e9n la padece. Un ataque <b>puede durar horas o d\u00edas<\/b>, pero le <b>puede implicar<\/b> a la persona que lo sufre <b>cancelar planes<\/b> y detener su vida para quedarse encerrado en una habitaci\u00f3n a oscuras.<\/p>\n<p class=\"c-paragraph\">Por suerte, cada vez <b>se habla de esta enfermedad<\/b> y <b>se empieza a reconocer<\/b> como un problema de la salud p\u00fablica de primer nivel. Sin embargo, sigue existiendo mucho desconocimiento y en muchas ocasiones las mujeres que tienen migra\u00f1as <b>son se\u00f1aladas como exageradas<\/b> o hipocondr\u00edacas.<\/p>\n","protected":false},"excerpt":{"rendered":"La migra\u00f1a es una de las enfermedades m\u00e1s discapacitantes que existen actualmente en Espa\u00f1a. Las cifras asustan pero&hellip;\n","protected":false},"author":2,"featured_media":172567,"comment_status":"","ping_status":"","sticky":false,"template":"","format":"standard","meta":{"footnotes":""},"categories":[92],"tags":[2379,25,24,165,36766,267,166,23],"class_list":{"0":"post-172566","1":"post","2":"type-post","3":"status-publish","4":"format-standard","5":"has-post-thumbnail","7":"category-salud","8":"tag-discapacidad","9":"tag-es","10":"tag-espana","11":"tag-health","12":"tag-migrana","13":"tag-planseo","14":"tag-salud","15":"tag-spain"},"share_on_mastodon":{"url":"","error":""},"_links":{"self":[{"href":"https:\/\/www.europesays.com\/es\/wp-json\/wp\/v2\/posts\/172566","targetHints":{"allow":["GET"]}}],"collection":[{"href":"https:\/\/www.europesays.com\/es\/wp-json\/wp\/v2\/posts"}],"about":[{"href":"https:\/\/www.europesays.com\/es\/wp-json\/wp\/v2\/types\/post"}],"author":[{"embeddable":true,"href":"https:\/\/www.europesays.com\/es\/wp-json\/wp\/v2\/users\/2"}],"replies":[{"embeddable":true,"href":"https:\/\/www.europesays.com\/es\/wp-json\/wp\/v2\/comments?post=172566"}],"version-history":[{"count":0,"href":"https:\/\/www.europesays.com\/es\/wp-json\/wp\/v2\/posts\/172566\/revisions"}],"wp:featuredmedia":[{"embeddable":true,"href":"https:\/\/www.europesays.com\/es\/wp-json\/wp\/v2\/media\/172567"}],"wp:attachment":[{"href":"https:\/\/www.europesays.com\/es\/wp-json\/wp\/v2\/media?parent=172566"}],"wp:term":[{"taxonomy":"category","embeddable":true,"href":"https:\/\/www.europesays.com\/es\/wp-json\/wp\/v2\/categories?post=172566"},{"taxonomy":"post_tag","embeddable":true,"href":"https:\/\/www.europesays.com\/es\/wp-json\/wp\/v2\/tags?post=172566"}],"curies":[{"name":"wp","href":"https:\/\/api.w.org\/{rel}","templated":true}]}}