{"id":172578,"date":"2025-10-12T21:11:13","date_gmt":"2025-10-12T21:11:13","guid":{"rendered":"https:\/\/www.europesays.com\/es\/172578\/"},"modified":"2025-10-12T21:11:13","modified_gmt":"2025-10-12T21:11:13","slug":"morante-se-corta-la-coleta-entre-lagrimas","status":"publish","type":"post","link":"https:\/\/www.europesays.com\/es\/172578\/","title":{"rendered":"Morante se corta la coleta entre l\u00e1grimas"},"content":{"rendered":"<p><strong>Morante de la Puebla<\/strong> se ha <strong>cortado la coleta entre l\u00e1grimas<\/strong> tras cortar dos orejas al cuarto toro de Garcigrande esta tarde en la corrida de la Hispanidad en Las Ventas. Era la tarde de la despedida (prevista) de Fernando Roble\u00f1o, que cort\u00f3 una oreja tras pinchar al quinto una faena de dos.<\/p>\n<p>Por sorpresa, al terminar la vuelta al ruedo con las orejas, en una faena plena de valor tras sufrir una aparatosa voltereta con el capote, Morante de la Puebla ha decidido poner punto y final y su carrera como broche de una temporada magistral.<\/p>\n<blockquote class=\"twitter-tweet\" data-width=\"550\" data-dnt=\"true\">\n<p lang=\"es\" dir=\"ltr\">Muchas gracias Maestro Morante,nos dejas huerfanos en este mundo del Toreo.Gracias por todos esos buenos y maravillosos momentos que nos has brindado\u2764\ufe0f\u2764\ufe0f <a href=\"https:\/\/t.co\/mA649s6MGk\" rel=\"nofollow\">pic.twitter.com\/mA649s6MGk<\/a><\/p>\n<p>\u2014 Tommy Alcocer (@tomasalcocer) <a href=\"https:\/\/twitter.com\/tomasalcocer\/status\/1977429753494683770?ref_src=twsrc%5Etfw\" rel=\"nofollow noopener\" target=\"_blank\">October 12, 2025<\/a><\/p><\/blockquote>\n<p>Morante ha elegido esta fecha en la que, por la ma\u00f1ana, hab\u00eda sido el organizador del homenaje para el monumento a Anto\u00f1ete, en el que han deslumbrado Curro V\u00e1zquez y C\u00e9sar Rinc\u00f3n.<\/p>\n<p>Inm\u00f3vil sobre la arena <\/p>\n<p>A sus 46 a\u00f1os y como matador de toros desde 1997, Morante de la Puebla brind\u00f3 el \u00faltimo toro de su carrera a Santiago Abascal; el brindis anterior fue para Isabel Isabel D\u00edaz Ayuso. Espl\u00e9ndido con el capote toda la tarde, se estrell\u00f3 con el segundo de la tarde y, tras un variado recibo al cuarto, fue prendido y despedido por el aire, Al caer, se qued\u00f3 inm\u00f3vil boca arriba unos segundos sobre la arena.<\/p>\n<p>Parec\u00eda que no iba a recuperarse pero volvi\u00f3 a la cara del toro para firmar una faena plena de valor, pas\u00e1ndose por la barriga al toro en un pu\u00f1ado de derechazos acompa\u00f1ados por el rugido de la plaza de Madrid. Cobr\u00f3 el espadazo a la primera y le fueron concedidas las dos orejas, con algunas protestas.<\/p>\n<p>Sumaba as\u00ed la segunda Puerta Grande de Las Ventas de este memorable 2025 tras la conquistada en la pasada Feria de San Isidro.<\/p>\n<p>Dio la vuelta al ruedo y, al terminarla, se plant\u00f3 para quitarse \u00e9l mismo las casta\u00f1eta. Se acabaron las protestas y la ovaci\u00f3n acompa\u00f1\u00f3 a la emoci\u00f3n del torero. Rompi\u00f3 a llorar Morante mientras hac\u00eda ese gesto, se abraz\u00f3 despu\u00e9s a Fernando Roble\u00f1o, a su apoderado y a su mozo de espadas. <\/p>\n<p>Una muchedumbre le sac\u00f3 en hombros por la Puerta Grande, con el Genio dolorido por el volteret\u00f3n. Le dejaron el traje hecho un gui\u00f1apo, mientras \u00e9l se esforzaba en decir adi\u00f3s como buenamente pod\u00eda. <\/p>\n<p>Se acab\u00f3.<\/p>\n<p>            <a class=\"articulo-relacionado__media\" href=\"https:\/\/www.elindependiente.com\/tendencias\/2025\/08\/14\/morantistas-neomorantistas-y-antimorantistas\/\" title=\"Morantistas, neomorantistas y antimorantistas\" rel=\"nofollow noopener\" target=\"_blank\"><\/p>\n<p>                <img loading=\"lazy\" decoding=\"async\" src=\"data:image\/svg+xml,%3Csvg%20xmlns=\" http:=\"\" width=\"390\" height=\"220\" alt=\"Morantistas, neomorantistas y antimorantistas\" data-lazy-src=\"https:\/\/www.europesays.com\/es\/wp-content\/uploads\/2025\/09\/europapress-6746225-torero-morante-puebla-festejo-feria-jerez-frontera-24-mayo-2025-jerez-390x220.jp.jpeg\"\/><\/p>\n<p>\t\t\t            <\/a><\/p>\n<p>PUBLICIDAD<\/p>\n<p><script async src=\"https:\/\/platform.twitter.com\/widgets.js\" charset=\"utf-8\"><\/script><\/p>\n","protected":false},"excerpt":{"rendered":"Morante de la Puebla se ha cortado la coleta entre l\u00e1grimas tras cortar dos orejas al cuarto toro&hellip;\n","protected":false},"author":2,"featured_media":172579,"comment_status":"","ping_status":"","sticky":false,"template":"","format":"standard","meta":{"footnotes":""},"categories":[5],"tags":[17,18,25,24,13,14,11,19,20,205,9,10,15,16,23,12,444,21,22],"class_list":{"0":"post-172578","1":"post","2":"type-post","3":"status-publish","4":"format-standard","5":"has-post-thumbnail","7":"category-titulares","8":"tag-breaking-news","9":"tag-breakingnews","10":"tag-es","11":"tag-espana","12":"tag-featured-news","13":"tag-featurednews","14":"tag-headlines","15":"tag-latest-news","16":"tag-latestnews","17":"tag-madrid","18":"tag-news","19":"tag-noticias","20":"tag-noticias-destacadas","21":"tag-noticiasdestacadas","22":"tag-spain","23":"tag-titulares","24":"tag-toros","25":"tag-ultimas-noticias","26":"tag-ultimasnoticias"},"share_on_mastodon":{"url":"","error":""},"_links":{"self":[{"href":"https:\/\/www.europesays.com\/es\/wp-json\/wp\/v2\/posts\/172578","targetHints":{"allow":["GET"]}}],"collection":[{"href":"https:\/\/www.europesays.com\/es\/wp-json\/wp\/v2\/posts"}],"about":[{"href":"https:\/\/www.europesays.com\/es\/wp-json\/wp\/v2\/types\/post"}],"author":[{"embeddable":true,"href":"https:\/\/www.europesays.com\/es\/wp-json\/wp\/v2\/users\/2"}],"replies":[{"embeddable":true,"href":"https:\/\/www.europesays.com\/es\/wp-json\/wp\/v2\/comments?post=172578"}],"version-history":[{"count":0,"href":"https:\/\/www.europesays.com\/es\/wp-json\/wp\/v2\/posts\/172578\/revisions"}],"wp:featuredmedia":[{"embeddable":true,"href":"https:\/\/www.europesays.com\/es\/wp-json\/wp\/v2\/media\/172579"}],"wp:attachment":[{"href":"https:\/\/www.europesays.com\/es\/wp-json\/wp\/v2\/media?parent=172578"}],"wp:term":[{"taxonomy":"category","embeddable":true,"href":"https:\/\/www.europesays.com\/es\/wp-json\/wp\/v2\/categories?post=172578"},{"taxonomy":"post_tag","embeddable":true,"href":"https:\/\/www.europesays.com\/es\/wp-json\/wp\/v2\/tags?post=172578"}],"curies":[{"name":"wp","href":"https:\/\/api.w.org\/{rel}","templated":true}]}}