{"id":172580,"date":"2025-10-12T21:12:09","date_gmt":"2025-10-12T21:12:09","guid":{"rendered":"https:\/\/www.europesays.com\/es\/172580\/"},"modified":"2025-10-12T21:12:09","modified_gmt":"2025-10-12T21:12:09","slug":"robledo-y-gallardo-definieron-a-los-dieciseis-mundialistas","status":"publish","type":"post","link":"https:\/\/www.europesays.com\/es\/172580\/","title":{"rendered":"Robledo y Gallardo definieron a los diecis\u00e9is mundialistas"},"content":{"rendered":"<p>&#13;<br \/>\n&#13;<br \/>\n&#13;<br \/>\n&#13;<\/p>\n<p>Argentina tiene a sus 16 representantes para el novedoso evento que, a partir de este a\u00f1o, se incorpora al calendario mundial de la Federaci\u00f3n Internacional de Handball (IHF). El Mundial U17, que busca ofrecerle a jugadores j\u00f3venes la chance de competir a mejor nivel, tendr\u00e1 lugar en Casablanca, Marruecos. Del 24 de octubre al 1\u00ba de noviembre se llevar\u00e1 a cabo esta cita mundialista.<\/p>\n<p>&#13;&#13;<\/p>\n<p>El seleccionado albiceleste ser\u00e1 parte del Grupo C en la primera fase de este campeonato. Argentina compartir\u00e1 la zona con Alemania, Ir\u00e1n y Puerto Rico. Otros ocho equipos van a estar participando en este torneo. Estos tambi\u00e9n fueron divididos en grupos de cuatro integrantes cada uno, a saber: A, Egipto, Marruecos, Brasil y Estados Unidos y B, Espa\u00f1a, T\u00fanez, Corea del Sur y Qatar.<\/p>\n<p>&#13;&#13;<\/p>\n<p>Los Cadetes debutar\u00e1n el viernes 24 de este mes ante Puerto Rico. Dos d\u00edas despu\u00e9s, el domingo 26, enfrentar\u00e1n a Ir\u00e1n. Por \u00faltimo, en el cierre de esta etapa clasificatoria, el combinado dirigido por la dupla t\u00e9cnica Pablo Robledo y Eduardo Gallardo se medir\u00e1 el martes 28 con Alemania. Todos los partidos ser\u00e1n a las 11:45, hora de nuestro pa\u00eds.<\/p>\n<p>&#13;&#13;<\/p>\n<p>En las \u00faltimas horas, los entrenadores a cargo del proceso terminaron de confeccionar la lista con los jugadores que viajar\u00e1n en breve a \u00c1frica. Estos son entonces los diecis\u00e9is chicos que nos representar\u00e1n en la primera edici\u00f3n del Mundial U17 Masculino:<\/p>\n<p>&#13;&#13;<\/p>\n<p><strong>Arqueros<\/strong><\/p>\n<p>&#13;&#13;<\/p>\n<p>Nehuen Mazzaferri<\/p>\n<p>&#13;&#13;<\/p>\n<p>(SAG Almirante Brown)<\/p>\n<p>&#13;&#13;<\/p>\n<p>Francisco P\u00e9rez<\/p>\n<p>&#13;&#13;<\/p>\n<p>(Comunicaciones)<\/p>\n<p>&#13;&#13;<\/p>\n<p><strong>Extremos<\/strong><\/p>\n<p>&#13;&#13;<\/p>\n<p>Ciro Carbone<\/p>\n<p>&#13;&#13;<\/p>\n<p>(SAG Ballester)<\/p>\n<p>&#13;&#13;<\/p>\n<p>Mat\u00edas Svarzchtein<\/p>\n<p>&#13;&#13;<\/p>\n<p>(Ferro)<\/p>\n<p>&#13;&#13;<\/p>\n<p>Juan Taiano<\/p>\n<p>&#13;&#13;<\/p>\n<p>(Quilmes)<\/p>\n<p>&#13;&#13;<\/p>\n<p>Ignacio L\u00f3pez<\/p>\n<p>&#13;&#13;<\/p>\n<p>(San Telmo)<\/p>\n<p>&#13;&#13;<\/p>\n<p><strong>Laterales<\/strong><\/p>\n<p>&#13;&#13;<\/p>\n<p>Leandro Pague Vargas<\/p>\n<p>&#13;&#13;<\/p>\n<p>(SAG Ballester)<\/p>\n<p>&#13;&#13;<\/p>\n<p>Jerem\u00edas Bossio<\/p>\n<p>&#13;&#13;<\/p>\n<p>(River)<\/p>\n<p>&#13;&#13;<\/p>\n<p>Lautaro Roa<\/p>\n<p>&#13;&#13;<\/p>\n<p>(Sedalo)<\/p>\n<p>&#13;&#13;<\/p>\n<p>Santino Di Tullio<\/p>\n<p>&#13;&#13;<\/p>\n<p>(Nuestra Se\u00f1ora de Luj\u00e1n)<\/p>\n<p>&#13;&#13;<\/p>\n<p>Jos\u00e9 Brancato<\/p>\n<p>&#13;&#13;<\/p>\n<p>(Ferro)<\/p>\n<p>&#13;&#13;<\/p>\n<p>Facundo Gandolfo<\/p>\n<p>&#13;&#13;<\/p>\n<p>(Ferro)<\/p>\n<p>&#13;&#13;<\/p>\n<p><strong>Centrales<\/strong><\/p>\n<p>&#13;&#13;<\/p>\n<p>Nicol\u00e1s La Delfa<\/p>\n<p>&#13;&#13;<\/p>\n<p>(Nuestra Se\u00f1ora de Luj\u00e1n)<\/p>\n<p>&#13;&#13;<\/p>\n<p>Juan Pallero<\/p>\n<p>&#13;&#13;<\/p>\n<p>(EM Riestra)<\/p>\n<p>&#13;&#13;<\/p>\n<p><strong>Pivotes<\/strong><\/p>\n<p>&#13;&#13;<\/p>\n<p>Lucca Castro<\/p>\n<p>&#13;&#13;<\/p>\n<p>(ViLo)<\/p>\n<p>&#13;&#13;<\/p>\n<p>Agust\u00edn Refojos<\/p>\n<p>&#13;&#13;<\/p>\n<p>(Ferro)<\/p>\n<p>&#13;&#13;<\/p>\n<p>Los otros que junto con Robledo y Gallardo formar\u00e1n parte del cuerpo t\u00e9cnico son Diego Huryk (Preparador f\u00edsico) y Jesica Presas (M\u00e9dica).<\/p>\n<p>&#13;&#13;<\/p>\n<p>\u00a0<\/p>\n<p>&#13;&#13;<\/p>\n<p><strong>Entradas para el S\u00faper 4<\/strong><\/p>\n<p>&#13;&#13;<\/p>\n<p>La Selecci\u00f3n Mayor, al mando de Rodolfo Jung, ya tiene programaci\u00f3n confirmada para el cuadrangular internacional que afrontar\u00e1 en un par de semanas en la Casa del Handball Argentino, en CABA. El mi\u00e9rcoles 29 de este mes el combinado nacional enfrentar\u00e1 a M\u00e9xico. Despu\u00e9s, el jueves 30 se medir\u00e1 con Brasil y el viernes 31 lo har\u00e1 ante Chile. Todos los partidos de nuestra Selecci\u00f3n ser\u00e1n a las 21:30.<\/p>\n<p>&#13;&#13;<\/p>\n<p>Una vez que se enfrente todos contra todos, a una vuelta, el torneo continuar\u00e1 con un par de cruces tipo playoffs. Duelos en los que directamente se definir\u00e1n posiciones. El primero y el segundo con mayor puntuaci\u00f3n en la fase inicial se volver\u00e1n a enfrentar, esta vez con el t\u00edtulo como gran recompensa. Tambi\u00e9n van a estar jugando los otros dos equipos, pero ya por la medalla de Bronce de este campeonato. La definici\u00f3n del certamen tendr\u00e1 lugar el 1\u00ba de noviembre, a partir de las 20:00 y en continuado.<\/p>\n<p>&#13;&#13;<\/p>\n<p>Las entradas anticipadas ya est\u00e1n a la venta. Fue la semana pasada comenzaron a expedirse estas. Los tickets para estos cotejos podr\u00e1n adquirir de lunes a mi\u00e9rcoles, de 12:00 a 18:00, en Av. Boedo 591 (CABA) y jueves y viernes de 19:00 a 23:00 en la mism\u00edsima Casa del Handball Argentino, en Av. Coronel Roca 4170, Parque Ol\u00edmpico de la Juventud (CABA).<\/p>\n<p>&#13;&#13;<\/p>\n<p>El valor de las entradas (s\u00f3lo pago en efectivo) es $20.000 durante la preventa. Los d\u00edas de partido, en la propia cancha, podr\u00e1n comprarse tambi\u00e9n, a un costo ya de $25.000.<\/p>\n<p>&#13;&#13;<\/p>\n<p>\u00a0<\/p>\n<p>&#13;&#13;<\/p>\n<p>(Fuente: Confederaci\u00f3n Argentina \/ Redacci\u00f3n)<\/p>\n<p>&#13;&#13;<\/p>\n","protected":false},"excerpt":{"rendered":"&#13; &#13; &#13; &#13; Argentina tiene a sus 16 representantes para el novedoso evento que, a partir de&hellip;\n","protected":false},"author":2,"featured_media":172581,"comment_status":"","ping_status":"","sticky":false,"template":"","format":"standard","meta":{"footnotes":""},"categories":[278],"tags":[49880,376,18855,48090,168,25,24,375,12182,4485,10666,6368,23,167,49879],"class_list":{"0":"post-172580","1":"post","2":"type-post","3":"status-publish","4":"format-standard","5":"has-post-thumbnail","7":"category-balonmano","8":"tag-1o-edicion","9":"tag-balonmano","10":"tag-campeonato-mundial","11":"tag-casablanca","12":"tag-deportes","13":"tag-es","14":"tag-espana","15":"tag-handball","16":"tag-lista","17":"tag-marruecos","18":"tag-masculino","19":"tag-seleccion-argentina","20":"tag-spain","21":"tag-sports","22":"tag-u17"},"share_on_mastodon":{"url":"","error":""},"_links":{"self":[{"href":"https:\/\/www.europesays.com\/es\/wp-json\/wp\/v2\/posts\/172580","targetHints":{"allow":["GET"]}}],"collection":[{"href":"https:\/\/www.europesays.com\/es\/wp-json\/wp\/v2\/posts"}],"about":[{"href":"https:\/\/www.europesays.com\/es\/wp-json\/wp\/v2\/types\/post"}],"author":[{"embeddable":true,"href":"https:\/\/www.europesays.com\/es\/wp-json\/wp\/v2\/users\/2"}],"replies":[{"embeddable":true,"href":"https:\/\/www.europesays.com\/es\/wp-json\/wp\/v2\/comments?post=172580"}],"version-history":[{"count":0,"href":"https:\/\/www.europesays.com\/es\/wp-json\/wp\/v2\/posts\/172580\/revisions"}],"wp:featuredmedia":[{"embeddable":true,"href":"https:\/\/www.europesays.com\/es\/wp-json\/wp\/v2\/media\/172581"}],"wp:attachment":[{"href":"https:\/\/www.europesays.com\/es\/wp-json\/wp\/v2\/media?parent=172580"}],"wp:term":[{"taxonomy":"category","embeddable":true,"href":"https:\/\/www.europesays.com\/es\/wp-json\/wp\/v2\/categories?post=172580"},{"taxonomy":"post_tag","embeddable":true,"href":"https:\/\/www.europesays.com\/es\/wp-json\/wp\/v2\/tags?post=172580"}],"curies":[{"name":"wp","href":"https:\/\/api.w.org\/{rel}","templated":true}]}}