{"id":172584,"date":"2025-10-12T21:14:11","date_gmt":"2025-10-12T21:14:11","guid":{"rendered":"https:\/\/www.europesays.com\/es\/172584\/"},"modified":"2025-10-12T21:14:11","modified_gmt":"2025-10-12T21:14:11","slug":"joel-alvarez-castiga-a-luque-con-una-lluvia-de-golpes-en-la-ufc-y-debuta-a-lo-grande-en-el-welter","status":"publish","type":"post","link":"https:\/\/www.europesays.com\/es\/172584\/","title":{"rendered":"Joel \u00c1lvarez castiga a Luque con una lluvia de golpes en la UFC y debuta a lo grande en el welter"},"content":{"rendered":"\n<p> El espa\u00f1ol Joel \u00c1lvarez (23-3) <strong>derrot\u00f3 con mucha superioridad <\/strong>al brasile\u00f1o Vicente Luque (23-12-1) por decisi\u00f3n un\u00e1nime. <a href=\"https:\/\/www.elconfidencial.com\/deportes\/boxeo-y-artes-marciales\/2024-12-15\/joel-alvarez-drakkar-klose-ufc-finalizacion-espanol_4024098\/\" target=\"_blank\" rel=\"nofollow noopener\">El luchador asturiano<\/a> firm\u00f3 un debut perfecto en la divisi\u00f3n welter de la UFC, se gan\u00f3 el directo a entrar en el TOP15 de la categor\u00eda y<strong> dej\u00f3 el efecto local de Luque en una an\u00e9cdota. <\/strong>En su visita a R\u00edo de Janeiro, Joel \u00c1lvarez <strong>pas\u00f3 por encima de su rival <\/strong>en su primer choque fuera del peso ligero y present\u00f3 <strong>su candidatura a hacer grandes cosas en el peso welter.<\/strong> <\/p>\n<p> Eso s\u00ed, por primera vez en su carrera y tras 22 victorias,<strong> Joel \u00c1lvarez no pudo finalizar a su rival. <\/strong>Sin embargo, no fue por falta de ambici\u00f3n ni de ganas y es que hasta en dos ocasiones el \u00e1rbitro pudo haber parado la pelea. En el primer asalto, <a href=\"https:\/\/www.elconfidencial.com\/deportes\/boxeo-y-artes-marciales\/2025-10-11\/joel-alvarez-vicente-luque-pelea-ufc-rio-horario-donde-ver-tv_4226525\/\" target=\"_blank\" rel=\"nofollow noopener\">Joel \u00c1lvarez<\/a> marc\u00f3 la distancia con su jab, estudi\u00f3 a Luque y trat\u00f3 de romper el ritmo del brasile\u00f1o, muy apoyado por su afici\u00f3n. <\/p>\n<p> Las combinaciones de<a href=\"https:\/\/www.elconfidencial.com\/deportes\/boxeo-y-artes-marciales\/2025-04-02\/joel-alvarez-rival-ufc-315-canada_4099943\/\" target=\"_blank\" rel=\"nofollow noopener\"> Joel \u00c1lvarez<\/a> se impusieron <strong>a los volados de derecha y a los crochets <\/strong>de izquierda del sudamericano, que empez\u00f3 muy activo&#8230; pero se fue diluyendo ante la <strong>mayor envergadura y la pegada del asturiano.<\/strong> A falta de 2:20 minutos, un crochet de Joel \u00c1lvarez da\u00f1\u00f3 el ojo de Luque y aunque se revis\u00f3 la acci\u00f3n para dar <strong>una posible victoria por TKO al espa\u00f1ol,<\/strong> el combate se reanud\u00f3. El brasile\u00f1o respir\u00f3 con un ox\u00edgeno muy necesario cuando <strong>ya estaba con el agua al cuello.<\/strong> <\/p>\n<blockquote class=\"twitter-tweet\">\n<p lang=\"es\" dir=\"ltr\">Paliza brutal \ud83c\uddea\ud83c\uddf8 <a href=\"https:\/\/twitter.com\/hashtag\/UFCRio?src=hash&amp;ref_src=twsrc%5Etfw\" rel=\"nofollow noopener\" target=\"_blank\">#UFCRio<\/a> <a href=\"https:\/\/t.co\/venhni18WZ\" rel=\"nofollow\">pic.twitter.com\/venhni18WZ<\/a><\/p>\n<p>\u2014 UFC Espa\u00f1ol (@UFCEspanol) <a href=\"https:\/\/twitter.com\/UFCEspanol\/status\/1977168049053511737?ref_src=twsrc%5Etfw\" rel=\"nofollow noopener\" target=\"_blank\">October 12, 2025<\/a><\/p><\/blockquote>\n<p>            La exhibici\u00f3n de Joel \u00c1lvarez           <\/p>\n<p> El peleador espa\u00f1ol sali\u00f3 como una bala <a href=\"https:\/\/www.elconfidencial.com\/deportes\/boxeo-y-artes-marciales\/2025-09-16\/ilia-topuria-19-anos-fui-suecia-encerraron-peleador-ufc-lo-finalice-primer-asalto_4210265\/\" target=\"_blank\" rel=\"nofollow noopener\">en el segundo asalto<\/a> y se lanz\u00f3 a por su rival. <strong>Dos rodillazos acariciaron el rostro de Luque<\/strong>, que hab\u00eda perdido la iniciativa y el ritmo y se qued\u00f3 sin conectar golpes de poder. El jab de Joel \u00c1lvarez encontraba la cara del luchador local sin que este pudiese sacudirse de encima al espa\u00f1ol. Entonces Luque intent\u00f3 el derribo para someter al asturiano. <\/p>\n<blockquote class=\"twitter-tweet\">\n<p lang=\"es\" dir=\"ltr\">Ma\u00f1ana va a doler ese ojo \ud83e\udee8 <a href=\"https:\/\/twitter.com\/hashtag\/UFCRio?src=hash&amp;ref_src=twsrc%5Etfw\" rel=\"nofollow noopener\" target=\"_blank\">#UFCRio<\/a> <a href=\"https:\/\/t.co\/Q6U2TQlt1w\" rel=\"nofollow\">pic.twitter.com\/Q6U2TQlt1w<\/a><\/p>\n<p>\u2014 UFC Espa\u00f1ol (@UFCEspanol) <a href=\"https:\/\/twitter.com\/UFCEspanol\/status\/1977168348929491030?ref_src=twsrc%5Etfw\" rel=\"nofollow noopener\" target=\"_blank\">October 12, 2025<\/a><\/p><\/blockquote>\n<p> Tampoco funcion\u00f3, porque <strong>Joel \u00c1lvarez le cogi\u00f3 la espalda y le someti\u00f3 a una lluvia de golpes <\/strong>en el rostro,<a href=\"https:\/\/www.elconfidencial.com\/deportes\/boxeo-y-artes-marciales\/2025-08-14\/dana-white-jefe-ufc-pone-fechar-regreso-conor-macgregor-quiere-pelear-casa-blanca_4191035\/\" target=\"_blank\" rel=\"nofollow noopener\"> el cuerpo y las extremidades.<\/a> Los dos primeros asaltos fueron claramente del asturiano hasta el punto de ensangrentar el rostro de Luque. El da\u00f1o recibido por el brasile\u00f1o fue tan importante que su entrenador le insisti\u00f3 varias veces en si pod\u00eda regresar al oct\u00e1gono. <\/p>\n<p>            \u00abNo era lo que esper\u00e1bamos\u00bb           <\/p>\n<p> Finalmente, Luque lo hizo, pero no podr\u00eda alterar el destino de la pelea. <strong>Joel \u00c1lvarez se limit\u00f3 a defender la ventaja, madurar la pelea <\/strong>y gestionar la victoria que ya ten\u00eda en su bolsillo. El brasile\u00f1o repiti\u00f3 la estrategia del segundo asalto y <a href=\"https:\/\/www.elconfidencial.com\/tags\/organismos\/ultimate-fighting-championship-ufc-21392\/\" target=\"_blank\" rel=\"nofollow noopener\">derrib\u00f3 al espa\u00f1ol. <\/a>No obstante, <strong>el asturiano se defendi\u00f3 con maestr\u00eda en el suelo <\/strong>y se limit\u00f3 a que pasaran los minutos para debutar con triunfo. <\/p>\n<blockquote class=\"twitter-tweet\">\n<p lang=\"es\" dir=\"ltr\">Victoria para Espa\u00f1a \ud83c\uddea\ud83c\uddf8 Victoria para Joel \u00c1lvarez por decisi\u00f3n un\u00e1nime <a href=\"https:\/\/twitter.com\/hashtag\/UFCRio?src=hash&amp;ref_src=twsrc%5Etfw\" rel=\"nofollow noopener\" target=\"_blank\">#UFCRio<\/a> <a href=\"https:\/\/t.co\/uteWyW6prj\" rel=\"nofollow\">pic.twitter.com\/uteWyW6prj<\/a><\/p>\n<p>\u2014 UFC Espa\u00f1ol (@UFCEspanol) <a href=\"https:\/\/twitter.com\/UFCEspanol\/status\/1977170365332824520?ref_src=twsrc%5Etfw\" rel=\"nofollow noopener\" target=\"_blank\">October 12, 2025<\/a><\/p><\/blockquote>\n<p> \u00abEstamos contentos.<strong> No es la victoria que esper\u00e1bamos, <\/strong>porque siempre buscamos la finalizaci\u00f3n.<strong> He podido cumplir el sue\u00f1o de compartir la jaula<\/strong> con un peleador como Vicente Luque. Not\u00e9 que mi mano entr\u00f3 e iba cerrada. No supuso nada, <a href=\"https:\/\/www.elconfidencial.com\/deportes\/boxeo-y-artes-marciales\/2025-10-02\/topuria-doble-campeon-mundo-ufc-podria-ganar-mcgregor-mejor-momento_4220270\/\" target=\"_blank\" rel=\"nofollow noopener\">no cambi\u00f3 la pelea.<\/a> Vicente se levant\u00f3 y sigui\u00f3 el combate\u00bb, declar\u00f3 tras la pelea. El asturiano, que acudi\u00f3 a la pelea con corto aviso despu\u00e9s de la lesi\u00f3n del argentino Santiago Ponzinibbio, firm\u00f3 un estreno de altos vueltos. <\/p>\n<p> El espa\u00f1ol Joel \u00c1lvarez (23-3) <strong>derrot\u00f3 con mucha superioridad <\/strong>al brasile\u00f1o Vicente Luque (23-12-1) por decisi\u00f3n un\u00e1nime. <a href=\"https:\/\/www.elconfidencial.com\/deportes\/boxeo-y-artes-marciales\/2024-12-15\/joel-alvarez-drakkar-klose-ufc-finalizacion-espanol_4024098\/\" target=\"_blank\" rel=\"nofollow noopener\">El luchador asturiano<\/a> firm\u00f3 un debut perfecto en la divisi\u00f3n welter de la UFC, se gan\u00f3 el directo a entrar en el TOP15 de la categor\u00eda y<strong> dej\u00f3 el efecto local de Luque en una an\u00e9cdota. <\/strong>En su visita a R\u00edo de Janeiro, Joel \u00c1lvarez <strong>pas\u00f3 por encima de su rival <\/strong>en su primer choque fuera del peso ligero y present\u00f3 <strong>su candidatura a hacer grandes cosas en el peso welter.<\/strong> <\/p>\n<p>              <script async src=\"https:\/\/platform.twitter.com\/widgets.js\" charset=\"utf-8\"><\/script><\/p>\n","protected":false},"excerpt":{"rendered":"El espa\u00f1ol Joel \u00c1lvarez (23-3) derrot\u00f3 con mucha superioridad al brasile\u00f1o Vicente Luque (23-12-1) por decisi\u00f3n un\u00e1nime. El&hellip;\n","protected":false},"author":2,"featured_media":172585,"comment_status":"","ping_status":"","sticky":false,"template":"","format":"standard","meta":{"footnotes":""},"categories":[276],"tags":[168,25,24,23,167,343],"class_list":{"0":"post-172584","1":"post","2":"type-post","3":"status-publish","4":"format-standard","5":"has-post-thumbnail","7":"category-ufc","8":"tag-deportes","9":"tag-es","10":"tag-espana","11":"tag-spain","12":"tag-sports","13":"tag-ufc"},"share_on_mastodon":{"url":"","error":""},"_links":{"self":[{"href":"https:\/\/www.europesays.com\/es\/wp-json\/wp\/v2\/posts\/172584","targetHints":{"allow":["GET"]}}],"collection":[{"href":"https:\/\/www.europesays.com\/es\/wp-json\/wp\/v2\/posts"}],"about":[{"href":"https:\/\/www.europesays.com\/es\/wp-json\/wp\/v2\/types\/post"}],"author":[{"embeddable":true,"href":"https:\/\/www.europesays.com\/es\/wp-json\/wp\/v2\/users\/2"}],"replies":[{"embeddable":true,"href":"https:\/\/www.europesays.com\/es\/wp-json\/wp\/v2\/comments?post=172584"}],"version-history":[{"count":0,"href":"https:\/\/www.europesays.com\/es\/wp-json\/wp\/v2\/posts\/172584\/revisions"}],"wp:featuredmedia":[{"embeddable":true,"href":"https:\/\/www.europesays.com\/es\/wp-json\/wp\/v2\/media\/172585"}],"wp:attachment":[{"href":"https:\/\/www.europesays.com\/es\/wp-json\/wp\/v2\/media?parent=172584"}],"wp:term":[{"taxonomy":"category","embeddable":true,"href":"https:\/\/www.europesays.com\/es\/wp-json\/wp\/v2\/categories?post=172584"},{"taxonomy":"post_tag","embeddable":true,"href":"https:\/\/www.europesays.com\/es\/wp-json\/wp\/v2\/tags?post=172584"}],"curies":[{"name":"wp","href":"https:\/\/api.w.org\/{rel}","templated":true}]}}