{"id":172590,"date":"2025-10-12T21:19:12","date_gmt":"2025-10-12T21:19:12","guid":{"rendered":"https:\/\/www.europesays.com\/es\/172590\/"},"modified":"2025-10-12T21:19:12","modified_gmt":"2025-10-12T21:19:12","slug":"euroliga-2025-valencia-basket-no-vendera-entradas-ante-hapoel-por-protestas-contra-israel","status":"publish","type":"post","link":"https:\/\/www.europesays.com\/es\/172590\/","title":{"rendered":"EUROLIGA 2025 | Valencia Basket no vender\u00e1 entradas ante Hapoel por protestas contra Israel"},"content":{"rendered":"<p class=\"ft-text\">En medio del momento de <a class=\"ft-link ft-link--decoration\" href=\"https:\/\/www.superdeporte.es\/olimpiadas\/2025\/10\/07\/libros-hablan-gaza-lucha-editor-122361259.html\" rel=\"nofollow noopener\" target=\"_blank\">mayor convulsi\u00f3n social por el genocidio de Israel en Gaza <\/a>y todas las protestas que est\u00e1 generando, que est\u00e1n llegando al mundo del deporte, la pr\u00f3xima jornada de la Euroliga de baloncesto <strong>llevar\u00e1 al Hapoel de Tel Aviv a jugar al Roig Arena frente al Valencia Basket con todo lo que eso supone despu\u00e9s de lo que sucedi\u00f3 en la Vuelta Ciclista.<\/strong><\/p>\n<p class=\"ft-text\">Ante esta situaci\u00f3n, <strong>Valencia Basket <\/strong>estaba obligado a tomar una decisi\u00f3n para tratar de garantizar la seguridad en un contexto de mucha incertidumbre antes del duelo de <strong>Euroliga <\/strong>y, de momento, <a class=\"ft-link ft-link--decoration\" href=\"https:\/\/www.superdeporte.es\/valencia-basket\/2025\/10\/10\/valencia-basket-mantiene-duda-venta-entradas-partido-hapoel-tel-aviv-122499135.html\" rel=\"nofollow noopener\" target=\"_blank\"><strong>la que est\u00e1 cien por cien tomada es la de no vender entradas para el partido<\/strong><\/a>, dejando entrar solamente a los m\u00e1s de once mil abonados que tiene la entidad &#8216;taronja&#8217;.<\/p>\n<p><img decoding=\"async\" src=\"https:\/\/www.europesays.com\/es\/wp-content\/uploads\/2025\/10\/4fc0628f-5dd6-4b82-81f1-0f946b5a7ff8_alta-libre-aspect-ratio_default_0.jpg\" width=\"1200\" height=\"800\" alt=\"El Valencia Basket recibir\u00e1 al Hapoel en la Euroliga\" class=\"ft-helper-img-rd\" loading=\"lazy\" hasdataaida=\"true\"\/><\/p>\n<p class=\"ft-helper-fontColor-quaternary ft-helper-fontSize-body-S ft-helper-spacer-t-xxs\">El Valencia Basket recibir\u00e1 al Hapoel en la Euroliga  \/ JM L\u00f3pez \/ JM LOPEZ<\/p>\n<p class=\"ft-text\">Esta opci\u00f3n ha estado en todo momento encima de la mesa, pero no ha sido hasta hoy que se ha decidido al cien por cien. <strong>Ahora queda la segunda parte, que es la de mantener una comunicaci\u00f3n fluida con las autoridades competentes para saber si ha de tomar alguna decisi\u00f3n m\u00e1s. <\/strong><\/p>\n<p>Pendientes de las autoridades para el Valencia Basket &#8211; Hapoel de la Euroliga<\/p>\n<p class=\"ft-text\"><strong>El pr\u00f3ximo mi\u00e9rcoles hay una Huelga General en Espa\u00f1a <\/strong>precisamente para <a class=\"ft-link ft-link--decoration\" href=\"https:\/\/cgt.es\/cgt-convoca-huelga-general-de-24-horas-en-todo-el-estado-espanol-el-proximo-15-de-octubre-contra-el-genocidio-y-el-apartheid-en-palestina\/\" rel=\"nofollow noopener\" target=\"_blank\">protestar por ese genocidio<\/a> que sufre el pueblo palestino y pedir su cese, el mismo d\u00eda del encuentro de los valencianos contra el equipo de la capital israel\u00ed. <strong>Es por ello que no se descarta, de momento, ning\u00fan escenario.<\/strong><\/p>\n<p class=\"ft-text\"><strong>En caso extremo y si las autoridades lo recomiendan, el partido podr\u00eda incluso celebrarse a puerta cerrada,<\/strong> con lo que ni siquiera los abonados podr\u00edan entrar al pabell\u00f3n para animar a los suyos, aunque por el momento lo \u00fanico seguro es que no habr\u00e1 entradas a la venta.<\/p>\n","protected":false},"excerpt":{"rendered":"En medio del momento de mayor convulsi\u00f3n social por el genocidio de Israel en Gaza y todas las&hellip;\n","protected":false},"author":2,"featured_media":172591,"comment_status":"","ping_status":"","sticky":false,"template":"","format":"standard","meta":{"footnotes":""},"categories":[269],"tags":[299,298,49882,168,25,24,49883,24556,36978,49881,23,167,2916],"class_list":{"0":"post-172590","1":"post","2":"type-post","3":"status-publish","4":"format-standard","5":"has-post-thumbnail","7":"category-baloncesto","8":"tag-baloncesto","9":"tag-basketball","10":"tag-boicot-a-israel","11":"tag-deportes","12":"tag-es","13":"tag-espana","14":"tag-euroliga-2025","15":"tag-genocidio-en-gaza","16":"tag-hapoel","17":"tag-protestas-propalestina","18":"tag-spain","19":"tag-sports","20":"tag-valencia-basket"},"share_on_mastodon":{"url":"","error":""},"_links":{"self":[{"href":"https:\/\/www.europesays.com\/es\/wp-json\/wp\/v2\/posts\/172590","targetHints":{"allow":["GET"]}}],"collection":[{"href":"https:\/\/www.europesays.com\/es\/wp-json\/wp\/v2\/posts"}],"about":[{"href":"https:\/\/www.europesays.com\/es\/wp-json\/wp\/v2\/types\/post"}],"author":[{"embeddable":true,"href":"https:\/\/www.europesays.com\/es\/wp-json\/wp\/v2\/users\/2"}],"replies":[{"embeddable":true,"href":"https:\/\/www.europesays.com\/es\/wp-json\/wp\/v2\/comments?post=172590"}],"version-history":[{"count":0,"href":"https:\/\/www.europesays.com\/es\/wp-json\/wp\/v2\/posts\/172590\/revisions"}],"wp:featuredmedia":[{"embeddable":true,"href":"https:\/\/www.europesays.com\/es\/wp-json\/wp\/v2\/media\/172591"}],"wp:attachment":[{"href":"https:\/\/www.europesays.com\/es\/wp-json\/wp\/v2\/media?parent=172590"}],"wp:term":[{"taxonomy":"category","embeddable":true,"href":"https:\/\/www.europesays.com\/es\/wp-json\/wp\/v2\/categories?post=172590"},{"taxonomy":"post_tag","embeddable":true,"href":"https:\/\/www.europesays.com\/es\/wp-json\/wp\/v2\/tags?post=172590"}],"curies":[{"name":"wp","href":"https:\/\/api.w.org\/{rel}","templated":true}]}}