{"id":172592,"date":"2025-10-12T21:20:16","date_gmt":"2025-10-12T21:20:16","guid":{"rendered":"https:\/\/www.europesays.com\/es\/172592\/"},"modified":"2025-10-12T21:20:16","modified_gmt":"2025-10-12T21:20:16","slug":"mendoza-vuelve-del-mundial-revalorizado-y-exprimido","status":"publish","type":"post","link":"https:\/\/www.europesays.com\/es\/172592\/","title":{"rendered":"Mendoza vuelve del Mundial revalorizado&#8230; y exprimido"},"content":{"rendered":"<p class=\"ft-text ft-helper-closenews\"><strong>Rodrigo Mendoza<\/strong> puso fin el s\u00e1bado, casi a la misma hora que <a class=\"ft-link ft-link--decoration\" href=\"https:\/\/www.informacion.es\/deportes\/2025\/10\/11\/espana-georgia-resumen-resultado-mundial-2026-122527870.html\" target=\"_blank\" rel=\"nofollow noopener\">la selecci\u00f3n absoluta certificaba su triunfo en el Mart\u00ednez Valero<\/a>, a su andadura en el Mundial sub-20 que se est\u00e1 disputando en Chile, en el que la Rojita perdi\u00f3 en cuartos de final contra Colombia (2-3), en un duelo con alternativas en el marcador, exhibici\u00f3n del cafetero Villarreal, que firm\u00f3 un triplete, y pol\u00e9mica arbitral con un penalti anulado a Espa\u00f1a v\u00eda VAR que podr\u00eda haber forzado la pr\u00f3rroga.<\/p>\n<p class=\"ft-text\">El centrocampista murciano del Elche contin\u00faa con su fren\u00e9tico inicio de curso, ya de vuelta de Sudam\u00e9rica y, en principio, a disposici\u00f3n de <strong>Eder Sarabia<\/strong> para el compromiso del domingo que viene (14 horas) contra el Athletic. Falta por ver su estado f\u00edsico, sobre todo teniendo en cuenta el esfuerzo acumulado que lleva pese a haberse completado \u00fanicamente dos meses de competici\u00f3n oficial.<\/p>\n<p>Casi mil minutos oficiales<\/p>\n<p class=\"ft-text\">En este lapso de tiempo, <strong>Mendoza es de los futbolistas de Primera Divisi\u00f3n que m\u00e1s minutos acumula en sus piernas<\/strong>, contando los partidos con clubes y selecciones. El canterano franjiverde ha disputado 361 minutos en liga repartidos en cinco partidos: los 90 ante el Betis, 87 frente al Oviedo, uno menos en el derbi auton\u00f3mico con el Levante, 68 contra el Atl\u00e9tico de Madrid y media hora en Sevilla, \u00fanico d\u00eda en el que fue suplente.<\/p>\n<p class=\"ft-text\">A su participaci\u00f3n con la franja verde hay que a\u00f1adir 89 y 79 minutos con la sub-21 en partidos de clasificaci\u00f3n para la Eurocopa de la categor\u00eda contra Kosovo y Chipre, en una ventana FIFA en la que lleg\u00f3 a <a class=\"ft-link ft-link--decoration\" href=\"https:\/\/www.informacion.es\/elche-cf\/2025\/09\/01\/jugador-elche-rodrigo-mendoza-entrena-121140759.html\" target=\"_blank\" rel=\"nofollow noopener\">entrenar una jornada con la absoluta<\/a>, a las \u00f3rdenes de Luis de la Fuente, lo que indica que el murciano est\u00e1 en el radar del seleccionador; y pleno en Chile con la sub-20 durante el Mundial. All\u00ed, Mendoza ha a\u00f1adido un total de 450 minutos en cinco partidos. Todos como titular, jugando cada tres d\u00edas. Marruecos, M\u00e9xico y Brasil en la fase de grupos; Ucrania en octavos de final y Colombia en la fat\u00eddica ronda de cuartos.<\/p>\n<p class=\"ft-text\">En total, el contador de minutos personal de Mendoza se acerca a los mil (979), lo que le ubica en el top 10 de futbolistas de Primera Divisi\u00f3n en cuanto a cantidad de minutos oficiales disputados, en una lista en la que otros nombres son <strong>Mbapp\u00e9<\/strong>, <strong>Pedri<\/strong>, Le Normand, Tchouameni, Arda G\u00fcler, Fede Valverde u Oyarzabal. Por comparar con sus dos \u00faltimas temporadas en el primer equipo, el talentoso centrocampista se qued\u00f3 en 1.065 minutos en toda la 2024-2025, en la que desapareci\u00f3 de los planes de Eder Sarabia a partir de marzo; y 1.369 en la 2023-2024, en la que con Sebasti\u00e1n Beccacece le vino a ocurrir m\u00e1s o menos lo mismo.<\/p>\n<p>Inter\u00e9s de otros clubes<\/p>\n<p class=\"ft-text\">Todo apunta a que este curso va a dar ese salto que en los dos \u00faltimos a\u00f1os le ha faltado. A la confianza, propia y de sus entrenadores, Mendoza ha a\u00f1adido la de su club (rec\u00edproca en este caso), con una <a class=\"ft-link ft-link--decoration\" href=\"https:\/\/www.informacion.es\/elche-cf\/2025\/08\/21\/rodri-mendoza-han-llamado-equipos-120816237.html\" target=\"_blank\" rel=\"nofollow noopener\">renovaci\u00f3n hasta 2028<\/a> y una cl\u00e1usula de rescisi\u00f3n que, sin haberse hecho oficial, se estima en la cifra de 20 millones de euros.<\/p>\n<p>De dos meses en blanco a jugar un partido cada cuatro d\u00edas y medio<\/p>\n<p class=\"ft-text\">La situaci\u00f3n de Rodrigo Mendoza ha cambiado radicalmente en cuesti\u00f3n de unos meses. De su ostracismo en el final de la temporada pasada al protagonismo total en el inicio de esta, renovaci\u00f3n mediante. Unas cifras que resaltan especialmente a la hora de valorar el n\u00famero de partidos disputados. Desde el pasado 18 de agosto (debut liguero contra el Betis) hasta el 11 de octubre (Espa\u00f1a-Colombia del Mundial sub-20) han pasado 54 d\u00edas en los que Mendoza ha jugado 12 partidos oficiales. Es decir, disputa un duelo cada cuatro d\u00edas y medio. El curso pasado no salt\u00f3 ni un segundo al terreno de juego desde el derbi contra el Eldense en la jornada 32, a finales de marzo. Aquel d\u00eda fue titular y desapareci\u00f3 de los planes de Sarabia. Jug\u00f3 24 partidos hasta esa fecha, un encuentro cada nueve d\u00edas. Si se estira el espacio temporal hasta el 1 de junio, d\u00eda del ascenso en Riazor y \u00faltimo partido oficial del curso para los franjiverdes, Mendoza jug\u00f3 cada 12 d\u00edas. En conclusi\u00f3n, en estos dos primeros meses ha tenido la mitad de descanso que hasta marzo de 2025 y una tercera parte que en toda la 2024-2025. Con otros clubes detr\u00e1s de su posible contrataci\u00f3n, queda por ver la postura del Elche en una posible negociaci\u00f3n. La cl\u00e1usula de 20 millones de euros puede frenar a algunos (no todos), aunque Christian Bragarnik ya ha demostrado con otros futbolistas, casos de los \u00abNicos\u00bb, por ejemplo, que es un duro negociador, pero que no se cierra en banda a ventas por precios que considere de mercado.<\/p>\n<p class=\"ft-text\"><strong>Ahora falta por ver el rendimiento a medio y largo plazo de Mendoza<\/strong>. A lo exprimido que est\u00e1 por su participaci\u00f3n en los partidos de Espa\u00f1a y el Elche, siendo una pieza referencial en ambos equipos durante los dos \u00faltimos meses, hay que a\u00f1adir los viajes, especialmente el de Chile, a otro continente, con otro uso horario y con cambio estacional, al estar en el hemisferio sur del planeta. Por este motivo, la entidad franjiverde quiere recuperar de piernas y cabeza totalmente al futbolista para que la temporada no se le haga larga.<\/p>\n<p><img decoding=\"async\" src=\"https:\/\/www.europesays.com\/es\/wp-content\/uploads\/2025\/10\/23a5f795-c0f8-4b91-9e80-5078fcb1960a_alta-libre-aspect-ratio_default_0.jpg\" width=\"1200\" height=\"799\" alt=\"Rodrigo Mendoza conduce el bal\u00f3n durante el \u00faltimo partido de Espa\u00f1a en el Mundial sub-20.\" class=\"ft-helper-img-rd\" loading=\"lazy\" hasdataaida=\"true\"\/><\/p>\n<p class=\"ft-helper-fontColor-quaternary ft-helper-fontSize-body-S ft-helper-spacer-t-xxs\">Rodrigo Mendoza conduce el bal\u00f3n durante el \u00faltimo partido de Espa\u00f1a en el Mundial sub-20.  \/ RFEF<\/p>\n<p class=\"ft-text\">Otro aspecto, que tiene que ver m\u00e1s con lo mental, es la revalorizaci\u00f3n de Mendoza en el mercado. Desde hace tiempo le siguen los grandes del f\u00fatbol nacional. Real Madrid y Valencia son los que m\u00e1s se han interesado, pero Bar\u00e7a, Atl\u00e9tico y Villarreal no le pierden tampoco la pista. Su buen papel con la selecci\u00f3n en Chile le ha abierto tambi\u00e9n puertas internacionales. Ya estaba en el radar del Par\u00eds FC y, ahora tambi\u00e9n le siguen varios clubes de la Premier League inglesa. El Elche tiene una joya. Toca cuidarla&#8230; y aprovecharla.<\/p>\n<p data-close=\"closedContent\" class=\"subscribeHideForDisplay\">Suscr\u00edbete para seguir leyendo<\/p>\n","protected":false},"excerpt":{"rendered":"Rodrigo Mendoza puso fin el s\u00e1bado, casi a la misma hora que la selecci\u00f3n absoluta certificaba su triunfo&hellip;\n","protected":false},"author":2,"featured_media":172593,"comment_status":"","ping_status":"","sticky":false,"template":"","format":"standard","meta":{"footnotes":""},"categories":[268],"tags":[168,8212,25,24,49885,280,282,9142,1070,1945,49884,49130,281,23,167,739],"class_list":{"0":"post-172592","1":"post","2":"type-post","3":"status-publish","4":"format-standard","5":"has-post-thumbnail","7":"category-futbol","8":"tag-deportes","9":"tag-elche-cf","10":"tag-es","11":"tag-espana","12":"tag-exprimido","13":"tag-football","14":"tag-futbol","15":"tag-mendoza","16":"tag-mundial","17":"tag-primera-division","18":"tag-revalorizado","19":"tag-rodrigo-mendoza","20":"tag-soccer","21":"tag-spain","22":"tag-sports","23":"tag-vuelve"},"share_on_mastodon":{"url":"","error":""},"_links":{"self":[{"href":"https:\/\/www.europesays.com\/es\/wp-json\/wp\/v2\/posts\/172592","targetHints":{"allow":["GET"]}}],"collection":[{"href":"https:\/\/www.europesays.com\/es\/wp-json\/wp\/v2\/posts"}],"about":[{"href":"https:\/\/www.europesays.com\/es\/wp-json\/wp\/v2\/types\/post"}],"author":[{"embeddable":true,"href":"https:\/\/www.europesays.com\/es\/wp-json\/wp\/v2\/users\/2"}],"replies":[{"embeddable":true,"href":"https:\/\/www.europesays.com\/es\/wp-json\/wp\/v2\/comments?post=172592"}],"version-history":[{"count":0,"href":"https:\/\/www.europesays.com\/es\/wp-json\/wp\/v2\/posts\/172592\/revisions"}],"wp:featuredmedia":[{"embeddable":true,"href":"https:\/\/www.europesays.com\/es\/wp-json\/wp\/v2\/media\/172593"}],"wp:attachment":[{"href":"https:\/\/www.europesays.com\/es\/wp-json\/wp\/v2\/media?parent=172592"}],"wp:term":[{"taxonomy":"category","embeddable":true,"href":"https:\/\/www.europesays.com\/es\/wp-json\/wp\/v2\/categories?post=172592"},{"taxonomy":"post_tag","embeddable":true,"href":"https:\/\/www.europesays.com\/es\/wp-json\/wp\/v2\/tags?post=172592"}],"curies":[{"name":"wp","href":"https:\/\/api.w.org\/{rel}","templated":true}]}}