{"id":172596,"date":"2025-10-12T21:23:25","date_gmt":"2025-10-12T21:23:25","guid":{"rendered":"https:\/\/www.europesays.com\/es\/172596\/"},"modified":"2025-10-12T21:23:25","modified_gmt":"2025-10-12T21:23:25","slug":"las-mejores-novelas-de-ciencia-ficcion-de-2025-los-nueve-libros-que-arrasan-este-ano","status":"publish","type":"post","link":"https:\/\/www.europesays.com\/es\/172596\/","title":{"rendered":"Las mejores novelas de ciencia ficci\u00f3n de 2025: los nueve libros que arrasan este a\u00f1o"},"content":{"rendered":"<p style=\"margin:0cm 0cm 8pt\">Aunque la <a href=\"https:\/\/www.vozpopuli.com\/altavoz\/cultura\/los-14-libros-de-novela-negra-espanola-que-no-pueden-faltar-en-tu-maleta-este-verano.html\" rel=\"nofollow noopener\" target=\"_blank\">novela negra<\/a>\u00a0es la que lidera las listas de los libros m\u00e1s vendidos en los \u00faltimos tiempos, no podemos olvidar otros <strong>g\u00e9neros que a\u00f1o tras a\u00f1o suman nuevos \u00e9xitos a sus filas.<\/strong> Es el caso de <strong>la ciencia ficci\u00f3n,<\/strong> historias que se alejan del realismo que han cultivado grandes nombres como Julio Verne, George Orwell, Mary Shelley, Frank Herbert o H.G. Wells.<\/p>\n<p style=\"margin:0cm 0cm 8pt\">Se trata de un g\u00e9nero, a menudo prejuzgado como algo para frikis que cuenta con <strong>millones de fieles seguidores<\/strong> que en los \u00faltimos meses han devorado \u00faltimos lanzamientos como estos. Un mundo de aventuras y emociones, con viajes en el tiempo, planetas por descubrir o androides con inesperadas inteligencias, que <strong>invita a reflexiones tan profundas como nuestra propia existencia y el futuro de la humanidad.<\/strong><\/p>\n<p><strong>\u2018Expediente Hermes\u2019 de Sabino Cabeza<\/strong><\/p>\n<p style=\"margin:0cm 0cm 8pt\">Esta novela, ganadora del XIX Premio Minotauro, nos lleva hasta el siglo XXII, cuando <strong>se han popularizado los cruceros vacacionales entre la Tierra, Marte y J\u00fapiter.<\/strong> A bordo del SC Schettino de la compa\u00f1\u00eda Starliner Cruises, Durga Deckett, Jefa de seguridad, tiene que <strong>resolver el asesinato de la condesa<\/strong> Planck, una fastuosa, incre\u00edble y soberbia multimillonaria e influencer con innumerables seguidores. Su mejor pista es, al mismo tiempo, testigo y sospechoso, Hermes Lagrange, el humanoide artificial de la difunta.<\/p>\n<p style=\"margin:0cm 0cm 8pt\"><a href=\"https:\/\/amzn.to\/4pTxgcm\" target=\"_blank\" rel=\"nofollow noopener\"><strong>COMPRAR EN AMAZON<\/strong><\/a><\/p>\n<p><img decoding=\"async\" alt=\"\u2018Expediente Hermes\u2019 de Sabino Cabeza\" src=\"https:\/\/www.europesays.com\/es\/wp-content\/uploads\/2025\/10\/articulos-2426612.jpg\" style=\"width:20%\"\/>\u2018Expediente Hermes\u2019 de Sabino Cabeza<\/p>\n<p><strong>\u2018Animales dif\u00edciles\u2019 de Rosa Montero<\/strong><\/p>\n<p style=\"margin:0cm 0cm 8pt\">El pasado mes de enero se public\u00f3 la \u00faltima novela de Rosa Montero, el espectacular y esperado<strong> cierre de la serie de Bruna Husky<\/strong> quien, en el Madrid de 2111 es contratada para investigar un atentado terrorista en las instalaciones de la empresa tecnol\u00f3gica Eternal. Un enigma dise\u00f1ado por una mente criminal que se vuelve cada vez m\u00e1s sombr\u00edo para la detective, que se encuentra llena de furia contra el mundo y, sobre todo, contra s\u00ed misma, porque ya no esconde que es una poderosa tecnohumana de combate, sino un d\u00e9bil androide de c\u00e1lculo.<\/p>\n<p style=\"margin:0cm 0cm 8pt\"><a href=\"https:\/\/amzn.to\/4nHG6s7\" target=\"_blank\" rel=\"nofollow noopener\"><strong>COMPRAR EN AMAZON<\/strong><\/a><\/p>\n<p><img decoding=\"async\" alt=\"\u2018Animales dif\u00edciles\u2019 de Rosa Montero\" src=\"https:\/\/www.europesays.com\/es\/wp-content\/uploads\/2025\/10\/articulos-2426609.jpg\" style=\"width:20%\"\/>\u2018Animales dif\u00edciles\u2019 de Rosa Montero<\/p>\n<p><strong>\u2018El volumen del tiempo II\u2019 de Solvej Balle<\/strong><\/p>\n<p style=\"margin:0cm 0cm 8pt\">La escritora danesa retoma su fascinante exploraci\u00f3n novel\u00edstica sobre la condici\u00f3n humana en esta novela en la que Tara Selter,<strong> la anticuaria atrapada en el bucle temporal de un 18 de noviembre<\/strong> del que no encuentra moda de escapar, continua anotando sus reflexiones sobre la ins\u00f3lita situaci\u00f3n que est\u00e1 viviendo. Regresa a la habitaci\u00f3n de hotel en la que todo comenz\u00f3, hace la peculiar visita a su familia, emprende viaje por Europa en un intento de recrear el paso de las estaciones y sigue haci\u00e9ndose preguntas sobre qui\u00e9n es, quienes somos y cu\u00e1l es nuestra relaci\u00f3n con el tiempo.<\/p>\n<p style=\"margin:0cm 0cm 8pt\"><a href=\"https:\/\/amzn.to\/48oK8Ba\" target=\"_blank\" rel=\"nofollow noopener\"><strong>COMPRAR EN AMAZON<\/strong><\/a><\/p>\n<p><img decoding=\"async\" alt=\"\u2018El volumen del tiempo II\u2019 de Solvej Balle\" src=\"https:\/\/www.europesays.com\/es\/wp-content\/uploads\/2025\/10\/articulos-2426611.jpg\" style=\"width:20%\"\/>\u2018El volumen del tiempo II\u2019 de Solvej Balle<\/p>\n<p><strong>\u2018Un puente sobre el tiempo\u2019 de Kaliane Bradley<\/strong><\/p>\n<p style=\"margin:0cm 0cm 8pt\">Una comedia rom\u00e1ntica combinada con viajes en el tiempo, un thriller de esp\u00edas y una ingeniosa exploraci\u00f3n de la naturaleza del poder y el potencial del amor para cambiarlo todo. Esta novela parte de una premisa tremendamente atractiva: \u00bfQu\u00e9 pasar\u00eda si una rama secreta del gobierno probara la efectividad de <strong>una m\u00e1quina del tiempo trayendo al presente a individuos de diferentes peri\u00f3dicos hist\u00f3ricos?<\/strong><\/p>\n<p style=\"margin:0cm 0cm 8pt\"><a href=\"https:\/\/amzn.to\/4ngDgcV\" target=\"_blank\" rel=\"nofollow noopener\"><strong>COMPRAR EN AMAZON<\/strong><\/a><\/p>\n<p><img decoding=\"async\" alt=\"\u2018Un puente sobre el tiempo\u2019 de Kaliane Bradley\" src=\"https:\/\/www.europesays.com\/es\/wp-content\/uploads\/2025\/10\/articulos-2426616.jpg\" style=\"width:20%\"\/>\u2018Un puente sobre el tiempo\u2019 de Kaliane Bradley<\/p>\n<p><strong>\u2018Condici\u00f3n artificial\u2019 de Martha Wells<\/strong><\/p>\n<p style=\"margin:0cm 0cm 8pt\">El pasado septiembre se lanz\u00f3 la edici\u00f3n actualizada de este libro, <strong>el segundo de la serie \u2018Los diarios de Metabot\u2019,<\/strong> ganador de los premios Hugo y Locus. Decidi\u00f3 llamarse Matabot por su pasado oscuro en el que murieron muchos humanos, pero de esa masacre solo conservar un recuerdo confuso del que ahora quiere saber m\u00e1s. Tras unir fuerzas con un Transporte de Investigaci\u00f3n llamado TIP, se dirige a la instalaci\u00f3n minera donde todo se descontrol\u00f3, y donde sus descubrimientos har\u00e1n que su forma de pensar cambie para siempre.<\/p>\n<p style=\"margin:0cm 0cm 8pt\"><a href=\"https:\/\/amzn.to\/4q2plJL\" target=\"_blank\" rel=\"nofollow noopener\"><strong>COMPRAR EN AMAZON<\/strong><\/a><\/p>\n<p><img decoding=\"async\" alt=\"\u2018Condici\u00f3n artificial\u2019 de Martha Wells\" src=\"https:\/\/www.europesays.com\/es\/wp-content\/uploads\/2025\/10\/articulos-2426610.jpg\" style=\"width:20%\"\/>\u2018Condici\u00f3n artificial\u2019 de Martha Wells<\/p>\n<p><strong>\u2018Amanecer en la cosecha\u2019 de Suzanne Collins<\/strong><\/p>\n<p style=\"margin:0cm 0cm 8pt\">La <strong>quinta entrega de la exitosa saga \u2018Los Juegos del Hambre\u2019<\/strong> lleg\u00f3 a las librer\u00edas el pasado mes de marzo. Amanece el d\u00eda de los Quincuag\u00e9simos Juegos del Hambre, en los que en honor al Vasallaje de los Veinticinco se llevar\u00e1n de sus hogares al doble de tributos y en los que Haymitch Abernathy, del Distrito 12, es enviado al Capitolio junto a una amiga que es casi como una hermana peque\u00f1a para \u00e9l, un chico obsesionado con analizar apuestas y la chica m\u00e1s estirada de la ciudad. Pronto comprende que el Capitolio quiere que fracase, y \u00e9l est\u00e1 dispuesto a luchar.<\/p>\n<p style=\"margin:0cm 0cm 8pt\"><a href=\"https:\/\/amzn.to\/3L2Xo4v\" target=\"_blank\" rel=\"nofollow noopener\"><strong>COMPRAR EN AMAZON<\/strong><\/a><\/p>\n<p><img decoding=\"async\" alt=\"\u2018Amanecer en la cosecha\u2019 de Suzanne Collins\" src=\"https:\/\/www.europesays.com\/es\/wp-content\/uploads\/2025\/10\/articulos-2426608.jpg\" style=\"width:20%\"\/>\u2018Amanecer en la cosecha\u2019 de Suzanne Collins<\/p>\n<p><strong>\u2018Mickey7\u2019 de Edward Ashton<\/strong><\/p>\n<p style=\"margin:0cm 0cm 8pt\">Aunque su fecha de publicaci\u00f3n original fue 2022, el pasado mes de marzo lleg\u00f3 a los cines la <strong>adaptaci\u00f3n cinematogr\u00e1fica de esta novela,<\/strong> que volvi\u00f3 a ser editada en nuestro pa\u00eds. Nos cuenta la historia de Mickey Barnes, un Prescindible que tras nueve a\u00f1os como conejillo de indias de peligrosas tareas y experimentos cae herido durante una misi\u00f3n de reconocimiento y abandonado a una muerte segura. Sin embargo, consigue regresar a su base donde se encuentra con su siguiente r\u00e9plica, Mickey8.<\/p>\n<p style=\"margin:0cm 0cm 8pt\"><a href=\"https:\/\/amzn.to\/3KIpd1Z\" target=\"_blank\" rel=\"nofollow noopener\"><strong>COMPRAR EN AMAZON<\/strong><\/a><\/p>\n<p><img decoding=\"async\" alt=\"\u2018Mickey7\u2019 de Edward Ashton\" src=\"https:\/\/www.europesays.com\/es\/wp-content\/uploads\/2025\/10\/articulos-2426615.jpg\" style=\"width:20%\"\/>\u2018Mickey7\u2019 de Edward Ashton<\/p>\n<p><strong>\u2018Meridiano cero\u2019 de Silvia Moreno-Garc\u00eda<\/strong><\/p>\n<p style=\"margin:0cm 0cm 8pt\">Tras el \u00e9xito de su novela de terror \u2018G\u00f3tico\u2019, la escritora mexicana public\u00f3 el pasado enero en nuestro pa\u00eds este libro en el que <strong>Amalia sue\u00f1a con Marte, el Marte de las pel\u00edculas,<\/strong> un basti\u00f3n interminable de oportunidades para un colono con agallas. Pero est\u00e1 atrapada en\u00a0 la monoton\u00eda de Ciudad de M\u00e9xico, trabajando como \u201camiga de alquiler\u201d, vendiendo su sangre a ancianos con dinero que esperan rejuvenecer con ella e inmersa en una historia de amor rota desde hace tiempo. Y sin embargo, est\u00e1 Marta, tan lejos y tan cerca.<\/p>\n<p style=\"margin:0cm 0cm 8pt\"><a href=\"https:\/\/amzn.to\/47eQQZg\" target=\"_blank\" rel=\"nofollow noopener\"><strong>COMPRAR EN AMAZON<\/strong><\/a><\/p>\n<p><img decoding=\"async\" alt=\"\u2018Meridiano cero\u2019 de Silvia Moreno-Garc\u00eda\" src=\"https:\/\/www.europesays.com\/es\/wp-content\/uploads\/2025\/10\/articulos-2426614.jpg\" style=\"width:20%\"\/>\u2018Meridiano cero\u2019 de Silvia Moreno-Garc\u00eda<\/p>\n<p><strong>&#8216;La piedad de los dioses&#8217; de James S.A. Corey<\/strong><\/p>\n<p style=\"margin:0cm 0cm 8pt\">Esta es la primera entrega de una espectacular trilog\u00eda de los autores de \u2018The Expanse\u2019, en la que<strong> la humanidad lucha por su supervivencia en una guerra<\/strong> tan antigua como el universo. Durante siglos, los Carryx han destruido o esclavizado a toda la galaxia, pero ahora se enfrentan a un enemigo mortal y la clave para su supervivencia est\u00e1 en manos de los humanos del planeta Anjiin.<\/p>\n<p style=\"margin:0cm 0cm 8pt\"><a href=\"https:\/\/amzn.to\/4oa81kl\" target=\"_blank\" rel=\"nofollow noopener\"><strong>COMPRAR EN AMAZON<\/strong><\/a><\/p>\n<p><img decoding=\"async\" alt=\"La piedad de los dioses de James S.A. Corey\" src=\"https:\/\/www.europesays.com\/es\/wp-content\/uploads\/2025\/10\/articulos-2426613.jpg\" style=\"width:20%\"\/>La piedad de los dioses de James S.A. Corey<\/p>\n<p><strong>En calidad de afiliado, Vozp\u00f3puli obtiene ingresos por las compras que cumplen los requisitos. La inclusi\u00f3n de enlaces no influye en ning\u00fan caso en la independencia editorial de este peri\u00f3dico: sus redactores seleccionan y analizan los productos libremente, de acuerdo con su criterio y conocimiento especializado.<\/strong><\/p>\n","protected":false},"excerpt":{"rendered":"Aunque la novela negra\u00a0es la que lidera las listas de los libros m\u00e1s vendidos en los \u00faltimos tiempos,&hellip;\n","protected":false},"author":2,"featured_media":172597,"comment_status":"","ping_status":"","sticky":false,"template":"","format":"standard","meta":{"footnotes":""},"categories":[172],"tags":[224,146,147,25,24,225,23],"class_list":{"0":"post-172596","1":"post","2":"type-post","3":"status-publish","4":"format-standard","5":"has-post-thumbnail","7":"category-libros","8":"tag-books","9":"tag-entertainment","10":"tag-entretenimiento","11":"tag-es","12":"tag-espana","13":"tag-libros","14":"tag-spain"},"share_on_mastodon":{"url":"","error":""},"_links":{"self":[{"href":"https:\/\/www.europesays.com\/es\/wp-json\/wp\/v2\/posts\/172596","targetHints":{"allow":["GET"]}}],"collection":[{"href":"https:\/\/www.europesays.com\/es\/wp-json\/wp\/v2\/posts"}],"about":[{"href":"https:\/\/www.europesays.com\/es\/wp-json\/wp\/v2\/types\/post"}],"author":[{"embeddable":true,"href":"https:\/\/www.europesays.com\/es\/wp-json\/wp\/v2\/users\/2"}],"replies":[{"embeddable":true,"href":"https:\/\/www.europesays.com\/es\/wp-json\/wp\/v2\/comments?post=172596"}],"version-history":[{"count":0,"href":"https:\/\/www.europesays.com\/es\/wp-json\/wp\/v2\/posts\/172596\/revisions"}],"wp:featuredmedia":[{"embeddable":true,"href":"https:\/\/www.europesays.com\/es\/wp-json\/wp\/v2\/media\/172597"}],"wp:attachment":[{"href":"https:\/\/www.europesays.com\/es\/wp-json\/wp\/v2\/media?parent=172596"}],"wp:term":[{"taxonomy":"category","embeddable":true,"href":"https:\/\/www.europesays.com\/es\/wp-json\/wp\/v2\/categories?post=172596"},{"taxonomy":"post_tag","embeddable":true,"href":"https:\/\/www.europesays.com\/es\/wp-json\/wp\/v2\/tags?post=172596"}],"curies":[{"name":"wp","href":"https:\/\/api.w.org\/{rel}","templated":true}]}}