{"id":172598,"date":"2025-10-12T21:24:14","date_gmt":"2025-10-12T21:24:14","guid":{"rendered":"https:\/\/www.europesays.com\/es\/172598\/"},"modified":"2025-10-12T21:24:14","modified_gmt":"2025-10-12T21:24:14","slug":"gabriel-soto-revela-que-su-telenovela-monteverde-le-salvo-la-vida-tras-un-ano-dificil","status":"publish","type":"post","link":"https:\/\/www.europesays.com\/es\/172598\/","title":{"rendered":"Gabriel Soto revela que su telenovela &#8216;Monteverde&#8217; le salv\u00f3 la vida tras un a\u00f1o dif\u00edcil"},"content":{"rendered":"<p id=\"eAWGBP8tE-\" data-wc=\"79\"><strong>Gabriel Soto\u00a0<\/strong>atraviesa una etapa de plenitud profesional que llega como un respiro <a class=\"hm-link ho-link\" href=\"https:\/\/www.hola.com\/us-es\/celebrities\/20250625840342\/gabriel-soto-enfermo-salud-estudios-leucemia\/\" data-mrf-recirculation=\"article-body-link\" rel=\"nofollow noopener\" target=\"_blank\">despu\u00e9s de tiempos dif\u00edciles<\/a>. Su regreso a la televisi\u00f3n con Monteverde no solo ha significado un triunfo en audiencias, sino tambi\u00e9n una profunda renovaci\u00f3n personal. La telenovela, que desde su estreno conquist\u00f3 los primeros lugares de rating en la televisi\u00f3n mexicana y que llegar\u00e1 a la pantalla de Univision el pr\u00f3ximo 3 de noviembre, marc\u00f3 para el actor un antes y un despu\u00e9s en su vida.<\/p>\n<p> <img src=\"https:\/\/www.europesays.com\/es\/wp-content\/uploads\/2025\/10\/dd2091a75b16-gettyimages-2219891829.jpg\"   width=\"682\" height=\"1024\" loading=\"lazy\" decoding=\"async\" alt=\"Gabriel Soto\" fetchpriority=\"auto\" class=\"image ho-image\"\/>\u00a9 Getty ImagesGabriel Soto revel\u00f3 que &#8216;Monteverde&#8217; le salv\u00f3 la vida<\/p>\n<p id=\"eRch0xOAmMK\" data-wc=\"79\">\u201cMe siento totalmente bendecido con una alegr\u00eda que no existen las palabras para describir. Realmente Monteverde ha sido un fen\u00f3meno. No hay otra palabra. Los n\u00fameros de audiencia son fuera de serie\u201d, expres\u00f3 el int\u00e9rprete en una entrevista para Entretelenovelas Magazine. \u201cCreo que hace mucho tiempo no se ve\u00edan unos n\u00fameros de audiencia as\u00ed. Sumamente agradecido con el p\u00fablico que ha hecho de Monteverde lo que ha sido y que nos han aceptado todas las noches en sus casas\u201d.<\/p>\n<p> <img src=\"https:\/\/www.europesays.com\/es\/wp-content\/uploads\/2025\/10\/717f3566fb60-africaleona.jpg\"   width=\"819\" height=\"1024\" loading=\"lazy\" decoding=\"async\" alt=\"\u00c1frica Zavala protagoniza 'Monteverde' junto a Gabriel Soto.\" fetchpriority=\"auto\" class=\"image ho-image\"\/>\u00a9 IG: @africa_zavala\u00c1frica Zavala protagoniza &#8216;Monteverde&#8217; junto a Gabriel Soto.<\/p>\n<p id=\"eBK1uH37J6D\" data-wc=\"81\">Durante la conversaci\u00f3n, el protagonista de Mi camino es amarte se mostr\u00f3 m\u00e1s vulnerable que nunca y confes\u00f3 que este proyecto lleg\u00f3 en el momento en que m\u00e1s lo necesitaba. \u201cYo agradezco todo lo que pas\u00f3 con Monteverde, fue como regresarme mi alma al cuerpo, rescatarme en todos los sentidos, tanto a nivel personal como profesional. Monteverde para m\u00ed fue la luz al final del camino y fue como el resurgimiento de Gabriel Soto en todos los sentidos\u201d, declar\u00f3 con honestidad.<\/p>\n<p> <img src=\"https:\/\/www.europesays.com\/es\/wp-content\/uploads\/2025\/10\/14fead537aa5-527397834185179088920600612850589546291609852n.jpg\"   width=\"976\" height=\"1024\" loading=\"lazy\" decoding=\"async\" alt=\"Gabriel Soto est\u00e1 feliz y pleno a nivel personal y profesional.\" fetchpriority=\"auto\" class=\"image ho-image\"\/>\u00a9 @gabrielsotoGabriel Soto est\u00e1 feliz y pleno a nivel personal y profesional<\/p>\n<p id=\"efvr37KbBiDj\" data-wc=\"82\">El actor reconoci\u00f3 que antes de integrarse a la producci\u00f3n de Lucero Su\u00e1rez, atraves\u00f3 uno de los periodos m\u00e1s complicados de su vida. \u201cNunca hab\u00eda pasado tanto tiempo entre yo hacer una novela y otra. Fue m\u00e1s de un a\u00f1o que estuve sin hacer novela, entonces yo era as\u00ed de: \u2018Me est\u00e1 entrando la crisis de los 50 a\u00f1os, ya no me est\u00e1n hablando, qu\u00e9 est\u00e1 pasando\u2019. Tuve un a\u00f1o muy complicado el a\u00f1o pasado en donde tuve temas de salud\u201d, revel\u00f3.<\/p>\n<p id=\"eDeWdrKhshQn\" data-wc=\"106\">Soto explic\u00f3 que fue justo esa pausa la que lo ayud\u00f3 a reencontrarse consigo mismo. \u201cCreo que el universo se conjug\u00f3 de tal manera que me dijo: \u2018A ver, es tiempo para ti, descansa, recup\u00e9rate, al\u00edviate\u2019. Y cuando veo a Lucero (Su\u00e1rez) que ya estaba yo dado de alta y ya me sent\u00eda muy bien en todos los sentidos, fue as\u00ed como un balde de luz y de emoci\u00f3n de saber que iba a empezar a hacer una novela otra vez. La verdad es que Lucero me vino a salvar la vida, as\u00ed tal cual y literal: me vino a salvar la vida\u201d, comparti\u00f3 con emoci\u00f3n.<\/p>\n<p>Sus hijas, sus m\u00e1s grandes admiradoras<\/p>\n<p id=\"e0AWrRKwV1zs\" data-wc=\"122\">Adem\u00e1s de su satisfacci\u00f3n profesional, el actor destac\u00f3 lo especial que ha sido compartir el \u00e9xito de Monteverde con sus hijas, quienes disfrutan de verlo en pantalla. \u201cEstaban s\u00faper felices, todas las noches me dicen: \u2018Pap\u00e1, hay que ver Monteverde\u2019. Sobre todo la chiquita. La grande tiene que estudiar, entonces hab\u00eda d\u00edas en donde me dec\u00eda: \u2018Pap\u00e1, no, tengo que hacer tarea\u2019. Pero la chiquita estaba\u2026 Y eso es algo bien bonito, que abarcamos un p\u00fablico de todas las edades por la alegr\u00eda y por la luz que inyectaron al proyecto los ni\u00f1os que estaban en la novela. Y, aparte, el tono de comedia que se manej\u00f3 durante todo el proyecto hizo tambi\u00e9n que fuera una novela totalmente familiar\u201d, se\u00f1al\u00f3 con orgullo.<\/p>\n<p> <img src=\"https:\/\/www.europesays.com\/es\/wp-content\/uploads\/2025\/10\/f8fcd235d5f1-52801041618517908856060061179385705237869649n.jpg\"   width=\"972\" height=\"1024\" loading=\"lazy\" decoding=\"async\" alt=\"Gabriel Soto y sus hijas posando en Cloud Gate, conocido como 'The Bean', por su forma de frijol.\" fetchpriority=\"auto\" class=\"image ho-image\"\/>\u00a9 @gabrielsotoGabriel Soto revel\u00f3 que sus hijas son fans de &#8216;Monteverde&#8217;<\/p>\n","protected":false},"excerpt":{"rendered":"Gabriel Soto\u00a0atraviesa una etapa de plenitud profesional que llega como un respiro despu\u00e9s de tiempos dif\u00edciles. Su regreso&hellip;\n","protected":false},"author":2,"featured_media":172599,"comment_status":"","ping_status":"","sticky":false,"template":"","format":"standard","meta":{"footnotes":""},"categories":[171],"tags":[517,146,147,25,24,16170,23,214],"class_list":{"0":"post-172598","1":"post","2":"type-post","3":"status-publish","4":"format-standard","5":"has-post-thumbnail","7":"category-tv","8":"tag-actualidad","9":"tag-entertainment","10":"tag-entretenimiento","11":"tag-es","12":"tag-espana","13":"tag-gabriel-soto","14":"tag-spain","15":"tag-tv"},"share_on_mastodon":{"url":"","error":""},"_links":{"self":[{"href":"https:\/\/www.europesays.com\/es\/wp-json\/wp\/v2\/posts\/172598","targetHints":{"allow":["GET"]}}],"collection":[{"href":"https:\/\/www.europesays.com\/es\/wp-json\/wp\/v2\/posts"}],"about":[{"href":"https:\/\/www.europesays.com\/es\/wp-json\/wp\/v2\/types\/post"}],"author":[{"embeddable":true,"href":"https:\/\/www.europesays.com\/es\/wp-json\/wp\/v2\/users\/2"}],"replies":[{"embeddable":true,"href":"https:\/\/www.europesays.com\/es\/wp-json\/wp\/v2\/comments?post=172598"}],"version-history":[{"count":0,"href":"https:\/\/www.europesays.com\/es\/wp-json\/wp\/v2\/posts\/172598\/revisions"}],"wp:featuredmedia":[{"embeddable":true,"href":"https:\/\/www.europesays.com\/es\/wp-json\/wp\/v2\/media\/172599"}],"wp:attachment":[{"href":"https:\/\/www.europesays.com\/es\/wp-json\/wp\/v2\/media?parent=172598"}],"wp:term":[{"taxonomy":"category","embeddable":true,"href":"https:\/\/www.europesays.com\/es\/wp-json\/wp\/v2\/categories?post=172598"},{"taxonomy":"post_tag","embeddable":true,"href":"https:\/\/www.europesays.com\/es\/wp-json\/wp\/v2\/tags?post=172598"}],"curies":[{"name":"wp","href":"https:\/\/api.w.org\/{rel}","templated":true}]}}