{"id":172618,"date":"2025-10-12T21:35:09","date_gmt":"2025-10-12T21:35:09","guid":{"rendered":"https:\/\/www.europesays.com\/es\/172618\/"},"modified":"2025-10-12T21:35:09","modified_gmt":"2025-10-12T21:35:09","slug":"el-handbol-mallorca-logra-su-segunda-victoria-consecutiva","status":"publish","type":"post","link":"https:\/\/www.europesays.com\/es\/172618\/","title":{"rendered":"El Handbol Mallorca logra su segunda victoria consecutiva"},"content":{"rendered":"<p>El <a href=\"https:\/\/www.ultimahora.es\/etiqueta\/Handbol+Mallorca.html?utm_source=Inline-tag&amp;utm_medium=internal\" rel=\"nofollow noopener\" target=\"_blank\">Handbol Mallorca<\/a> sumaba este fin de semana <strong>una nueva y valiosa victoria<\/strong>, la segunda consecutiva, despu\u00e9s de imponerse en <strong>Algemes\u00ed<\/strong> en un encuentro que se decid\u00eda por la m\u00ednima en los momentos clave (30-31).<\/p>\n<p>El equipo que dirige<strong> Sergio Sevilla<\/strong>, que ven\u00eda de tumbar al <strong>Handbol Sant Joan<\/strong> jugando a un <a href=\"https:\/\/www.ultimahora.es\/etiqueta\/balonmano.html?utm_source=Inline-tag&amp;utm_medium=internal\" rel=\"nofollow noopener\" target=\"_blank\">balonmano<\/a> vistoso y apoyado en un gran trabajo coral, se ve\u00eda obligado a ponerse el mono de trabajo para volver a ganar frente a un rival situado en la pen\u00faltima plaza de la clasificaci\u00f3n. Los jugadores mallorquines ten\u00edan que sufrir para certificar el triunfo y seguir progresando en la tabla del grupo.<\/p>\n<p>La batalla comenzaba con mucha igualdad sobre la pista del 9 de Octubre, con ambos equipos intercambiando goles en los primeros minutos. El malague\u00f1o <strong>Kike Moreno<\/strong> era quien lideraba el ataque visitante junto a<strong> Dani Mota y Mat\u00edas Ca\u00f1ellas<\/strong>, que aportaba goles en los momentos decisivos. El equipo balear respond\u00eda bien, pero Balonmano Algemes\u00ed no lo pon\u00eda f\u00e1cil y a falta de cinco minutos para el descanso igualaba la contienda y llegaba al intermedio con una ventaja m\u00ednima (17-16).<\/p>\n<p>En el descanso, tanto Sergio Sevilla como <strong>su segundo, Jaume Bergas<\/strong>, trataban de reordenar al equipo y mantener alta la moral. Algemes\u00ed mandaba en el marcador; y parec\u00eda que a Handbol Mallorca le costaba entrar en juego. Los locales manten\u00edan una ligera ventaja y el t\u00e9cnico de los for\u00e1neos, que segu\u00eda buscando una reacci\u00f3n de sus pupilos, ped\u00eda tiempo muerto para reorganizar sus fichas.<\/p>\n<p>El equipo mallorqu\u00edn despertaba y se pon\u00eda por delante en el minuto cuarenta gracias a los goles de <strong>M\u00edchel Soledad y Guillem Fern\u00e1ndez<\/strong>. A partir de ese momento, fue Handbol Mallorca quien domin\u00f3 el encuentro, sacando de quicio a la afici\u00f3n local con su efectividad y apretando las tuercas de la defensa para que la victoria no se escapara.<\/p>\n","protected":false},"excerpt":{"rendered":"El Handbol Mallorca sumaba este fin de semana una nueva y valiosa victoria, la segunda consecutiva, despu\u00e9s de&hellip;\n","protected":false},"author":2,"featured_media":172619,"comment_status":"","ping_status":"","sticky":false,"template":"","format":"standard","meta":{"footnotes":""},"categories":[278],"tags":[376,313,1916,168,25,24,329,375,20812,1915,23,167,327,1794,1917],"class_list":{"0":"post-172618","1":"post","2":"type-post","3":"status-publish","4":"format-standard","5":"has-post-thumbnail","7":"category-balonmano","8":"tag-balonmano","9":"tag-ciclismo","10":"tag-deporte-balear","11":"tag-deportes","12":"tag-es","13":"tag-espana","14":"tag-golf","15":"tag-handball","16":"tag-handbol-mallorca","17":"tag-otros-deportes","18":"tag-spain","19":"tag-sports","20":"tag-tenis","21":"tag-vela","22":"tag-voleibol"},"share_on_mastodon":{"url":"","error":""},"_links":{"self":[{"href":"https:\/\/www.europesays.com\/es\/wp-json\/wp\/v2\/posts\/172618","targetHints":{"allow":["GET"]}}],"collection":[{"href":"https:\/\/www.europesays.com\/es\/wp-json\/wp\/v2\/posts"}],"about":[{"href":"https:\/\/www.europesays.com\/es\/wp-json\/wp\/v2\/types\/post"}],"author":[{"embeddable":true,"href":"https:\/\/www.europesays.com\/es\/wp-json\/wp\/v2\/users\/2"}],"replies":[{"embeddable":true,"href":"https:\/\/www.europesays.com\/es\/wp-json\/wp\/v2\/comments?post=172618"}],"version-history":[{"count":0,"href":"https:\/\/www.europesays.com\/es\/wp-json\/wp\/v2\/posts\/172618\/revisions"}],"wp:featuredmedia":[{"embeddable":true,"href":"https:\/\/www.europesays.com\/es\/wp-json\/wp\/v2\/media\/172619"}],"wp:attachment":[{"href":"https:\/\/www.europesays.com\/es\/wp-json\/wp\/v2\/media?parent=172618"}],"wp:term":[{"taxonomy":"category","embeddable":true,"href":"https:\/\/www.europesays.com\/es\/wp-json\/wp\/v2\/categories?post=172618"},{"taxonomy":"post_tag","embeddable":true,"href":"https:\/\/www.europesays.com\/es\/wp-json\/wp\/v2\/tags?post=172618"}],"curies":[{"name":"wp","href":"https:\/\/api.w.org\/{rel}","templated":true}]}}