{"id":172624,"date":"2025-10-12T21:41:17","date_gmt":"2025-10-12T21:41:17","guid":{"rendered":"https:\/\/www.europesays.com\/es\/172624\/"},"modified":"2025-10-12T21:41:17","modified_gmt":"2025-10-12T21:41:17","slug":"cuando-y-donde-se-corre","status":"publish","type":"post","link":"https:\/\/www.europesays.com\/es\/172624\/","title":{"rendered":"cu\u00e1ndo y d\u00f3nde se corre"},"content":{"rendered":"<p class=\"mb-4 text-lg md:leading-8 break-words\"><b>La temporada 2025 de la F\u00f3rmula 1 est\u00e1 en su recta final<\/b> porque solo quedan seis fechas y, con <a href=\"https:\/\/es-us.noticias.yahoo.com\/deportes\/tabla-campeones-hist%C3%B3ricos-constructores-f%C3%B3rmula-160649174.html\" rel=\"nofollow noopener\" data-ylk=\"slk:el torneo de constructores definido a favor de McLaren;elm:context_link;itc:0;sec:content-canvas;outcm:mb_qualified_link;_E:mb_qualified_link;ct:story;\" class=\"link  yahoo-link\" target=\"_blank\">el torneo de constructores definido a favor de McLaren<\/a>, los ojos se posan en el desenlace de la tabla de posiciones de pilotos donde la misma escuder\u00eda brit\u00e1nica domina con <b>Oscar Piastri <\/b>y <b>Lando Norris.<\/b><\/p>\n<p class=\"mb-4 text-lg md:leading-8 break-words\"><b>El pr\u00f3ximo capitulo del Gran Circo ser\u00e1 el fin de semana del 19 de octubre el Gran Premio de Estados Unidos en el circuito de Austin.<\/b> La fecha 19 tendr\u00e1 carrera sprint, por lo que la actividad comenzar\u00e1 el viernes 17 con el \u00fanico entrenamiento y la clasificaci\u00f3n para dicha prueba, que se llevar\u00e1 a cabo al d\u00eda siguiente. Luego, tendr\u00e1 lugar la clasificaci\u00f3n para el GP del domingo.<\/p>\n<ul class=\"mb-4\">\n<li class=\"ml-4 list-disc\">\n<p class=\"mb-4 text-lg md:leading-8 break-words\">Todas las instancias se transmitir\u00e1n en vivo por TV a trav\u00e9s de Fox Sports, canal que se puede sintonizar online en Flow, DGO y Telecentro Play; y en la plataforma digital Disney+ Premium.<\/p>\n<\/li>\n<\/ul>\n<p><img alt=\"McLaren, gracias a Lando Norris y Oscar Piastri, conquist\u00f3 el torneo de constructores seis fechas antes del cierre de la temporada 2025\" loading=\"lazy\" width=\"768\" height=\"512\" decoding=\"async\" data-nimg=\"1\" class=\"rounded-lg\" style=\"color:transparent\" src=\"https:\/\/www.europesays.com\/es\/wp-content\/uploads\/2025\/10\/68128f0f9b23fba019a20ae641517dfb.jpeg\"\/><\/p>\n<p>McLaren, gracias a Lando Norris y Oscar Piastri, conquist\u00f3 el torneo de constructores seis fechas antes del cierre de la temporada 2025 &#8211; Cr\u00e9ditos: @Mark Sutton &#8211; Formula 1<\/p>\n<p class=\"mb-4 text-lg md:leading-8 break-words\">El l\u00edder del campeonato es Piastri con 336 puntos y lo persigue su compa\u00f1ero Norris con 314. <b>Max Verstappen (Red Bull),<\/b> tetracampe\u00f3n vigente, gan\u00f3 dos de las \u00faltimas tres final y acumula 273. <b>Franco Colapinto,<\/b> por su parte, todav\u00eda no pudo sumar puntos con su Alpine.<\/p>\n<p class=\"mb-4 text-lg md:leading-8 break-words\">En la clasificaci\u00f3n por equipos, <b>McLaren domina la temporada con 650 unidades<\/b> y tiene una diferencia de 325 con Mercedes, su escolta. As\u00ed, la escuder\u00eda logr\u00f3 su segunda estrella seguida y la d\u00e9cima en su historia, con la que qued\u00f3 como el segundo m\u00e1ximo ganador por detr\u00e1s de Ferrari (16).<\/p>\n<ol class=\"mb-4\">\n<li class=\"ml-4 list-decimal\">\n<p class=\"mb-4 text-lg md:leading-8 break-words\">GP de Australia en Melbourne &#8211;\u00a0<b>Lando Norris (McLaren).<\/b><\/p>\n<\/li>\n<li class=\"ml-4 list-decimal\">\n<p class=\"mb-4 text-lg md:leading-8 break-words\">GP de China en Shangh\u00e1i &#8211;<b>\u00a0Oscar Piastri (McLaren).<\/b><\/p>\n<\/li>\n<li class=\"ml-4 list-decimal\">\n<p class=\"mb-4 text-lg md:leading-8 break-words\">GP de Jap\u00f3n en Suzuka &#8211;\u00a0<b>Max Verstappen (Red Bull).<\/b><\/p>\n<\/li>\n<li class=\"ml-4 list-decimal\">\n<p class=\"mb-4 text-lg md:leading-8 break-words\">GP de Bahr\u00e9in en Sakhir &#8211;\u00a0<b>Oscar Piastri (McLaren).<\/b><\/p>\n<\/li>\n<li class=\"ml-4 list-decimal\">\n<p class=\"mb-4 text-lg md:leading-8 break-words\">GP de Arabia Saudita en Yed\u00e1 &#8211;\u00a0<b>Oscar Piastri (McLaren).<\/b><\/p>\n<\/li>\n<li class=\"ml-4 list-decimal\">\n<p class=\"mb-4 text-lg md:leading-8 break-words\">GP de Miami &#8211;\u00a0<b>Oscar Piastri (McLaren).<\/b><\/p>\n<\/li>\n<li class=\"ml-4 list-decimal\">\n<p class=\"mb-4 text-lg md:leading-8 break-words\">GP de Emilia-Romagna en Imola &#8211;\u00a0<b>Max Verstappen (Red Bull).<\/b><\/p>\n<\/li>\n<li class=\"ml-4 list-decimal\">\n<p class=\"mb-4 text-lg md:leading-8 break-words\">GP de M\u00f3naco &#8211;\u00a0<b>Lando Norris (McLaren).<\/b><\/p>\n<\/li>\n<li class=\"ml-4 list-decimal\">\n<p class=\"mb-4 text-lg md:leading-8 break-words\">GP de Espa\u00f1a en Montmel\u00f3 &#8211;\u00a0<b>Oscar Piastri (McLaren).<\/b><\/p>\n<\/li>\n<li class=\"ml-4 list-decimal\">\n<p class=\"mb-4 text-lg md:leading-8 break-words\">GP de Canad\u00e1 en Montreal &#8211;\u00a0<b>George Russell (Mercedes).<\/b><\/p>\n<\/li>\n<li class=\"ml-4 list-decimal\">\n<p class=\"mb-4 text-lg md:leading-8 break-words\">GP de Austria en Spielberg &#8211;\u00a0<b>Lando Norris (McLaren).<\/b><\/p>\n<\/li>\n<li class=\"ml-4 list-decimal\">\n<p class=\"mb-4 text-lg md:leading-8 break-words\">GP de Gran Breta\u00f1a en Silverstone &#8211;\u00a0<b>Lando Norris (McLaren).<\/b><\/p>\n<\/li>\n<li class=\"ml-4 list-decimal\">\n<p class=\"mb-4 text-lg md:leading-8 break-words\">GP de B\u00e9lgica en Spa-Francorchamps &#8211;\u00a0<b>Oscar Piastri (McLaren).<\/b><\/p>\n<\/li>\n<li class=\"ml-4 list-decimal\">\n<p class=\"mb-4 text-lg md:leading-8 break-words\">GP de Hungr\u00eda en Budapest &#8211;\u00a0<b>Lando Norris (McLaren).<\/b><\/p>\n<\/li>\n<li class=\"ml-4 list-decimal\">\n<p class=\"mb-4 text-lg md:leading-8 break-words\">GP de Pa\u00edses Bajos en Zandvoort &#8211;\u00a0<b>Oscar Piastri (McLaren).<\/b><\/p>\n<\/li>\n<li class=\"ml-4 list-decimal\">\n<p class=\"mb-4 text-lg md:leading-8 break-words\">GP de Italia en Monza &#8211;\u00a0<b>Max Verstappen (Red Bull).<\/b><\/p>\n<\/li>\n<li class=\"ml-4 list-decimal\">\n<p class=\"mb-4 text-lg md:leading-8 break-words\">GP de Azerbaiy\u00e1n en Bak\u00fa &#8211; <b>Max Verstappen (Red Bull).<\/b><\/p>\n<\/li>\n<li class=\"ml-4 list-decimal\">\n<p class=\"mb-4 text-lg md:leading-8 break-words\">GP de Singapur &#8211; <b>George Russell (Mercedes).<\/b><\/p>\n<\/li>\n<li class=\"ml-4 list-decimal\">\n<p class=\"mb-4 text-lg md:leading-8 break-words\">19 de octubre: GP de Estados Unidos en Austin (sprint).<\/p>\n<\/li>\n<li class=\"ml-4 list-decimal\">\n<p class=\"mb-4 text-lg md:leading-8 break-words\">26 octubre: GP de M\u00e9xico en Ciudad de M\u00e9xico.<\/p>\n<\/li>\n<li class=\"ml-4 list-decimal\">\n<p class=\"mb-4 text-lg md:leading-8 break-words\">9 de noviembre: GP de Brasil en Interlagos (sprint).<\/p>\n<\/li>\n<li class=\"ml-4 list-decimal\">\n<p class=\"mb-4 text-lg md:leading-8 break-words\">22 de noviembre: GP de Las Vegas.<\/p>\n<\/li>\n<li class=\"ml-4 list-decimal\">\n<p class=\"mb-4 text-lg md:leading-8 break-words\">30 de noviembre: GP de Qatar en Lusail (sprint).<\/p>\n<\/li>\n<li class=\"ml-4 list-decimal\">\n<p class=\"mb-4 text-lg md:leading-8 break-words\">7 diciembre: GP de Abu Dhabi en Yas Marina.<\/p>\n<\/li>\n<\/ol>\n<p><img alt=\"La tabla de posiciones de la F\u00f3rmula 1, tras el GP de Singapur\" loading=\"lazy\" width=\"768\" height=\"695\" decoding=\"async\" data-nimg=\"1\" class=\"rounded-lg\" style=\"color:transparent\" src=\"https:\/\/www.europesays.com\/es\/wp-content\/uploads\/2025\/10\/c54684d55ce53c456dc662af75c57236.jpeg\"\/><\/p>\n<p>La tabla de posiciones de la F\u00f3rmula 1, tras el GP de Singapur<\/p>\n<p class=\"mb-4 text-lg md:leading-8 break-words\"><b>Alpine<\/b><\/p>\n<ul class=\"mb-4\">\n<li class=\"ml-4 list-disc\">\n<p class=\"mb-4 text-lg md:leading-8 break-words\">GP de Emilia-Romagna: 16\u00b0<\/p>\n<\/li>\n<li class=\"ml-4 list-disc\"\/>\n<li class=\"ml-4 list-disc\"\/>\n<li class=\"ml-4 list-disc\"\/>\n<li class=\"ml-4 list-disc\"\/>\n<li class=\"ml-4 list-disc\">\n<p class=\"mb-4 text-lg md:leading-8 break-words\">GP de Gran Breta\u00f1a: Abandon\u00f3<\/p>\n<\/li>\n<li class=\"ml-4 list-disc\"\/>\n<li class=\"ml-4 list-disc\"\/>\n<li class=\"ml-4 list-disc\">\n<p class=\"mb-4 text-lg md:leading-8 break-words\">GP de Pa\u00edses Bajos: 11\u00b0<\/p>\n<\/li>\n<li class=\"ml-4 list-disc\"\/>\n<li class=\"ml-4 list-disc\"\/>\n<li class=\"ml-4 list-disc\"\/><\/ul>\n<p><img alt=\"Franco Colapinto todav\u00eda no pudo sumar puntos en la temporada 2025 de la F\u00f3rmula 1\" loading=\"lazy\" width=\"768\" height=\"512\" decoding=\"async\" data-nimg=\"1\" class=\"rounded-lg\" style=\"color:transparent\" src=\"https:\/\/www.europesays.com\/es\/wp-content\/uploads\/2025\/10\/c4bd8c504a867497dcba4f411084f0c8.jpeg\"\/><\/p>\n<p>Franco Colapinto todav\u00eda no pudo sumar puntos en la temporada 2025 de la F\u00f3rmula 1 &#8211; Cr\u00e9ditos: @LILLIAN SUWANRUMPHA<\/p>\n<p class=\"mb-4 text-lg md:leading-8 break-words\">La grilla de equipos y pilotos de la F1 2025 se modific\u00f3 con respecto al inicio de la temporada. Tras la segunda fecha, hubo un \u201ctrueque\u201d entre Red Bull y Racing Bulls en el que el japon\u00e9s<b> Yuki Tsunoda<\/b> se hizo con el lugar de <b>Liam Lawson<\/b> y pas\u00f3 a ser compa\u00f1ero de <b>Max Verstappen<\/b>. Lawson volvi\u00f3 a la escuder\u00eda que compiti\u00f3 el a\u00f1o pasado y comparte equipo con el debutante <b>Isack Hadjar<\/b>. Luego del GP de Miami, correspondiente a la sexta jornada, Alpine prescindi\u00f3 de <b>Jack Doohan<\/b> y le dio la titularidad a <b>Franco Colapinto<\/b> junto a <b>Pierre Gasly, <\/b>el piloto principal de la escuder\u00eda francesa.<\/p>\n<p class=\"mb-4 text-lg md:leading-8 break-words\">En el resto de los equipos no hay cambios en relaci\u00f3n a c\u00f3mo empezaron el 2025. Williams cuenta con <b>Alexander Albon <\/b>y <b>Carlos Sainz Jr.<\/b>, quien firm\u00f3 contrato hasta 2028 despu\u00e9s de su salida de Ferrari por la llegada de <b>Lewis Hamilton. <\/b>El multicampe\u00f3n ingl\u00e9s hace dupla con<b> Charles Leclerc<\/b>. Kick Sauber y Haas, en tanto, se renovaron por completo con respecto a 2024. Los suizos contrataron al brasile\u00f1o <b>Gabriel Bortoleto, <\/b>campe\u00f3n de la F\u00f3rmula 2 el a\u00f1o pasado, y a <b>Nico Hulkenberg <\/b>(justamente desde Haas); mientras que los norteamericanos sumaron a <b>Oliver Bearman <\/b>y a <b>Esteban Ocon<\/b>, quien dej\u00f3 Alpine.<\/p>\n<p class=\"mb-4 text-lg md:leading-8 break-words\">Otro juvenil que desembarc\u00f3 en la F\u00f3rmula 1 fue <b>Kimi Antonelli<\/b>, de 18 a\u00f1os y reemplazante de Hamilton en Mercedes. All\u00ed corre junto al experimentado <b>George Russell<\/b>. Solo dos los equipos mantuvieron a sus pilotos de la temporada anterior: Aston Mart\u00edn sigue con<b> Fernando Alonso <\/b>y<b> Lance Stroll<\/b> y McLaren, flamante bicampe\u00f3n del torneo de constructores, con<b> Lando Norris <\/b>y<b> Oscar Piastri.<\/b><\/p>\n","protected":false},"excerpt":{"rendered":"La temporada 2025 de la F\u00f3rmula 1 est\u00e1 en su recta final porque solo quedan seis fechas y,&hellip;\n","protected":false},"author":2,"featured_media":172625,"comment_status":"","ping_status":"","sticky":false,"template":"","format":"standard","meta":{"footnotes":""},"categories":[270],"tags":[168,25,24,306,271,272,1723,465,2104,2099,2704,2106,212,23,167],"class_list":{"0":"post-172624","1":"post","2":"type-post","3":"status-publish","4":"format-standard","5":"has-post-thumbnail","7":"category-formula-1","8":"tag-deportes","9":"tag-es","10":"tag-espana","11":"tag-f1","12":"tag-formula-1","13":"tag-formula1","14":"tag-franco-colapinto","15":"tag-george-russell","16":"tag-lando-norris","17":"tag-max-verstappen","18":"tag-mclaren","19":"tag-oscar-piastri","20":"tag-red-bull","21":"tag-spain","22":"tag-sports"},"share_on_mastodon":{"url":"","error":""},"_links":{"self":[{"href":"https:\/\/www.europesays.com\/es\/wp-json\/wp\/v2\/posts\/172624","targetHints":{"allow":["GET"]}}],"collection":[{"href":"https:\/\/www.europesays.com\/es\/wp-json\/wp\/v2\/posts"}],"about":[{"href":"https:\/\/www.europesays.com\/es\/wp-json\/wp\/v2\/types\/post"}],"author":[{"embeddable":true,"href":"https:\/\/www.europesays.com\/es\/wp-json\/wp\/v2\/users\/2"}],"replies":[{"embeddable":true,"href":"https:\/\/www.europesays.com\/es\/wp-json\/wp\/v2\/comments?post=172624"}],"version-history":[{"count":0,"href":"https:\/\/www.europesays.com\/es\/wp-json\/wp\/v2\/posts\/172624\/revisions"}],"wp:featuredmedia":[{"embeddable":true,"href":"https:\/\/www.europesays.com\/es\/wp-json\/wp\/v2\/media\/172625"}],"wp:attachment":[{"href":"https:\/\/www.europesays.com\/es\/wp-json\/wp\/v2\/media?parent=172624"}],"wp:term":[{"taxonomy":"category","embeddable":true,"href":"https:\/\/www.europesays.com\/es\/wp-json\/wp\/v2\/categories?post=172624"},{"taxonomy":"post_tag","embeddable":true,"href":"https:\/\/www.europesays.com\/es\/wp-json\/wp\/v2\/tags?post=172624"}],"curies":[{"name":"wp","href":"https:\/\/api.w.org\/{rel}","templated":true}]}}