{"id":172632,"date":"2025-10-12T21:46:09","date_gmt":"2025-10-12T21:46:09","guid":{"rendered":"https:\/\/www.europesays.com\/es\/172632\/"},"modified":"2025-10-12T21:46:09","modified_gmt":"2025-10-12T21:46:09","slug":"marruecos-un-vecino-incomodo-para-espana-espionaje-a-periodistas-chantajes-y-aspiraciones-territoriales","status":"publish","type":"post","link":"https:\/\/www.europesays.com\/es\/172632\/","title":{"rendered":"Marruecos, un \u00abvecino inc\u00f3modo\u00bb para Espa\u00f1a: espionaje a periodistas, chantajes y aspiraciones territoriales"},"content":{"rendered":"<p class=\"paragraph text-xl pb-7 w-full text-pretty [&amp;_a]:text-link-normal dark:[&amp;_a]:text-link-dark [&amp;_a]:decoration-1 [&amp;_a:hover]:underline [&amp;_a:hover]:text-link-hover [&amp;_a:hover]:decoration-2 [&amp;_b_a]:text-link-normal dark:[&amp;_b_a]:text-link-dark [&amp;_b_a]:decoration-1 [&amp;_b_a:hover]:underline [&amp;_b_a:hover]:text-link-hover desktop:leading-relaxed break-words font-serif\" data-original-text-size=\"text-xl\"><b>Marruecos. El vecino inc\u00f3modo.<\/b> Es el t\u00edtulo, claro y directo, de un nuevo libro publicado por la periodista <b>Sonia Moreno.<\/b> En \u00e9l se analizan \u00abtodas las claves del reinado de Mohamed VI y de una relaci\u00f3n imprescindible para Espa\u00f1a\u00bb. La autora ha trabajado durante m\u00e1s de una d\u00e9cada en el pa\u00eds en diferentes medios de comunicaci\u00f3n y ha comprobado de primera mano las dificultades para el ejercicio de la profesi\u00f3n.\u00a0<\/p>\n<p class=\"paragraph text-xl pb-7 w-full text-pretty [&amp;_a]:text-link-normal dark:[&amp;_a]:text-link-dark [&amp;_a]:decoration-1 [&amp;_a:hover]:underline [&amp;_a:hover]:text-link-hover [&amp;_a:hover]:decoration-2 [&amp;_b_a]:text-link-normal dark:[&amp;_b_a]:text-link-dark [&amp;_b_a]:decoration-1 [&amp;_b_a:hover]:underline [&amp;_b_a:hover]:text-link-hover desktop:leading-relaxed break-words font-serif\" data-original-text-size=\"text-xl\">El libro, que ha salido a la venta hace unos d\u00edas con la editorial La Esfera de los Libros aborda asuntos como el espionaje y presiones a periodistas, que ella misma ha sufrido en primera persona. Disecciona el perfil del actual rey, las relaciones bilaterales con Espa\u00f1a, los grupos de presi\u00f3n, la cuesti\u00f3n del<b> S\u00e1hara Occidental y el giro de Pedro S\u00e1nchez<\/b>, las aspiraciones territoriales de Marruecos sobre Ceuta y Melilla, la relaci\u00f3n entre la Casa Real espa\u00f1ola y la marroqu\u00ed o los retos en derechos humanos y libertades del pa\u00eds vecino.\u00a0<\/p>\n<p class=\"paragraph text-xl pb-7 w-full text-pretty [&amp;_a]:text-link-normal dark:[&amp;_a]:text-link-dark [&amp;_a]:decoration-1 [&amp;_a:hover]:underline [&amp;_a:hover]:text-link-hover [&amp;_a:hover]:decoration-2 [&amp;_b_a]:text-link-normal dark:[&amp;_b_a]:text-link-dark [&amp;_b_a]:decoration-1 [&amp;_b_a:hover]:underline [&amp;_b_a:hover]:text-link-hover desktop:leading-relaxed break-words font-serif\" data-original-text-size=\"text-xl\">\u00abEs inc\u00f3modo en el sentido de que no tenemos con ellos<br \/>\nuna relaci\u00f3n estable sino que es de vaivenes. Hay momentos \u00e1lgidos como el de ahora<br \/>\ny otros bajos como en 2021\u00bb, explica Moreno en conversaci\u00f3n con P\u00fablico.\u00a0La periodista incide en que Espa\u00f1a es receptor directo de la migraci\u00f3n que sale de su territorio o que la aspiraci\u00f3n hist\u00f3rica del <b>\u00abGran Marruecos\u00bb<\/b> incluye suelo espa\u00f1ol.<\/p>\n<p>Relacionado con este tema<\/p>\n<p class=\"paragraph text-xl pb-7 w-full text-pretty [&amp;_a]:text-link-normal dark:[&amp;_a]:text-link-dark [&amp;_a]:decoration-1 [&amp;_a:hover]:underline [&amp;_a:hover]:text-link-hover [&amp;_a:hover]:decoration-2 [&amp;_b_a]:text-link-normal dark:[&amp;_b_a]:text-link-dark [&amp;_b_a]:decoration-1 [&amp;_b_a:hover]:underline [&amp;_b_a:hover]:text-link-hover desktop:leading-relaxed break-words font-serif\" data-original-text-size=\"text-xl\">En nuestro pa\u00eds siempre se maneja con pies de plomo el lenguaje usado. Moreno pone un ejemplo. \u00abCuando preguntas ahora por la sucesi\u00f3n del rey en \u00e1mbitos diplom\u00e1ticos o pol\u00edticos\u00a0todo el mundo tiene miedo de decir algo <b>que<br \/>\nMarruecos entienda que es una injerencia <\/b>y que tendr\u00edamos problemas\u00bb, afirma.\u00a0<\/p>\n<p>Mohamed VI y su \u00abperfil econ\u00f3mico\u00bb<\/p>\n<p class=\"paragraph text-xl pb-7 w-full text-pretty [&amp;_a]:text-link-normal dark:[&amp;_a]:text-link-dark [&amp;_a]:decoration-1 [&amp;_a:hover]:underline [&amp;_a:hover]:text-link-hover [&amp;_a:hover]:decoration-2 [&amp;_b_a]:text-link-normal dark:[&amp;_b_a]:text-link-dark [&amp;_b_a]:decoration-1 [&amp;_b_a:hover]:underline [&amp;_b_a:hover]:text-link-hover desktop:leading-relaxed break-words font-serif\" data-original-text-size=\"text-xl\">El primer cap\u00edtulo est\u00e1 dedicado al papel del actual monarca marroqu\u00ed, que tiene muchas diferencias al de su padre, Hassan II. \u00abHa habido muchos Mohamed VI distintos\u00bb, apunta la autora. Al principio se le llam\u00f3 \u00abel rey de los pobres\u00bb, tambi\u00e9n se le ha llamado \u00abde los j\u00f3venes\u00bb o \u00abdel pueblo\u00bb. Para Moreno, el rey marroqu\u00ed tiene\u00a0\u00abun perfil econ\u00f3mico\u00bb. \u00ab<b>Es un empresario, no es<br \/>\nun pol\u00edtico ni un diplom\u00e1tico<\/b>, incluso tiene dificultades con las relaciones sociales.<br \/>\nSu padre s\u00ed ten\u00eda un perfil pol\u00edtico. Por eso es ahora mismo el hombre m\u00e1s rico<br \/>\nde Marruecos y el quinto de \u00c1frica\u00bb, afirma.<\/p>\n<p class=\"paragraph text-xl pb-7 w-full text-pretty [&amp;_a]:text-link-normal dark:[&amp;_a]:text-link-dark [&amp;_a]:decoration-1 [&amp;_a:hover]:underline [&amp;_a:hover]:text-link-hover [&amp;_a:hover]:decoration-2 [&amp;_b_a]:text-link-normal dark:[&amp;_b_a]:text-link-dark [&amp;_b_a]:decoration-1 [&amp;_b_a:hover]:underline [&amp;_b_a:hover]:text-link-hover desktop:leading-relaxed break-words font-serif\" data-original-text-size=\"text-xl\">La periodista se\u00f1ala que para conseguir el reconocimiento del S\u00e1hara Occidental como marroqu\u00ed a trav\u00e9s del<b> plan de autonom\u00eda<\/b> \u00e9l emprende una campa\u00f1a econ\u00f3mica, especialmente en 2016. Primero en \u00c1frica y luego en Asia. A determinados pa\u00edses les ofreci\u00f3 inversiones a cambio de abrir consulados en las ciudades ocupadas de Dajla o El Aai\u00fan incluso aunque no hubiera poblaci\u00f3n del pa\u00eds en cuesti\u00f3n en dicho territorio.\u00a0<\/p>\n<p class=\"paragraph text-xl pb-7 w-full text-pretty [&amp;_a]:text-link-normal dark:[&amp;_a]:text-link-dark [&amp;_a]:decoration-1 [&amp;_a:hover]:underline [&amp;_a:hover]:text-link-hover [&amp;_a:hover]:decoration-2 [&amp;_b_a]:text-link-normal dark:[&amp;_b_a]:text-link-dark [&amp;_b_a]:decoration-1 [&amp;_b_a:hover]:underline [&amp;_b_a:hover]:text-link-hover desktop:leading-relaxed break-words font-serif\" data-original-text-size=\"text-xl\">Durante las \u00faltimas semanas han saltado a la luz p\u00fablica unas importantes manifestaciones lideradas <a href=\"https:\/\/www.publico.es\/internacional\/africa\/quienes-son-jovenes-gen-z-212-marruecos-reivindican.html\" rel=\"nofollow noopener\" target=\"_blank\">por el colectivo Gen Z 212.\u00a0<\/a>\u00abEn estos a\u00f1os de reinado Mohamed VI ha tenido que hacer frente a varias rebeliones populares, en alg\u00fan momento preocupantes por coincidir en diferentes partes del pa\u00eds\u00bb, escribe Moreno en el libro, que dedica varias p\u00e1ginas a estos acontecimientos.\u00a0<\/p>\n<p>Relacionado con este tema<\/p>\n<p class=\"paragraph text-xl pb-7 w-full text-pretty [&amp;_a]:text-link-normal dark:[&amp;_a]:text-link-dark [&amp;_a]:decoration-1 [&amp;_a:hover]:underline [&amp;_a:hover]:text-link-hover [&amp;_a:hover]:decoration-2 [&amp;_b_a]:text-link-normal dark:[&amp;_b_a]:text-link-dark [&amp;_b_a]:decoration-1 [&amp;_b_a:hover]:underline [&amp;_b_a:hover]:text-link-hover desktop:leading-relaxed break-words font-serif\" data-original-text-size=\"text-xl\">\u00abHa<br \/>\nhabido manifestaciones en verano, en zonas rulares que no aparecieron<br \/>\nni en los medios marroqu\u00edes.<b> Se estaban gestando desde hace mucho tiempo<\/b>. Los<br \/>\nm\u00e9dicos y profesores llevan tiempo saliendo a la calle, en 2018, en 2019, etc. Ya<br \/>\nsufr\u00edan represi\u00f3n. Hab\u00eda un caldo de cultivo, faltaba una chispa\u00bb, destaca la autora a este medio. Moreno recuerda que la principal petici\u00f3n es que se vaya \u00abla oligarqu\u00eda que tiene dinero\u00bb, especialmente el primer ministro Aziz Ajanuch, una de las grandes fortunas del pa\u00eds. El a\u00f1o que viene hay elecciones y ese punto ser\u00eda clave para los manifestantes.\u00a0<\/p>\n<p>Los grupos de presi\u00f3n y la cuesti\u00f3n saharaui<\/p>\n<p class=\"paragraph text-xl pb-7 w-full text-pretty [&amp;_a]:text-link-normal dark:[&amp;_a]:text-link-dark [&amp;_a]:decoration-1 [&amp;_a:hover]:underline [&amp;_a:hover]:text-link-hover [&amp;_a:hover]:decoration-2 [&amp;_b_a]:text-link-normal dark:[&amp;_b_a]:text-link-dark [&amp;_b_a]:decoration-1 [&amp;_b_a:hover]:underline [&amp;_b_a:hover]:text-link-hover desktop:leading-relaxed break-words font-serif\" data-original-text-size=\"text-xl\">\u00abEste poder econ\u00f3mico ha tentado a un grupo de presi\u00f3n hispano-marroqu\u00ed que vende en Espa\u00f1a las virtudes del pa\u00eds vecino y presiona con el fin \u00faltimo de que se reconozca la <b>soberan\u00eda marroqu\u00ed sobre el S\u00e1hara Occidental<\/b>\u00ab, se\u00f1ala Moreno en otro apartado del libro. Se mencionan determinadas p\u00e1ginas web pero tambi\u00e9n pol\u00edticos con nombres y apellidos. Destacan Felipe Gonz\u00e1lez, Jordi Pujol, Jos\u00e9 Luis Rodr\u00edguez Zapatero, Juan Fernando L\u00f3pez Aguilar, Jos\u00e9 Bono, Miguel \u00c1ngel Moratinos o El\u00edas Bendodo, entre otros.\u00a0<\/p>\n<p>Relacionado con este tema<\/p>\n<p class=\"paragraph text-xl pb-7 w-full text-pretty [&amp;_a]:text-link-normal dark:[&amp;_a]:text-link-dark [&amp;_a]:decoration-1 [&amp;_a:hover]:underline [&amp;_a:hover]:text-link-hover [&amp;_a:hover]:decoration-2 [&amp;_b_a]:text-link-normal dark:[&amp;_b_a]:text-link-dark [&amp;_b_a]:decoration-1 [&amp;_b_a:hover]:underline [&amp;_b_a:hover]:text-link-hover desktop:leading-relaxed break-words font-serif\" data-original-text-size=\"text-xl\">\u00abMe lo he encontrado muchas veces en los aeropuertos\u00bb, apunta la periodista sobre Moratinos, exministro de Exteriores con los Gobiernos de Zapatero. \u00ab\u00c9l negoci\u00f3 muchas cosas por detr\u00e1s\u00bb, se\u00f1ala. Sobre el expresidente dice que lo ha visto tambi\u00e9n \u00absalir del Parlamento marroqu\u00ed por detr\u00e1s\u00bb. Zapatero es uno de los principales avalistas del <a href=\"https:\/\/www.publico.es\/politica\/partidos\/zapatero-bono-vuelven-avalar-movimiento-saharaui-cni-vincula-marruecos.html\" rel=\"nofollow noopener\" target=\"_blank\"><b>Movimiento Saharaui para la Paz (MSP)<\/b>,<\/a> calificado por el CNI como organizaci\u00f3n pantalla de los servicios secretos de Marruecos y enfrentado al <b>Frente Polisario<\/b>. \u00abNecesitamos que nos explique por qu\u00e9 est\u00e1<br \/>\napoyando esto. \u00c9l lo que dice es que hay que buscar una soluci\u00f3n y que esa ser\u00eda<br \/>\nlo mejor para todos. \u00bfHa estado con los colonos? \u00bfSe ha sentado con la parte oprimida o con el Polisario?\u00bb, se pregunta la periodista.\u00a0<\/p>\n<p class=\"paragraph text-xl pb-7 w-full text-pretty [&amp;_a]:text-link-normal dark:[&amp;_a]:text-link-dark [&amp;_a]:decoration-1 [&amp;_a:hover]:underline [&amp;_a:hover]:text-link-hover [&amp;_a:hover]:decoration-2 [&amp;_b_a]:text-link-normal dark:[&amp;_b_a]:text-link-dark [&amp;_b_a]:decoration-1 [&amp;_b_a:hover]:underline [&amp;_b_a:hover]:text-link-hover desktop:leading-relaxed break-words font-serif\" data-original-text-size=\"text-xl\">Moreno tambi\u00e9n hace hincapi\u00e9 en el silencio informativo en el que se encuentra el territorio del S\u00e1hara Occidental. Ni ella misma, pese a tener <b>acreditaci\u00f3n de prensa<\/b> en el pa\u00eds, ha podido visitar la zona de manera libre. \u00abHemos sido pastoreados por el Gobierno de Rabat\u00bb, se\u00f1ala sobre las ocasiones en las que ha podido visitar Dajla. No se le permiti\u00f3 cruzar una calle para hablar con unos activistas o bajarse del coche para hacer fotograf\u00edas. \u00abPara no estar en contacto con la realidad nos alojaron en jaimas en medio del desierto y en complejos tur\u00edsticos de lujo cerrados a la poblaci\u00f3n local\u00bb, destaca. Ryanair ha abierto una l\u00ednea directa a Dajla desde Madrid. Un pu\u00f1ado de periodistas y activistas espa\u00f1oles, entre ellos uno de P\u00fablico, han sido expulsados en pocos meses.\u00a0<\/p>\n<p>Relacionado con este temaEl ejercicio del periodismo\u00a0<\/p>\n<p class=\"paragraph text-xl pb-7 w-full text-pretty [&amp;_a]:text-link-normal dark:[&amp;_a]:text-link-dark [&amp;_a]:decoration-1 [&amp;_a:hover]:underline [&amp;_a:hover]:text-link-hover [&amp;_a:hover]:decoration-2 [&amp;_b_a]:text-link-normal dark:[&amp;_b_a]:text-link-dark [&amp;_b_a]:decoration-1 [&amp;_b_a:hover]:underline [&amp;_b_a:hover]:text-link-hover desktop:leading-relaxed break-words font-serif\" data-original-text-size=\"text-xl\">\u00abEstando acreditada y como residente siempre ten\u00eda<br \/>\nmiedo de no volver a entrar. Diez a\u00f1os as\u00ed es muy duro. Porque no te das<br \/>\ncuenta del d\u00eda a d\u00eda, pero te pasa factura. La <b>autocensura<\/b> es terrible,<br \/>\nmaquillas un poco determinadas palabras. Lo que m\u00e1s me ha costado es no poder ser yo, mi personalidad real,<br \/>\npegada a la de periodista. No he podido ir a manifestaciones del Rif o del<br \/>\nS\u00e1hara aunque fuera solo a ver. Porque me sacan una foto y no vuelvo a entrar, como le pas\u00f3 a mi compa\u00f1era Carla Fibla\u00bb, relata Moreno.\u00a0<\/p>\n<p class=\"paragraph text-xl pb-7 w-full text-pretty [&amp;_a]:text-link-normal dark:[&amp;_a]:text-link-dark [&amp;_a]:decoration-1 [&amp;_a:hover]:underline [&amp;_a:hover]:text-link-hover [&amp;_a:hover]:decoration-2 [&amp;_b_a]:text-link-normal dark:[&amp;_b_a]:text-link-dark [&amp;_b_a]:decoration-1 [&amp;_b_a:hover]:underline [&amp;_b_a:hover]:text-link-hover desktop:leading-relaxed break-words font-serif\" data-original-text-size=\"text-xl\">En el libro cuenta varias presiones que recibi\u00f3, as\u00ed como propuestas de cantidades ingentes de dinero para escribir \u00abbuena informaci\u00f3n\u00bb sobre Marruecos. Adem\u00e1s desvela una an\u00e9cdota ocurrida en 2010, cuando era precisamente corresponsal para P\u00fablico. Casi reci\u00e9n llegada se impuls\u00f3 el campamento de Gdeim Izik, con miles de saharauis protestando por su situaci\u00f3n a las afueras de El Aai\u00fan. Para evitar problemas y que fuera expulsada tuvo que <b>firmar con un pseud\u00f3nimo<\/b>, el de Ra\u00fal Torres.\u00a0<\/p>\n<p class=\"paragraph text-xl pb-7 w-full text-pretty [&amp;_a]:text-link-normal dark:[&amp;_a]:text-link-dark [&amp;_a]:decoration-1 [&amp;_a:hover]:underline [&amp;_a:hover]:text-link-hover [&amp;_a:hover]:decoration-2 [&amp;_b_a]:text-link-normal dark:[&amp;_b_a]:text-link-dark [&amp;_b_a]:decoration-1 [&amp;_b_a:hover]:underline [&amp;_b_a:hover]:text-link-hover desktop:leading-relaxed break-words font-serif\" data-original-text-size=\"text-xl\">Pero las presiones no se quedaron ah\u00ed. Moreno explica el espionaje que sufri\u00f3. \u00abLazarus Technology determin\u00f3 como perito externo que fui vigilada a trav\u00e9s de un programa malicioso y varias aplicaciones de espionaje y seguimiento que permitieron el <b>control remoto de mi tel\u00e9fono m\u00f3vil<\/b>, obteniendo una serie de datos e informaci\u00f3n acerca de la ubicaci\u00f3n, los desplazamientos, los contactos, las im\u00e1genes y las llamadas a lo largo de casi un a\u00f1o\u00bb, escribe en el libro.\u00a0<\/p>\n<p>Relacionado con este tema<\/p>\n<p class=\"paragraph text-xl pb-7 w-full text-pretty [&amp;_a]:text-link-normal dark:[&amp;_a]:text-link-dark [&amp;_a]:decoration-1 [&amp;_a:hover]:underline [&amp;_a:hover]:text-link-hover [&amp;_a:hover]:decoration-2 [&amp;_b_a]:text-link-normal dark:[&amp;_b_a]:text-link-dark [&amp;_b_a]:decoration-1 [&amp;_b_a:hover]:underline [&amp;_b_a:hover]:text-link-hover desktop:leading-relaxed break-words font-serif\" data-original-text-size=\"text-xl\">Las investigaciones realizadas -el caso est\u00e1 judicializado- se\u00f1alan como los art\u00edfices del espionaje a <b>dos ciudadanos marroqu\u00edes, un periodista y un militar<\/b>. \u00abTienen fotos con Salvador Illa y Miquel Iceta. Yo les avis\u00e9 de que<br \/>\ntuvieran cuidado\u00bb, revela Moreno en conversaci\u00f3n con este medio.\u00a0<\/p>\n<p class=\"paragraph text-xl pb-7 w-full text-pretty [&amp;_a]:text-link-normal dark:[&amp;_a]:text-link-dark [&amp;_a]:decoration-1 [&amp;_a:hover]:underline [&amp;_a:hover]:text-link-hover [&amp;_a:hover]:decoration-2 [&amp;_b_a]:text-link-normal dark:[&amp;_b_a]:text-link-dark [&amp;_b_a]:decoration-1 [&amp;_b_a:hover]:underline [&amp;_b_a:hover]:text-link-hover desktop:leading-relaxed break-words font-serif\" data-original-text-size=\"text-xl\">Al espionaje telef\u00f3nico de Moreno le rodearon otros muchos delitos: uso de fotos y conversaciones privadas que se manipulan, acoso, amenazas, difamaci\u00f3n en medios, llamadas a jefes y fuentes. La periodista cuenta todo lo que tuvo que sufrir durante varios meses. En paralelo el Gobierno de Marruecos le envi\u00f3 el 8 de octubre de 2020 una comunicaci\u00f3n oficial anunciando que le <b>retiraba la acreditaci\u00f3n<\/b> como corresponsal de la Cadena SER en el pa\u00eds.\u00a0<\/p>\n<p>Corinna, Juan Carlos I y sus v\u00ednculos\u00a0<\/p>\n<p class=\"paragraph text-xl pb-7 w-full text-pretty [&amp;_a]:text-link-normal dark:[&amp;_a]:text-link-dark [&amp;_a]:decoration-1 [&amp;_a:hover]:underline [&amp;_a:hover]:text-link-hover [&amp;_a:hover]:decoration-2 [&amp;_b_a]:text-link-normal dark:[&amp;_b_a]:text-link-dark [&amp;_b_a]:decoration-1 [&amp;_b_a:hover]:underline [&amp;_b_a:hover]:text-link-hover desktop:leading-relaxed break-words font-serif\" data-original-text-size=\"text-xl\">Otro asunto que trata el libro es la relaci\u00f3n entre la Casa Real espa\u00f1ola y la marroqu\u00ed. \u00abLo m\u00e1s llamativo es el tema de Corinna\u00bb, apunta la periodista, que hace referencia a unas conversaciones publicadas en 2018 en El Espa\u00f1ol.\u00a0En ellas participan Corinna Larsen, el expresidente de Telef\u00f3nica Juan Villalonga y el excomisario Jos\u00e9 Manuel Villarejo. A partir de ah\u00ed investig\u00f3 para llegar a la conclusi\u00f3n de que se produjo una \u00abdonaci\u00f3n\u00bb de <b>un terreno en Casablanca<\/b> de Juan Carlos I a su amante.\u00a0<\/p>\n<p class=\"paragraph text-xl pb-7 w-full text-pretty [&amp;_a]:text-link-normal dark:[&amp;_a]:text-link-dark [&amp;_a]:decoration-1 [&amp;_a:hover]:underline [&amp;_a:hover]:text-link-hover [&amp;_a:hover]:decoration-2 [&amp;_b_a]:text-link-normal dark:[&amp;_b_a]:text-link-dark [&amp;_b_a]:decoration-1 [&amp;_b_a:hover]:underline [&amp;_b_a:hover]:text-link-hover desktop:leading-relaxed break-words font-serif\" data-original-text-size=\"text-xl\">\u00abCuando empiezan todos los problemas del em\u00e9rito, en Marruecos consideran que es por la coalici\u00f3n con Unidas Podemos. Y les piden ayuda desde la Casa Real\u00bb, se\u00f1ala Moreno. Finalmente tras <b>la huida de Espa\u00f1a<\/b>, Juan Carlos I eligi\u00f3 Emiratos \u00c1rabes mientras que el reino alauita guard\u00f3 un calculado silencio para preservar determinados negocios con Reino Unido, donde el rey em\u00e9rito ten\u00eda entonces causas abiertas.\u00a0<\/p>\n<p>Ceuta y Melilla\u00a0<\/p>\n<p class=\"paragraph text-xl pb-7 w-full text-pretty [&amp;_a]:text-link-normal dark:[&amp;_a]:text-link-dark [&amp;_a]:decoration-1 [&amp;_a:hover]:underline [&amp;_a:hover]:text-link-hover [&amp;_a:hover]:decoration-2 [&amp;_b_a]:text-link-normal dark:[&amp;_b_a]:text-link-dark [&amp;_b_a]:decoration-1 [&amp;_b_a:hover]:underline [&amp;_b_a:hover]:text-link-hover desktop:leading-relaxed break-words font-serif\" data-original-text-size=\"text-xl\">\u00abEl mayo desacierto de los gobiernos espa\u00f1oles ha sido subestimar las capacidades de Marruecos\u00bb. Es una de las \u00faltimas frases del libro. Para Moreno, el pa\u00eds vecino tiene una \u00abagenda muy organizada\u00bb en cuanto a su estrategia de<b> \u00abasfixia\u00bb<\/b> especialmente a Ceuta y Melilla y sus aspiraciones territoriales.\u00a0<\/p>\n<p class=\"paragraph text-xl pb-7 w-full text-pretty [&amp;_a]:text-link-normal dark:[&amp;_a]:text-link-dark [&amp;_a]:decoration-1 [&amp;_a:hover]:underline [&amp;_a:hover]:text-link-hover [&amp;_a:hover]:decoration-2 [&amp;_b_a]:text-link-normal dark:[&amp;_b_a]:text-link-dark [&amp;_b_a]:decoration-1 [&amp;_b_a:hover]:underline [&amp;_b_a:hover]:text-link-hover desktop:leading-relaxed break-words font-serif\" data-original-text-size=\"text-xl\">\u00abSe lo dije en 2020 a los ceut\u00edes. No lo digo ni como cr\u00edtica ni como apoyo, sino que tenemos que ver lo que est\u00e1 pasando<br \/>\npara reaccionar. Ellos tienen una agenda para asfixiar. Ellos tienen planes. Cuando ense\u00f1an de manera internacional el futuro de Nador ense\u00f1an <b>Melilla con un<br \/>\ntranv\u00eda desde el aeropuerto hasta el centro de la ciudad.<\/b> Eso esta circulando. \u00bfNo es una injerencia? Es un pa\u00eds que nos est\u00e1 siempre chantajeando<br \/>\ny tomando el pulso\u00bb, reflexiona Moreno.\u00a0<\/p>\n","protected":false},"excerpt":{"rendered":"Marruecos. El vecino inc\u00f3modo. Es el t\u00edtulo, claro y directo, de un nuevo libro publicado por la periodista&hellip;\n","protected":false},"author":2,"featured_media":172633,"comment_status":"","ping_status":"","sticky":false,"template":"","format":"standard","meta":{"footnotes":""},"categories":[172],"tags":[224,146,147,25,24,9733,225,12182,4485,23,8839],"class_list":{"0":"post-172632","1":"post","2":"type-post","3":"status-publish","4":"format-standard","5":"has-post-thumbnail","7":"category-libros","8":"tag-books","9":"tag-entertainment","10":"tag-entretenimiento","11":"tag-es","12":"tag-espana","13":"tag-incomodo","14":"tag-libros","15":"tag-lista","16":"tag-marruecos","17":"tag-spain","18":"tag-vecino"},"share_on_mastodon":{"url":"","error":""},"_links":{"self":[{"href":"https:\/\/www.europesays.com\/es\/wp-json\/wp\/v2\/posts\/172632","targetHints":{"allow":["GET"]}}],"collection":[{"href":"https:\/\/www.europesays.com\/es\/wp-json\/wp\/v2\/posts"}],"about":[{"href":"https:\/\/www.europesays.com\/es\/wp-json\/wp\/v2\/types\/post"}],"author":[{"embeddable":true,"href":"https:\/\/www.europesays.com\/es\/wp-json\/wp\/v2\/users\/2"}],"replies":[{"embeddable":true,"href":"https:\/\/www.europesays.com\/es\/wp-json\/wp\/v2\/comments?post=172632"}],"version-history":[{"count":0,"href":"https:\/\/www.europesays.com\/es\/wp-json\/wp\/v2\/posts\/172632\/revisions"}],"wp:featuredmedia":[{"embeddable":true,"href":"https:\/\/www.europesays.com\/es\/wp-json\/wp\/v2\/media\/172633"}],"wp:attachment":[{"href":"https:\/\/www.europesays.com\/es\/wp-json\/wp\/v2\/media?parent=172632"}],"wp:term":[{"taxonomy":"category","embeddable":true,"href":"https:\/\/www.europesays.com\/es\/wp-json\/wp\/v2\/categories?post=172632"},{"taxonomy":"post_tag","embeddable":true,"href":"https:\/\/www.europesays.com\/es\/wp-json\/wp\/v2\/tags?post=172632"}],"curies":[{"name":"wp","href":"https:\/\/api.w.org\/{rel}","templated":true}]}}