{"id":172649,"date":"2025-10-12T21:56:08","date_gmt":"2025-10-12T21:56:08","guid":{"rendered":"https:\/\/www.europesays.com\/es\/172649\/"},"modified":"2025-10-12T21:56:08","modified_gmt":"2025-10-12T21:56:08","slug":"alerta-naranja-por-lluvias-en-valencia-estos-son-los-municipios-que-suspenden-clases-el-lunes-13-de-octubre","status":"publish","type":"post","link":"https:\/\/www.europesays.com\/es\/172649\/","title":{"rendered":"Alerta naranja por lluvias en Valencia: estos son los municipios que suspenden clases el lunes 13 de octubre"},"content":{"rendered":"<p><a class=\"v-mdl-ath__fig-a\" href=\"https:\/\/www.lasprovincias.es\/autor\/arturo-checa-445.html\" title=\"Arturo Checa\" rel=\"nofollow noopener\" target=\"_blank\"><br \/>\n<img decoding=\"async\" class=\"v-mdl-ath__img\" src=\"https:\/\/www.europesays.com\/es\/wp-content\/uploads\/2025\/10\/autor-445-foto-2.jpeg\" alt=\"Arturo Checa\"\/><br \/>\n<\/a><\/p>\n<p class=\"v-mdl-ath__p v-mdl-ath__p--6\">\nDomingo, 12 de octubre 2025, 14:56<\/p>\n<p>| Actualizado 23:28h.<\/p>\n<p class=\"v-p\">La dana no cesa. El nivel de alerta decretado para este lunes por la Agencia Estatal de Meteorolog\u00eda (Aemet) y el Centro de Emergencias es de color naranja para el litoral de la provincia de Valencia y el norte de la de Castell\u00f3n, <a href=\"https:\/\/www.lasprovincias.es\/comunitat\/el-tiempo\/aemet-reactiva-aviso-naranja-comunitat-valenciana-regreso-20251012142452-nt.html\" target=\"_blank\" title=\"www.lasprovincias.es\" data-voc-vtm-id=\"in-text-traffic\" data-mrf-link=\"www.lasprovincias.es\" rel=\"nofollow noopener\">tras reactivarse la alarma y pasar de amarillo a naranja<\/a>. Y eso ha desencadenado ya los primeros anuncios de suspensiones de clases.<\/p>\n<p class=\"v-p\">La primera ha sido la <strong>Universitat de Val\u00e8ncia <\/strong>(UV). La rectora, Mavi Mestre, ha expresado que, ante la evoluci\u00f3n de la situaci\u00f3n de alerta meteorol\u00f3gica, \u00abse mantiene el nivel de emergencia 2 en la UV desde las 00:01 del lunes 13 de octubre\u00bb, por lo que ha confirmado la suspensi\u00f3n de la actividad docente presencial en los campus e instalaciones de la UV.<\/p>\n<p><a href=\"http:\/\/www.lasprovincias.es\/comunitat\/el-tiempo\/aemet-reactiva-aviso-naranja-comunitat-valenciana-regreso-20251012142452-nt.html#vtm_modulosEngag=mod-rel:comunitat:noticia:1:cmp:1-not\" class=\"v-a-link\" aria-label=\"Imagen\" rel=\"nofollow noopener\" target=\"_blank\"><\/p>\n<p><img decoding=\"async\" loading=\"lazy\" src=\"https:\/\/www.europesays.com\/es\/wp-content\/uploads\/2025\/10\/1501783547-kbsD--366x256@Las Provincias.jpg\" class=\"v-a-img\" width=\"258\" height=\"180\" alt=\"\" data-voc-vtm-id=\"in-text-traffic\"\/><\/p>\n<p><\/a><\/p>\n<p class=\"v-p\">Las actividades docentes se llevar\u00e1n a cabo en modalidad en l\u00ednea \u00absiempre que sea posible. En cuanto a las pr\u00e1cticas externas y cl\u00ednicas, se actuar\u00e1 de acuerdo con las indicaciones de la empresa o instituci\u00f3n donde se desarrollen. En cualquier caso, la no asistencia no tendr\u00e1 repercusiones acad\u00e9micas para el estudiantado\u00bb, han a\u00f1adido desde la UV.<\/p>\n<p class=\"v-p\"><strong>Torrent<\/strong> suspende las clases y todas las actividades extraescolares.<\/p>\n<p class=\"v-p\"><strong>Alfafar <\/strong>ha adoptado la misma medida. \u00abSuspensi\u00f3n de todas las clases lectivas y no lectivas, cierre de parques y jardines, edificios municipales y cancelaci\u00f3n de las actividades al aire libre en todo el municipio\u00bb, como ha informado el Consistorio.<\/p>\n<p class=\"v-p\"><strong>Albal<\/strong> ha comunicado la suspensi\u00f3n de clases en colegios e institutos y el cierre de los centros. Igualmente, suspende las actividades extraescolares.<\/p>\n<p class=\"v-p\"><strong>Massanassa<\/strong> ha anunciado la suspensi\u00f3n de clases y las actividades municipales.<\/p>\n<p class=\"v-p\"><strong>Catarroja<\/strong> se ha sumado tambi\u00e9n a la cancelaci\u00f3n de la actividad lectiva, as\u00ed como de las actividades al aire libre, de los parques, de las pistas al aire libre del polideportivo municipal y del cementerio. <\/p>\n<p class=\"v-p\"><strong>Alc\u00e0sser<\/strong> ha sido el quinto municipio en informar del cierre de los centros educativos. Tambi\u00e9n har\u00e1 lo propio con los parques municipales, los centros sociales municipales y las actividades deportivas. <\/p>\n<p class=\"v-p\"><strong>Benet\u00fasser<\/strong>, en la misma l\u00ednea que algunos de los municipios de la zona cero de la dana, ha optado por suspender las clases. <\/p>\n<p class=\"v-p\"><strong>Picassent<\/strong> ha optado en la media tarde de este domingo por unirse al resto de municipios mencionados y suspender tambi\u00e9n las clases. <\/p>\n<p class=\"v-p\"><strong>Silla <\/strong>ha comunicado que se incorpora a la medida y tambi\u00e9n elimina la actividad docente.<\/p>\n<p class=\"v-p\"><strong>Mislata<\/strong> tambi\u00e9n se ha unido a la cancelaci\u00f3n de clases y ha optado por cerrar parques e instalaciones municipales y por suspender las actividades deportivas. <\/p>\n<p class=\"v-p\"><strong>Aldaia<\/strong> se une a la suspensi\u00f3n de las clases durante la jornada del lunes<\/p>\n<p class=\"v-p\"><strong>Tavernes de la Valldigna<\/strong> tampoco impartir\u00e1 docencia debido a la alerta naranja. <\/p>\n<p class=\"v-p\"><strong>Consulte a continuaci\u00f3n el listado completo de municipios.<\/strong><\/p>\n<p class=\"v-p\">-Torrent<\/p>\n<p class=\"v-p\">-Alzira<\/p>\n<p class=\"v-p\">-Godella<\/p>\n<p class=\"v-p\">-Alfafar<\/p>\n<p class=\"v-p\">-Albal<\/p>\n<p class=\"v-p\">-Massanassa<\/p>\n<p class=\"v-p\">-Catarroja<\/p>\n<p class=\"v-p\">-Alc\u00e0sser<\/p>\n<p class=\"v-p\">-Benet\u00fasser<\/p>\n<p class=\"v-p\">-Picassent<\/p>\n<p class=\"v-p\">-Silla<\/p>\n<p class=\"v-p\">-Mislata<\/p>\n<p class=\"v-p\">-Aldaia<\/p>\n<p class=\"v-p\">-Tavernes de la Valldigna<\/p>\n<p>Pedan\u00edas de Valencia<\/p>\n<p class=\"v-p\">Como ya estaba previsto seg\u00fan el protocolo fijado por el Ayuntamiento de <strong>Valencia<\/strong>, las <strong>pedan\u00edas y los centros educativos situados en zonas inundables de la ciudad<\/strong> han confirmado que se suman a la cancelaci\u00f3n tras la elevaci\u00f3n del aviso de amarillo a naranja: <\/p>\n<p class=\"v-p\">-IES Isabel de Villena, CEIP Vicente Blasco Ib\u00e1\u00f1ez, CEIP Padre Manj\u00f3n, Centre Privat Nuestra Se\u00f1ora del Rosario, Centre Privat d&#8217;Educaci\u00f3 Infantil Sambori-La Torre, Centre Privat FP CFFolgado, Escola Privada de M\u00fasica SedaJazz y Centre Estranger Valencia Montessori School, en Val\u00e8ncia capital<\/p>\n<p class=\"v-p\">-CEIP Cam\u00ed de l&#8217;Horta, en Benim\u00e0met-Beniferri<\/p>\n<p class=\"v-p\">-CEIP Jos\u00e9 Senent y Escola Privada de M\u00fasica Agrupaci\u00f3 Musical, en Massarrojos<\/p>\n<p class=\"v-p\">-Escola Privada de M\u00fasica El Palmar, en El Palmar<\/p>\n<p class=\"v-p\">-CEIP Forn d&#8217;Alcedo, en Forn d&#8217;Alcedo<\/p>\n<p class=\"v-p\">-IES El Ravatxol, CEIP Castellar-Oliveral, CEE Rosa Ll\u00e0cer, Centre Privat d&#8217;Educaci\u00f3 Infantil Formiguetes, Escola Privada de M\u00fasica Santa Cecilia y Centro Instruments Musicals, en Castellar-l&#8217;Oliveral<\/p>\n<p>Universidades<\/p>\n<p class=\"v-p\">&#8211;<a href=\"https:\/\/www.lasprovincias.es\/comunitat\/universitat-valencia-suspende-clases-presenciales-lunes-alerta-20251012154757-nt.html\" target=\"_blank\" title=\"www.lasprovincias.es\" data-voc-vtm-id=\"in-text-traffic\" data-mrf-link=\"www.lasprovincias.es\" rel=\"nofollow noopener\">Universitat de Val\u00e8ncia<\/a><\/p>\n<p class=\"v-p\">-La actividad docente en la <strong>Universidad Cat\u00f3lica de Valencia<\/strong> ser\u00e1 presencial y online por la alerta meteorol\u00f3gica de este lunes. As\u00ed, las clases ser\u00e1n presenciales, pero tambi\u00e9n online para los alumnos que tengan dificultad para el desplazamiento. Igualmente, se recomienda el teletrabajo para quienes presenten problemas de movilidad a consecuencia de las inclemencias meteorol\u00f3gicas. Todos sus campus y sedes se mantendr\u00e1n abiertas en su horario habitual.<\/p>\n<p>Reporta un error<\/p>\n","protected":false},"excerpt":{"rendered":"Domingo, 12 de octubre 2025, 14:56 | Actualizado 23:28h. La dana no cesa. El nivel de alerta decretado&hellip;\n","protected":false},"author":2,"featured_media":172650,"comment_status":"","ping_status":"","sticky":false,"template":"","format":"standard","meta":{"footnotes":""},"categories":[8],"tags":[3830,17,18,12275,51,25,24,13,14,11,19,20,6194,13110,9,10,15,16,1640,23,49890,12,21,22,235],"class_list":{"0":"post-172649","1":"post","2":"type-post","3":"status-publish","4":"format-standard","5":"has-post-thumbnail","7":"category-espana","8":"tag-alerta","9":"tag-breaking-news","10":"tag-breakingnews","11":"tag-clases","12":"tag-deja","13":"tag-es","14":"tag-espana","15":"tag-featured-news","16":"tag-featurednews","17":"tag-headlines","18":"tag-latest-news","19":"tag-latestnews","20":"tag-lluvias","21":"tag-naranja","22":"tag-news","23":"tag-noticias","24":"tag-noticias-destacadas","25":"tag-noticiasdestacadas","26":"tag-primeras","27":"tag-spain","28":"tag-suspensiones","29":"tag-titulares","30":"tag-ultimas-noticias","31":"tag-ultimasnoticias","32":"tag-valencia"},"share_on_mastodon":{"url":"","error":""},"_links":{"self":[{"href":"https:\/\/www.europesays.com\/es\/wp-json\/wp\/v2\/posts\/172649","targetHints":{"allow":["GET"]}}],"collection":[{"href":"https:\/\/www.europesays.com\/es\/wp-json\/wp\/v2\/posts"}],"about":[{"href":"https:\/\/www.europesays.com\/es\/wp-json\/wp\/v2\/types\/post"}],"author":[{"embeddable":true,"href":"https:\/\/www.europesays.com\/es\/wp-json\/wp\/v2\/users\/2"}],"replies":[{"embeddable":true,"href":"https:\/\/www.europesays.com\/es\/wp-json\/wp\/v2\/comments?post=172649"}],"version-history":[{"count":0,"href":"https:\/\/www.europesays.com\/es\/wp-json\/wp\/v2\/posts\/172649\/revisions"}],"wp:featuredmedia":[{"embeddable":true,"href":"https:\/\/www.europesays.com\/es\/wp-json\/wp\/v2\/media\/172650"}],"wp:attachment":[{"href":"https:\/\/www.europesays.com\/es\/wp-json\/wp\/v2\/media?parent=172649"}],"wp:term":[{"taxonomy":"category","embeddable":true,"href":"https:\/\/www.europesays.com\/es\/wp-json\/wp\/v2\/categories?post=172649"},{"taxonomy":"post_tag","embeddable":true,"href":"https:\/\/www.europesays.com\/es\/wp-json\/wp\/v2\/tags?post=172649"}],"curies":[{"name":"wp","href":"https:\/\/api.w.org\/{rel}","templated":true}]}}