{"id":172655,"date":"2025-10-12T21:59:08","date_gmt":"2025-10-12T21:59:08","guid":{"rendered":"https:\/\/www.europesays.com\/es\/172655\/"},"modified":"2025-10-12T21:59:08","modified_gmt":"2025-10-12T21:59:08","slug":"cesar-rincon-hara-el-paseillo-en-la-feria-de-manizales","status":"publish","type":"post","link":"https:\/\/www.europesays.com\/es\/172655\/","title":{"rendered":"C\u00e9sar Rinc\u00f3n har\u00e1 el pase\u00edllo en la Feria de Manizales"},"content":{"rendered":"<p>C\u00e9sar Rinc\u00f3n har\u00e1 el pase\u00edllo en la pr\u00f3xima Feria de Manizales. El maestro colombiano, que reapareci\u00f3 esta ma\u00f1ana cortando dos orejas en el festival homenaje a Anto\u00f1ete en Las Ventas, estar\u00e1 presente en el abono manizalita que se celebrar\u00e1 del 5 al 11 de enero de 2026. Toda una sorpresa y grata noticia, la del regreso del C\u00e9sar del toreo.<\/p>\n","protected":false},"excerpt":{"rendered":"C\u00e9sar Rinc\u00f3n har\u00e1 el pase\u00edllo en la pr\u00f3xima Feria de Manizales. El maestro colombiano, que reapareci\u00f3 esta ma\u00f1ana&hellip;\n","protected":false},"author":2,"featured_media":172656,"comment_status":"","ping_status":"","sticky":false,"template":"","format":"standard","meta":{"footnotes":""},"categories":[277],"tags":[373,168,25,24,23,167,374],"class_list":{"0":"post-172655","1":"post","2":"type-post","3":"status-publish","4":"format-standard","5":"has-post-thumbnail","7":"category-toreo","8":"tag-bullfighting","9":"tag-deportes","10":"tag-es","11":"tag-espana","12":"tag-spain","13":"tag-sports","14":"tag-toreo"},"share_on_mastodon":{"url":"","error":""},"_links":{"self":[{"href":"https:\/\/www.europesays.com\/es\/wp-json\/wp\/v2\/posts\/172655","targetHints":{"allow":["GET"]}}],"collection":[{"href":"https:\/\/www.europesays.com\/es\/wp-json\/wp\/v2\/posts"}],"about":[{"href":"https:\/\/www.europesays.com\/es\/wp-json\/wp\/v2\/types\/post"}],"author":[{"embeddable":true,"href":"https:\/\/www.europesays.com\/es\/wp-json\/wp\/v2\/users\/2"}],"replies":[{"embeddable":true,"href":"https:\/\/www.europesays.com\/es\/wp-json\/wp\/v2\/comments?post=172655"}],"version-history":[{"count":0,"href":"https:\/\/www.europesays.com\/es\/wp-json\/wp\/v2\/posts\/172655\/revisions"}],"wp:featuredmedia":[{"embeddable":true,"href":"https:\/\/www.europesays.com\/es\/wp-json\/wp\/v2\/media\/172656"}],"wp:attachment":[{"href":"https:\/\/www.europesays.com\/es\/wp-json\/wp\/v2\/media?parent=172655"}],"wp:term":[{"taxonomy":"category","embeddable":true,"href":"https:\/\/www.europesays.com\/es\/wp-json\/wp\/v2\/categories?post=172655"},{"taxonomy":"post_tag","embeddable":true,"href":"https:\/\/www.europesays.com\/es\/wp-json\/wp\/v2\/tags?post=172655"}],"curies":[{"name":"wp","href":"https:\/\/api.w.org\/{rel}","templated":true}]}}