{"id":172667,"date":"2025-10-12T22:09:40","date_gmt":"2025-10-12T22:09:40","guid":{"rendered":"https:\/\/www.europesays.com\/es\/172667\/"},"modified":"2025-10-12T22:09:40","modified_gmt":"2025-10-12T22:09:40","slug":"mario-perez-antolin-gana-la-primera-convocatoria-del-premio-juan-gil-albert-con-el-libro-idear-lo-insolito","status":"publish","type":"post","link":"https:\/\/www.europesays.com\/es\/172667\/","title":{"rendered":"Mario P\u00e9rez Antol\u00edn gana la primera convocatoria del Premio Juan Gil-Albert con el libro Idear lo ins\u00f3lito"},"content":{"rendered":"<p><a href=\"https:\/\/www.europesays.com\/es\/wp-content\/uploads\/2025\/10\/DSC_0034-scaled.jpg\"><img width=\"2560\" height=\"1707\" src=\"https:\/\/www.europesays.com\/es\/wp-content\/uploads\/2025\/10\/DSC_0034-scaled.jpg\" class=\"gb-image-cb784c09\" alt=\"\" decoding=\"async\" fetchpriority=\"high\"  \/><\/a><\/p>\n<p><strong>El Premio Internacional Juan Gil-Albert de Escritura Afor\u00edstica y del Yo<\/strong> convocado por el Instituto Alicantino de Cultura Juan Gil-Albert para rendir homenaje al poeta alcoyano, ha reca\u00eddo en su primera edici\u00f3n en <strong>Mario P\u00e9rez Antol\u00edn<\/strong> por su libro Idear lo ins\u00f3lito.<\/p>\n<p>El diputado de Cultura, <strong>Juan de Dios Navarro<\/strong>, ha dado a conocer la resoluci\u00f3n de este certamen y ha recordado que \u201cel objetivo de este galard\u00f3n es tanto potenciar la literatura afor\u00edstica, que el autor alcoyano desarroll\u00f3 a lo largo de su trayectoria, como dar visibilidad y renombre a este poeta que forma parte de nuestro patrimonio literario, por lo que recibir 48 originales en la primera convocatoria es todo un \u00e9xito de participaci\u00f3n y un gran homenaje a Juan Gil-Albert\u201d.<\/p>\n<p>Considerado como uno de los aforistas m\u00e1s destacados de nuestro pa\u00eds, el escritor nacido en Stuttgart en 1964), se ha alzado con los 5.000 euros del galard\u00f3n, al que han concurrido <strong>48 obras de diferentes partes del territorio naciona<\/strong>l. Como \u00e9l mismo ha explicado, Idear lo ins\u00f3lito es una obra \u00abde escritura fragmentaria y fronteriza\u00bb con la que pretende \u00abconjugar la profundidad de pensamiento con la brillantez estil\u00edstica. Los simples juegos formales, si no tienen una importante carga reflexiva o emotiva, no me interesan. Las ocurrencias est\u00e1n bien para pasar el rato, pero no para escribir un libro\u00ab.<\/p>\n<p>El ganador ha asegurado que recibe este galard\u00f3n \u00abcomo una alta responsabilidad\u00ab. \u00abEspero poner el list\u00f3n a la altura que se merece tanto el insigne escritor que da nombre al premio como la prestigiosa instituci\u00f3n que lo patrocina\u00ab. P\u00e9rez Antol\u00edn considera a Juan Gil-Albert \u201cuna figura clave en la literatura del siglo XX espa\u00f1ol. El estilo cuidado y el pensamiento profundo que caracterizan su obra son para m\u00ed un aut\u00e9ntico modelo. Su apuesta por la escritura fronteriza y transversal, que abarca todos los g\u00e9neros creativos, y sus principios \u00e9ticos insobornables merecen colocar a Juan Gil-Albert entre las figuras cimeras de nuestra cultura\u00ab.<\/p>\n<p>Por su parte, la directora del Instituto Juan Gil-Albert, <strong>Cristina Mart\u00ednez<\/strong>, ha afirmado que supone \u201cun importante impulso para el premio que esta primera edici\u00f3n la haya ganado un autor reconocido con una trayectoria destacada\u201d. Una elecci\u00f3n que \u201cno ha sido f\u00e1cil\u201d debido al alto nivel de las obras que se han presentado.<\/p>\n<p><strong>Obra ganadora<\/strong><\/p>\n<p>Poder, sexo, muerte, \u00e9tica, est\u00e9tica, literatura, metaf\u00edsica, sociolog\u00eda, psicolog\u00eda son materias que van reiter\u00e1ndose y altern\u00e1ndose en Idear lo ins\u00f3lito, hasta construir un cuerpo de pensamiento hermosamente expresado. \u201cConviven en textos de muy diferente factura: desde los abiertamente sentenciosos, pasando por microrrelatos, prosas po\u00e9ticas e incluso alg\u00fan poema en prosa, hasta peque\u00f1\u00edsimos ensayos que mantienen la unidad de estilo al abordar los temas a partir de la m\u00ednima unidad de expresi\u00f3n y sentido\u201d, ha destacado P\u00e9rez Antol\u00edn.<\/p>\n<p>\u201cEl libro \u2013afirma el autor- preconiza un humanismo esc\u00e9ptico y complejo, manifiestamente impregnado de melancol\u00eda, que sin embargo no cae en el nihilismo por el \u00e9nfasis que se pone en la reivindicaci\u00f3n, contra cualquier obstrucci\u00f3n, de la dignidad humana\u201d.<\/p>\n<p><strong>Trayectoria<\/strong><\/p>\n<p>P\u00e9rez Antol\u00edn atesora en su trayectoria siete libros de este g\u00e9nero \u2013Profanaci\u00f3n del poder, La m\u00e1s cruel de las certezas, Oscura lucidez, Crudeza, Contrariedades, La serenidad por fin y M\u00ednima esencia\u2013 que han recibido elogios de escritores como <strong>Eugenio Tr\u00edas<\/strong>, <strong>Victoria Camps<\/strong> o <strong>Joan Subirats<\/strong>, entre otros.<\/p>\n<p>El escritor es ant\u00f3logo de Concisos, un volumen que re\u00fane a los <strong>mejores aforistas espa\u00f1oles contempor\u00e1neos<\/strong>, adem\u00e1s de autor de cinco poemarios \u2013Sem\u00e1ntica secreta, Yo eres t\u00fa, De nadie, Esta \u00ednfima parte de infinito y Cada vez que muero- y de la novela Vida de ermita\u00f1o. Parte de su obra ha sido traducida al \u00e1rabe, al italiano y al franc\u00e9s y ha publicado dos libros en editoriales de M\u00e9xico y Chile. Est\u00e1 incluido en la Biblioteca Virtual Miguel de Cervantes y en el Diccionario de Escritores de Castilla y Le\u00f3n, y tambi\u00e9n ha sido finalista del XXI Premio de la Cr\u00edtica de Castilla y Le\u00f3n.<\/p>\n<p>El jurado del I Premio Internacional de Escritura Afor\u00edstica y del Yo ha estado integrado por el poeta, fil\u00f3logo, ensayista y amigo de Juan Gil-Albert <strong>Jaime Siles<\/strong>, galardonado con el Premio de las Letras Valencianas y Premio UNESCO, entre otras muchas distinciones; la poeta y cr\u00edtica literaria <strong>Mar\u00eda Paz Moreno<\/strong>, profesora de la Universidad de Cincinnati y experta en el autor alcoyano; el poeta, cr\u00edtico y gestor cultural <strong>Eduardo Boix<\/strong>; el director del departamento de Publicaciones e Investigaci\u00f3n del Instituto Juan Gil-Albert, <strong>Joaqu\u00edn Juan Penalva<\/strong>, tambi\u00e9n poeta y profesor de la UMH, y la directora del IAC, Cristina Mart\u00ednez.<\/p>\n<p>\u00a0<\/p>\n<p>\u00a0<\/p>\n","protected":false},"excerpt":{"rendered":"El Premio Internacional Juan Gil-Albert de Escritura Afor\u00edstica y del Yo convocado por el Instituto Alicantino de Cultura&hellip;\n","protected":false},"author":2,"featured_media":172668,"comment_status":"","ping_status":"","sticky":false,"template":"","format":"standard","meta":{"footnotes":""},"categories":[172],"tags":[224,146,147,25,24,225,23],"class_list":{"0":"post-172667","1":"post","2":"type-post","3":"status-publish","4":"format-standard","5":"has-post-thumbnail","7":"category-libros","8":"tag-books","9":"tag-entertainment","10":"tag-entretenimiento","11":"tag-es","12":"tag-espana","13":"tag-libros","14":"tag-spain"},"share_on_mastodon":{"url":"","error":""},"_links":{"self":[{"href":"https:\/\/www.europesays.com\/es\/wp-json\/wp\/v2\/posts\/172667","targetHints":{"allow":["GET"]}}],"collection":[{"href":"https:\/\/www.europesays.com\/es\/wp-json\/wp\/v2\/posts"}],"about":[{"href":"https:\/\/www.europesays.com\/es\/wp-json\/wp\/v2\/types\/post"}],"author":[{"embeddable":true,"href":"https:\/\/www.europesays.com\/es\/wp-json\/wp\/v2\/users\/2"}],"replies":[{"embeddable":true,"href":"https:\/\/www.europesays.com\/es\/wp-json\/wp\/v2\/comments?post=172667"}],"version-history":[{"count":0,"href":"https:\/\/www.europesays.com\/es\/wp-json\/wp\/v2\/posts\/172667\/revisions"}],"wp:featuredmedia":[{"embeddable":true,"href":"https:\/\/www.europesays.com\/es\/wp-json\/wp\/v2\/media\/172668"}],"wp:attachment":[{"href":"https:\/\/www.europesays.com\/es\/wp-json\/wp\/v2\/media?parent=172667"}],"wp:term":[{"taxonomy":"category","embeddable":true,"href":"https:\/\/www.europesays.com\/es\/wp-json\/wp\/v2\/categories?post=172667"},{"taxonomy":"post_tag","embeddable":true,"href":"https:\/\/www.europesays.com\/es\/wp-json\/wp\/v2\/tags?post=172667"}],"curies":[{"name":"wp","href":"https:\/\/api.w.org\/{rel}","templated":true}]}}