{"id":172675,"date":"2025-10-12T22:15:07","date_gmt":"2025-10-12T22:15:07","guid":{"rendered":"https:\/\/www.europesays.com\/es\/172675\/"},"modified":"2025-10-12T22:15:07","modified_gmt":"2025-10-12T22:15:07","slug":"chenel-curro-y-tano-el-mundo","status":"publish","type":"post","link":"https:\/\/www.europesays.com\/es\/172675\/","title":{"rendered":"Chenel, Curro y Tano &#8211; El Mundo"},"content":{"rendered":"<ol>\n<li><a href=\"https:\/\/news.google.com\/rss\/articles\/CBMiekFVX3lxTE9LX21wNFlmNk5UYWk4N3dSQ0V0U2NTaXoxYWczb01XOGs3bXJ4MUhJQS1abllhSHZWUDBGQXI2RHlOdTREYnVOZmJGNXpnOExuYXFMSkp2Z1N2YXJXcWZtVzgxdUZ2bVJYTENySjhna0VrcmhLYVpGVE530gF6QVVfeXFMUGM0VkJQWEkxVjFySUYyZ2VYd2tkRXpxQVRUd09xWHpYdDdyeUQzcUNWV055eFBpNU1XbVZ0bU5wNjlPbWVIWTlabXA2ajY2TC0tR1VEdFc5QWhEcDZhNEpyZnd6eHkyNDlRcy1nT0g3OVhQWTdJbnZjX0E?oc=5\" target=\"_blank\" rel=\"nofollow noopener\">Chenel, Curro y Tano<\/a>&nbsp;&nbsp;El Mundo<\/li>\n<li><a href=\"https:\/\/news.google.com\/rss\/articles\/CBMi7wFBVV95cUxOSUtuVTBHNGg5Slp3ckZkQm5KZ1ZwVVMtdDlqUUJ5R0xrMVdsd2xrVzRvZ3JnSExrMGcta1M1TzY4R1lCRDNWQ3MzTFQteUphczZiLTVtN3M3cG5sbUtCbTVZX01Ia19UZ3FjYS13S3hScGVvNWJXTUp2M2RKNFVVV0pRMkh0RU0yU2FfTlloOHdGMHA0Y1F0bHhNYjI5c0RHandnMEphTFAwYmpoQ3ByenBmdmo0S0xwOTkta250SkRua0RMdENxQnNUN2l5d09PMlhITk1qbTNiV0xYc2VsdGdnSHBVdXZPMk54LVdHUdIB9AFBVV95cUxPQzhTVTBKTGxrT3VwdEJjUlZTU2FJMUJLaC1VSlg3eG5tNWVMd0c2NkFQS0pvdm1wallfaDBzYU5YMjAwQTJvWVM2cXNQYXBLV3dkdlhvVklLMFh4OFIyZXlCb2dOX2JoaGQ5X05Qc1JqRXA2VjhYNmZtcHVhTHRQTExoTmlOUDlreFd5aXhPSUVxSWx2NkZWRklNWTlVWWRWZ2RZblJyX1k2dzFicmI1Z24zcElfSVNfd3A4a1U0emZSeGdtSWxuMGRxeHFYN1ZjUGItdVA4LS1OUTFXSWx6eDNzUWh3UzR3UTYyZDU4anZQUjNa?oc=5\" target=\"_blank\" rel=\"nofollow noopener\">Curro V\u00e1zquez, la resurrecci\u00f3n del maestro del toreo, \u00abun modelo, un arquetipo\u00bb<\/a>&nbsp;&nbsp;Levante-EMV<\/li>\n<li><a href=\"https:\/\/news.google.com\/rss\/articles\/CBMipAFBVV95cUxOMjg0aVM2OHR4NG1SbFpfbWJ3TjJkR2dvcG95MkRpWHFHRFp2enprUlFZUDBBLXRRVTl5MzhGU0hELWdMVTdkZjVfbHZrVlRSWG5VN2ozcUpGcU5PZkM4OGRNNkFXMWw1THBvcTFTeTFHLWcyQ3RRNWthRHU3enR0MnhwNWE4akhUZkFmOVlYT1RaZ1VGaXVjQzJuSFNBenR6SFdoedIBqgFBVV95cUxNNEFWeW9UelJiZVBLVGYwbXZZZUYzc203RUQzcVdSakpPTUZ2eldnN2xSR3djMVhHeFNna1F0Y1d1M2hvRWZnSFdIRnR4OEpxci1Kd1NKbnRXWWROalVBSFZ1Z1BwbWwwYy1oVF9xVE14QnBuRmpuU2xlNXR2U0pUbW9Jdm9pNGFHWG04amRpd2FRUHhyY2NDQUlNV1VtRG0tV2xVLXBIbXoxUQ?oc=5\" target=\"_blank\" rel=\"nofollow noopener\">\u00bfY si fuera posible volver a ver torear a Curro V\u00e1zquez?<\/a>&nbsp;&nbsp;El Confidencial<\/li>\n<li><a href=\"https:\/\/news.google.com\/rss\/articles\/CBMivgFBVV95cUxOSnFuYjRFSFJCTVdxOWF1T2lCNjYwV2w1RnQ0dl9fS1JHR3NNdVlOWDRwV1h4bjVwLVRYczhZQ3dmZlRpNVVLcUd6amhiajY3SVQ5Y0l5R3Z0dVFub21rVFZ1S2JPeFgySk1ONjVCMEJIb3A4b2RDQnJNS3ZvTUZDdWlwMnF1RXVOM3pCbEZvTk5XelMxa0hGeHpWSEJxMEVHc0dFd0tORWItQXE2MjFmdHlyUDlBaWZIVVAwN0tn0gHSAUFVX3lxTE54Yl9NUXV3U1JaaHpmb0ZiRDktSDEzWVcyNmJRMkZtcHF5NVA2bm5TbXpWc191a3o4T0dIUnRFdjRsVV9VejIxLUluSHJ5Q0lWcUY5UnlKYXkyYW8tQ2JFOUxDbE9VWlluM2dnNXJnaVBJWVAxS3FIbnAxV0I4bVFpUzJ1ZWY1ZzB5d2Vqc0ZkQWZhc2JNQ3hJWXlJUUZ2QVdOcTJLQVpwQjVnSkZuRzhVSkM0NkV1dE5aYnh6LWhTQlZOcHQyRzhoWTY5OVUtLWlKdw?oc=5\" target=\"_blank\" rel=\"nofollow noopener\">Ma\u00f1ana apote\u00f3sica: Curro V\u00e1zquez pone Madrid bocabajo a sus 74 a\u00f1os y Rinc\u00f3n lo borda<\/a>&nbsp;&nbsp;La Raz\u00f3n<\/li>\n<li><a href=\"https:\/\/news.google.com\/rss\/articles\/CBMilwFBVV95cUxPS1VjSTJRRXR2WmpWR2VER3otX3h0S2JNQ0Q3RDFIbll0M2d1SWlvd2VsVXJhWHJ4YkppNno3U0V5ZEdnMkFiZVhHMW1GRDJ0OWNrbExnTVR4UlFqamNJZ1RyUkFiRk1xRnVmZ3dranFzOVpBWGpMd0NHSUNiWjBYazZtSjNsVm5uOS1pRTBNeENsV1ZZb05B?oc=5\" target=\"_blank\" rel=\"nofollow noopener\">Curro V\u00e1zquez y una faena digna de escuelas (V\u00eddeo)<\/a>&nbsp;&nbsp;mundotoro.com<\/li>\n<\/ol>\n","protected":false},"excerpt":{"rendered":"Chenel, Curro y Tano&nbsp;&nbsp;El Mundo Curro V\u00e1zquez, la resurrecci\u00f3n del maestro del toreo, \u00abun modelo, un arquetipo\u00bb&nbsp;&nbsp;Levante-EMV \u00bfY&hellip;\n","protected":false},"author":2,"featured_media":172676,"comment_status":"","ping_status":"","sticky":false,"template":"","format":"standard","meta":{"footnotes":""},"categories":[91],"tags":[146,147,25,24,205,23],"class_list":{"0":"post-172675","1":"post","2":"type-post","3":"status-publish","4":"format-standard","5":"has-post-thumbnail","7":"category-entretenimiento","8":"tag-entertainment","9":"tag-entretenimiento","10":"tag-es","11":"tag-espana","12":"tag-madrid","13":"tag-spain"},"share_on_mastodon":{"url":"","error":""},"_links":{"self":[{"href":"https:\/\/www.europesays.com\/es\/wp-json\/wp\/v2\/posts\/172675","targetHints":{"allow":["GET"]}}],"collection":[{"href":"https:\/\/www.europesays.com\/es\/wp-json\/wp\/v2\/posts"}],"about":[{"href":"https:\/\/www.europesays.com\/es\/wp-json\/wp\/v2\/types\/post"}],"author":[{"embeddable":true,"href":"https:\/\/www.europesays.com\/es\/wp-json\/wp\/v2\/users\/2"}],"replies":[{"embeddable":true,"href":"https:\/\/www.europesays.com\/es\/wp-json\/wp\/v2\/comments?post=172675"}],"version-history":[{"count":0,"href":"https:\/\/www.europesays.com\/es\/wp-json\/wp\/v2\/posts\/172675\/revisions"}],"wp:featuredmedia":[{"embeddable":true,"href":"https:\/\/www.europesays.com\/es\/wp-json\/wp\/v2\/media\/172676"}],"wp:attachment":[{"href":"https:\/\/www.europesays.com\/es\/wp-json\/wp\/v2\/media?parent=172675"}],"wp:term":[{"taxonomy":"category","embeddable":true,"href":"https:\/\/www.europesays.com\/es\/wp-json\/wp\/v2\/categories?post=172675"},{"taxonomy":"post_tag","embeddable":true,"href":"https:\/\/www.europesays.com\/es\/wp-json\/wp\/v2\/tags?post=172675"}],"curies":[{"name":"wp","href":"https:\/\/api.w.org\/{rel}","templated":true}]}}