{"id":172681,"date":"2025-10-12T22:18:08","date_gmt":"2025-10-12T22:18:08","guid":{"rendered":"https:\/\/www.europesays.com\/es\/172681\/"},"modified":"2025-10-12T22:18:08","modified_gmt":"2025-10-12T22:18:08","slug":"lecornu-forma-un-gobierno-de-perfil-tecnico-para-intentar-salir-de-la-crisis-en-francia-internacional","status":"publish","type":"post","link":"https:\/\/www.europesays.com\/es\/172681\/","title":{"rendered":"Lecornu forma un Gobierno de perfil t\u00e9cnico para intentar salir de la crisis en Francia | Internacional"},"content":{"rendered":"<p class=\"\"><a href=\"https:\/\/google.com\/search?q=emmanuel+macron+el+pais&amp;oq=emman&amp;gs_lcrp=EgZjaHJvbWUqBggAEEUYOzIGCAAQRRg7MgcIARAuGIAEMgcIAhAuGIAEMgYIAxBFGDkyBwgEEC4YgAQyBggFEEUYPDIGCAYQRRg8MgYIBxBFGDzSAQc4NzhqMGo0qAIAsAIB&amp;sourceid=chrome&amp;ie=UTF-8\" target=\"_self\" rel=\"nofollow noopener\" title=\"https:\/\/google.com\/search?q=emmanuel+macron+el+pais&amp;oq=emman&amp;gs_lcrp=EgZjaHJvbWUqBggAEEUYOzIGCAAQRRg7MgcIARAuGIAEMgcIAhAuGIAEMgYIAxBFGDkyBwgEEC4YgAQyBggFEEUYPDIGCAYQRRg8MgYIBxBFGDzSAQc4NzhqMGo0qAIAsAIB&amp;sourceid=chrome&amp;ie=UTF-8\">El presidente de Francia, Emmanuel Macron<\/a>, y el primer ministro, S\u00e9bastien Lecornu, se han reunido de urgencia este domingo por la tarde en el Palacio del El\u00edseo para nombrar un nuevo Gobierno. Es el cuarto en poco m\u00e1s de un a\u00f1o, desde que el presidente disolvi\u00f3 la Asamblea. El anterior dur\u00f3 836 minutos. En parte por eso, el nuevo Ejecutivo incluye ahora a un numeroso grupo de representantes de la sociedad civil y altos funcionarios que aportan el aire tecn\u00f3crata que busca Lecornu para sacar adelante un Presupuesto y afrontar el tramo final de la legislatura. No son perfiles pol\u00e9micos, hay caras nuevas y j\u00f3venes y, a priori, invitan a un cierto optimismo por parte del El\u00edseo.<\/p>\n<p class=\"\">La situaci\u00f3n es cr\u00edtica. Francia necesita unas nuevas cuentas p\u00fablicas y una estabilidad que tranquilice a los mercados y a los aliados internacionales. Macron asegur\u00f3 que dar\u00eda carta blanca a Lecornu en su segundo intento por formar Gobierno. Pod\u00eda elegir lo que quisiera. Y el nuevo primer ministro, h\u00e1bil negociador, quer\u00eda alejarse del espectro de los partidos. Tambi\u00e9n, sobre todo, evitar incluir a potenciales candidatos a las elecciones presidenciales de 2027, como Bruno Retailleau (Los Republicanos, derecha). Para el primer ministro, esas ambiciones personales han sido uno de los motivos que ha hecho descarrilar los anteriores gabinetes.<\/p>\n<p class=\"\">Lecornu no quiere ahora estridencias ni disonancias. Se acabaron las luchas internas, las campa\u00f1as personales, deslizan desde el El\u00edseo. El nuevo jefe del Ejecutivo, o m\u00e1s bien su reedici\u00f3n, ha pedido a sus ministros sobriedad, nada de pompa ni prensa o invitados externos en los traspasos de poderes. Perfil bajo, silencio y trabajo.<\/p>\n<p class=\"\">La lista est\u00e1 compuesta por un gran n\u00famero de enarcas (funcionarios salidos de la Escuela Nacional de Administraci\u00f3n, ENA) expertos en sus \u00e1reas, como Monique Barbut, directora general de WWF y ex enviada especial para el Medio Ambiente del El\u00edseo. Ser\u00e1 la nueva ministra de Transici\u00f3n Ecol\u00f3gica. El perfil del t\u00e9cnico tambi\u00e9n lo encarna perfectamente Jean-Pi\u00e8rre Farandou, hasta ahora director general de SNCF, la compa\u00f1\u00eda p\u00fablica ferroviaria.<\/p>\n<p class=\"\">Laurent N\u00fa\u00f1ez, prefecto de Par\u00eds, ser\u00e1 ministro del Interior tras una carrera de alto funcionario ligada siempre a temas de seguridad, polic\u00eda, lucha antiterrorista y coordinaci\u00f3n del Estado. Y t\u00e9cnico es, tambi\u00e9n, \u00c9douard Geffray, alto funcionario especializado en asuntos educativos, regulaci\u00f3n jur\u00eddica y derechos inform\u00e1ticos. Ser\u00e1 el nuevo ministro de Educaci\u00f3n.<\/p>\n<p class=\"\">Hay, no obstante, algunas concesiones a los partidos. La ministra saliente de Trabajo, Catherine Vautrin, de Los Republicanos, estar\u00e1 al frente de las Fuerzas Armadas. Tambi\u00e9n, quiz\u00e1 de forma menos entendible, sobresale la continuidad G\u00e9rald Darmanin como ministro de Justicia. Un perfil salido del macronismo, sin que hoy se sepa ya exactamente qu\u00e9 significa eso, y, \u00e9l s\u00ed, con ambiciones pol\u00edticas mayores (las presidenciales de 2027). Darmanin, sin embargo, asegur\u00f3 en un comunicado que renunciar\u00eda a posicionamientos partidistas. <\/p>\n<p class=\"\">Repite tambi\u00e9n Jean-No\u00ebl Barrot, en Exteriores. En un momento altamente inflamable internacionalmente, la cartera exig\u00eda conocimiento y continuidad. Y, sobre todo, repite Roland Lescure (Renaissance) al frente del complicado Ministerio de Econom\u00eda, que deber\u00e1 apuntalar el presupuesto. <\/p>\n<p class=\"\">Vincent Jeanbrun, de Los Republicanos, pero adscrito al grupo LIOT, se encargar\u00e1 del ministerio de Ciudad y Vivienda. Una concesi\u00f3n a este apartado de la Asamblea Nacional que le permite ampliar la base de apoyos. LIOT es un grupo parlamentario en la Asamblea Nacional francesa cuyo nombre completo es Libert\u00e9s, Ind\u00e9pendants, Outre-mer et Territoires y que defiende los intereses de dichos territorios. Precisamente, al frente del ministerio de Ultramar, Lecornu nombrar\u00e1 a Na\u00efma Moutchou, joven abogada procedente del macronismo.<\/p>\n<p class=\"\">El primer ministro ha logrado tambi\u00e9n sortear el veto de Los Republicanos a que sus miembros entrasen en el Ejecutivo. O m\u00e1s bien, no ha querido escucharlo. Y el nombramiento de dos de sus figuras relevantes ha generado otra fractura en el partido de la derecha gaullista.<\/p>\n<p class=\"\">Al conocerse la lista, LR anunci\u00f3 la expulsi\u00f3n de los ministros de la formaci\u00f3n que se han incorporado o que contin\u00faan en el Gobierno: la ministra de Agricultura, Annie Genevard, que mantiene su cargo, y el diputado y exalcalde de L\u2019Ha\u00ff-les-Roses (Val-de-Marne), Vincent Jeanbrun, peder\u00e1n su militancia.<\/p>\n<p class=\"\">Lecornu dimiti\u00f3 hace poco m\u00e1s de una semana tras nombrar a los ministros de su Ejecutivo. La secuencia fue parecida a la de esta noche. Entonces, sin embargo, dicha configuraci\u00f3n levant\u00f3 ampollas entre los partidos del llamado bloque com\u00fan. Especialmente en Los Republicanos, que preside el muy conservador Bruno Retailleau. Una tensi\u00f3n que desemboc\u00f3 en la salida \u2015despu\u00e9s se supo que temporal\u2015 de Lecornu. Cabe preguntarse ahora si las diferencias son tan grandes como para pensar que, esta vez, ser\u00e1 capaz de sacar adelante su proyecto de Gobierno.<\/p>\n<p class=\"\">El nombramiento del Ejecutivo, que casi nadie esperaba para la noche del domingo, se ha acelerado en las \u00faltimas horas por el viaje de Macron a Sharm el Sheij (Egipto) para apoyar la firma del acuerdo de alto en fuego en Gaza, que imped\u00eda al presidente de la Rep\u00fablica estar presente en lunes en Francia, algo necesario para que se puedan designar los ministros.<\/p>\n<p class=\"\">La ausencia del presidente imped\u00eda que hubiera un Gabinete el martes (antes debe celebrarse un Consejo de Ministros), cuando Lecornu debe realizar su discurso de pol\u00edtica general y est\u00e1 previsto que se presenten los presupuestos en la Asamblea Nacional. Esa ser\u00e1 la primera prueba de fuego de la era Lecornu bis.<\/p>\n<p class=\"\">El Ejecutivo, sin embargo, no cuenta con socialistas. Olivier Faure, l\u00edder del PS, advirti\u00f3 pocas horas antes que su partido no formar\u00eda parte del Ejecutivo. Asegur\u00f3, adem\u00e1s, que no hay ning\u00fan pacto de no censura, pero que si el Gobierno de Lecornu suspende la muy pol\u00e9mica reforma de las pensiones \u2015que eleva sustancialmente la edad de jubilaci\u00f3n\u2015 y no aplica el art\u00edculo 49.3 de la Constituci\u00f3n que permite aprobar por decreto sus proyectos, no ver\u00eda motivo para tumbarlo.<\/p>\n<p class=\"\">La idea de un Lecornu bis hab\u00eda sido rechazada por los partidos. Incluso por la propia formaci\u00f3n del presidente, que se manifest\u00f3 en contra por la ma\u00f1ana. \u00bfPor qu\u00e9 acept\u00f3 su dimisi\u00f3n el lunes si iba a volver a designarlo el viernes?, se preguntaban. Se consideraba, adem\u00e1s, una provocaci\u00f3n, un s\u00edntoma de la alergia del jefe del Estado a ceder poder.<\/p>\n<p class=\"\">El anterior Ejecutivo de Lecornu fue el m\u00e1s breve de la historia de la V Rep\u00fablica. Pero Macron ignor\u00f3 todas las advertencias y decidi\u00f3 seguir con la primera idea que tuvo. El primer ministro es un estrecho colaborador del jefe del Estado y su nombramiento fue visto tambi\u00e9n como una manera de conservar el control del Ejecutivo. El relato construido desde el El\u00edseo, sin embargo, es que el jefe del Ejecutivo ha cortado el cord\u00f3n umbilical y vuela solo. No est\u00e1 claro. Esta, en cualquier caso, podr\u00eda ser la \u00faltima oportunidad para ambos.<\/p>\n","protected":false},"excerpt":{"rendered":"El presidente de Francia, Emmanuel Macron, y el primer ministro, S\u00e9bastien Lecornu, se han reunido de urgencia este&hellip;\n","protected":false},"author":2,"featured_media":172682,"comment_status":"","ping_status":"","sticky":false,"template":"","format":"standard","meta":{"footnotes":""},"categories":[42],"tags":[17,18,730,13,14,317,11,61,62,63,64,19,20,9,10,15,16,952,40457,12,21,22,65,66,67],"class_list":{"0":"post-172681","1":"post","2":"type-post","3":"status-publish","4":"format-standard","5":"has-post-thumbnail","7":"category-internacional","8":"tag-breaking-news","9":"tag-breakingnews","10":"tag-emmanuel-macron","11":"tag-featured-news","12":"tag-featurednews","13":"tag-francia","14":"tag-headlines","15":"tag-internacional","16":"tag-international","17":"tag-international-news","18":"tag-internationalnews","19":"tag-latest-news","20":"tag-latestnews","21":"tag-news","22":"tag-noticias","23":"tag-noticias-destacadas","24":"tag-noticiasdestacadas","25":"tag-politica","26":"tag-sebastien-lecornu","27":"tag-titulares","28":"tag-ultimas-noticias","29":"tag-ultimasnoticias","30":"tag-world","31":"tag-world-news","32":"tag-worldnews"},"share_on_mastodon":{"url":"","error":""},"_links":{"self":[{"href":"https:\/\/www.europesays.com\/es\/wp-json\/wp\/v2\/posts\/172681","targetHints":{"allow":["GET"]}}],"collection":[{"href":"https:\/\/www.europesays.com\/es\/wp-json\/wp\/v2\/posts"}],"about":[{"href":"https:\/\/www.europesays.com\/es\/wp-json\/wp\/v2\/types\/post"}],"author":[{"embeddable":true,"href":"https:\/\/www.europesays.com\/es\/wp-json\/wp\/v2\/users\/2"}],"replies":[{"embeddable":true,"href":"https:\/\/www.europesays.com\/es\/wp-json\/wp\/v2\/comments?post=172681"}],"version-history":[{"count":0,"href":"https:\/\/www.europesays.com\/es\/wp-json\/wp\/v2\/posts\/172681\/revisions"}],"wp:featuredmedia":[{"embeddable":true,"href":"https:\/\/www.europesays.com\/es\/wp-json\/wp\/v2\/media\/172682"}],"wp:attachment":[{"href":"https:\/\/www.europesays.com\/es\/wp-json\/wp\/v2\/media?parent=172681"}],"wp:term":[{"taxonomy":"category","embeddable":true,"href":"https:\/\/www.europesays.com\/es\/wp-json\/wp\/v2\/categories?post=172681"},{"taxonomy":"post_tag","embeddable":true,"href":"https:\/\/www.europesays.com\/es\/wp-json\/wp\/v2\/tags?post=172681"}],"curies":[{"name":"wp","href":"https:\/\/api.w.org\/{rel}","templated":true}]}}