{"id":172683,"date":"2025-10-12T22:19:07","date_gmt":"2025-10-12T22:19:07","guid":{"rendered":"https:\/\/www.europesays.com\/es\/172683\/"},"modified":"2025-10-12T22:19:07","modified_gmt":"2025-10-12T22:19:07","slug":"cortada-la-ap7-el-servicio-de-euromed-y-unas-1-000-personas-durmiendo-en-polideportivos","status":"publish","type":"post","link":"https:\/\/www.europesays.com\/es\/172683\/","title":{"rendered":"cortada la AP7, el servicio de Euromed y unas 1.000 personas durmiendo en polideportivos"},"content":{"rendered":"<p style=\"\">La dana Alice, que el s\u00e1bado sacudi\u00f3 con fuerza las comunidades de Valencia y las Islas Baleares, ha impactado sobre el sur de Tarragona con gran violencia, si bien al cierre de esta edici\u00f3n, y pese a la imagen de calles convertidas en r\u00edos y  &#8230; coches arrastrados, a Protecci\u00f3n Civil no le constaba ning\u00fan desaparecido. Los <strong>Bomberos<\/strong> han tenido que rescatar a 38 personas de veh\u00edculos y bajos. La afectaci\u00f3n fue generalizada, y las lluvias torrenciales obligaron a cortar la autopista AP-7 entre Ulldecona y Freginals (Montsi\u00e0), la N-340 as\u00ed como hasta siete carreteras locales de la zona, mientras que la l\u00ednea de Cercan\u00edas R16 se vio interrumpida. <\/p>\n<p class=\"voc-p\" style=\"\">Del mismo modo, la conexi\u00f3n ferroviaria entre Barcelona y Valencia tambi\u00e9n qued\u00f3 cortada y el servicio de trenes Euromed fue suspendido, afectando a 17 circulaciones con unos <strong>3.000 pasajeros<\/strong> sin poder viajar. La Generalilitat subi\u00f3 el nivel de alerta y decret\u00f3 el nivel de Emergencia para el plan Inuncat.<\/p>\n<p class=\"voc-p\" style=\"\">Prueba de la magnitud del temporada lo da el n\u00famero de llamadas al tel\u00e9fono de emergencias 112, que recibi\u00f3 <strong>m\u00e1s de 1.500 avisos<\/strong>, generando unas 1.000 intervenciones, la mayor\u00eda por inundaciones de bajos, concentrados en buena parte en la comarca del Montsi\u00e0, la m\u00e1s afectada. El Gobierno ofreci\u00f3 medios, incluida la Unidad Militar de Emergencias (UME), algo que anoche no se hab\u00eda considerado necesario. \u00abLos tendremos en cuenta por si fuera necesario as\u00ed hacerlo\u00bb, explic\u00f3 la consejera de Interior, N\u00faria Parlon, en declaraciones a TV3. <\/p>\n<p class=\"voc-p\" style=\"\">De igual forma, la consejera Parlon explic\u00f3 que en distintos municipios, por ejemplo Amposta, \u00abtenemos personas que se est\u00e1n atendiendo por parte del Ayuntamiento y tambi\u00e9n de los servicios de Cruz Roja que hemos activado\u00bb. En este municipio, capital del Montsi\u00e0, se estima que entre 300 y 400 personas iban a pasar la noche en el <strong>polideportivo municipal<\/strong>, buen n\u00famero de ellos viajeros que hab\u00edan quedado atrapados en los cortes tanto de la autopista como de las carreteras afectadas. Sin posibilidad de pernoctar en otro lugar, las autoridades habilitaron polideportivos a modo de refugio. Fue el caso de Freginals, donde unas 200 personas recibieron la misma atenci\u00f3n anoche, al igual que sucedi\u00f3 en Ulldecona o Alcanar. Otro tanto ocurri\u00f3 en Santa B\u00e1rbara. Los alcaldes de la zona relataban una tormenta de una intensidad inusual, si bien valoraron que ni el suministro el\u00e9ctrico ni la se\u00f1al de m\u00f3vil se vieron afectadas, lo que facilit\u00f3 las labores de coordinaci\u00f3n.<\/p>\n<p class=\"voc-p\" style=\"\">Las im\u00e1genes del violento temporal fueron impactantes. En la peque\u00f1a localidad de Godall (Montsi\u00e0), de solo 600 habitantes, por ejemplo, la fuerte tromba de agua convirti\u00f3 las calles del centro de la poblaci\u00f3n en aut\u00e9nticos r\u00edos desbordados sin cauce sembrando la alarma entre los vecinos. Varios coches fueron arrastrados. La alerta por fuertes lluvias en la zona se activ\u00f3 por la tarde cuando <strong>Protecci\u00f3n Civil de la Generalitat<\/strong> envi\u00f3 una alerta a los tel\u00e9fonos m\u00f3viles del Montsi\u00e0 ante la previsi\u00f3n de lluvias torrenciales. Horas m\u00e1s tarde, la alerta se hab\u00eda extendido a los m\u00f3viles de las comarcas del Baix Ebre, Baix Camp, Ribera d\u2019Ebre, Tarragon\u00e9s y Terra Alta, comarcas en las que para hoy se han suspendido las clases en la ense\u00f1anza obligatoria y en las universidades. Tambi\u00e9n ha quedado suspendida la actividad sanitaria no urgente en las comarcas citadas. <\/p>\n<p class=\"voc-p\" style=\"\">Fuentes de la Consejer\u00eda de Salud precisaron a ABC que se mantendr\u00e1 en centro de salud y hospitales la atenci\u00f3n urgente as\u00ed como quimio y radio terapia y di\u00e1lisis. \u00abHay que <strong>minimizar riesgos<\/strong> y minimizar tambi\u00e9n los desplazamientos\u00bb, a\u00f1adi\u00f3 la consejera. El presidente Salvador Illamodific\u00f3 su agenda y est\u00e1 previsto que hoy presida a las ocho de la ma\u00f1ana la reuni\u00f3n del consejo asesor del plan Inuncat.<\/p>\n<blockquote class=\"twitter-tweet\">\n<p lang=\"ca\" dir=\"ltr\">La precipitaci\u00f3 intensa que es mant\u00e9 sobre el Montsi\u00e0 ha provocat inundacions a diversos punts. Des de Godall en Joan Fernandez ens envia aquests v\u00eddeos. <a href=\"https:\/\/t.co\/PqcSiRjcLY\" rel=\"nofollow\">pic.twitter.com\/PqcSiRjcLY<\/a><\/p>\n<p>\u2014 Meteocat (@meteocat) <a href=\"https:\/\/twitter.com\/meteocat\/status\/1977431346743063033?ref_src=twsrc%5Etfw\" rel=\"nofollow noopener\" target=\"_blank\">October 12, 2025<\/a><\/p><\/blockquote>\n<p class=\"voc-p\" style=\"\">En la alarma enviada a los m\u00f3viles, se ped\u00eda a la ciudadan\u00eda limitar la movilidad y no acercarse a r\u00edos, rieras y barrancos y seguir las indicaciones de las autoridades ante el riesgo de inundaciones. La Aemet, por su parte, ha emitido un aviso rojo en la zona \u2013hasta las 24.00 horas\u2013, ante la posibilidad de registros de 90 litros por metro cuadrado, y de hasta 180 en doce horas. El <strong>grado de peligro es de seis sobre seis<\/strong>. El presidente de la Generalitat ha pedido a los ciudadanos \u00abm\u00e1xima precauci\u00f3n\u00bb, evitar desplazamientos innecesarios y seguir las indicaciones por la previsi\u00f3n de estas lluvias, en un mensaje de X.<\/p>\n<blockquote class=\"twitter-tweet\">\n<p lang=\"ca\" dir=\"ltr\">Reuni\u00f3 amb el CECAT per abordar la complicada situaci\u00f3 a diverses zones de Catalunya, especialment al Montsi\u00e0, i els efectes de les pluges torrencials. <\/p>\n<p>Des del Govern us continuem demanant m\u00e0xima precauci\u00f3 i seguir les indicacions d\u2019<a href=\"https:\/\/twitter.com\/emergenciescat?ref_src=twsrc%5Etfw\" rel=\"nofollow noopener\" target=\"_blank\">@emergenciescat<\/a>.<\/p>\n<p>Moltes gr\u00e0cies als\u2026 <a href=\"https:\/\/t.co\/bOTh8XprTC\" rel=\"nofollow\">pic.twitter.com\/bOTh8XprTC<\/a><\/p>\n<p>\u2014 Salvador Illa Roca (@salvadorilla) <a href=\"https:\/\/twitter.com\/salvadorilla\/status\/1977440588497661972?ref_src=twsrc%5Etfw\" rel=\"nofollow noopener\" target=\"_blank\">October 12, 2025<\/a><\/p><\/blockquote>\n<p class=\"voc-p\" style=\"\">Las primeras descargas virulentas de precipitaciones obligaron a cortar sobre las 18.20 horas la autopista AP-7 entre Freginals y Ulldecona en ambos sentidos de la marcha por inundaciones en la calzada. Por este corte, en la Aldea se hicieron <strong>desv\u00edos obligatorios<\/strong> en sentido sur y en Ulldecona en sentido norte, seg\u00fan informaron fuentes del Servicio Catal\u00e1n de Tr\u00e1fico (SCT). Las personas que hab\u00edan quedado atrapadas en sus veh\u00edculos \u00abhan quedado liberadas\u00bb, explic\u00f3 la Generalitat. Fueron decenas las personas que en direcci\u00f3n sur o tratando de llegar hacia Barcelona se vieron atrapadas, las misma personas que fueron conducidas a los distintos polideportivos.<\/p>\n<p class=\"voc-p\" style=\"\">La influencia de la masa fr\u00eda en altura sobre Espa\u00f1a provocar\u00e1 hoy la inestabilidad en zonas del interior y \u00e1rea mediterr\u00e1nea oriental, que se ver\u00e1n afectadas por fuertes lluvias en el caso de Arag\u00f3n, Baleares, Castilla-La Mancha, <strong>Catalu\u00f1a<\/strong>, Navarra y Comunidad Valenciana, seg\u00fan la predicci\u00f3n de la Aemet.<\/p>\n<p><script async src=\"https:\/\/platform.twitter.com\/widgets.js\" charset=\"utf-8\"><\/script><\/p>\n","protected":false},"excerpt":{"rendered":"La dana Alice, que el s\u00e1bado sacudi\u00f3 con fuerza las comunidades de Valencia y las Islas Baleares, ha&hellip;\n","protected":false},"author":2,"featured_media":172684,"comment_status":"","ping_status":"","sticky":false,"template":"","format":"standard","meta":{"footnotes":""},"categories":[8],"tags":[3196,17,18,25,24,13,14,11,35645,19,20,6194,8079,13368,9,10,15,16,2602,23,14132,1665,12,21,22],"class_list":{"0":"post-172683","1":"post","2":"type-post","3":"status-publish","4":"format-standard","5":"has-post-thumbnail","7":"category-espana","8":"tag-alto","9":"tag-breaking-news","10":"tag-breakingnews","11":"tag-es","12":"tag-espana","13":"tag-featured-news","14":"tag-featurednews","15":"tag-headlines","16":"tag-intensas","17":"tag-latest-news","18":"tag-latestnews","19":"tag-lluvias","20":"tag-mensaje","21":"tag-moviles","22":"tag-news","23":"tag-noticias","24":"tag-noticias-destacadas","25":"tag-noticiasdestacadas","26":"tag-peligro","27":"tag-spain","28":"tag-sur","29":"tag-tarragona","30":"tag-titulares","31":"tag-ultimas-noticias","32":"tag-ultimasnoticias"},"share_on_mastodon":{"url":"","error":""},"_links":{"self":[{"href":"https:\/\/www.europesays.com\/es\/wp-json\/wp\/v2\/posts\/172683","targetHints":{"allow":["GET"]}}],"collection":[{"href":"https:\/\/www.europesays.com\/es\/wp-json\/wp\/v2\/posts"}],"about":[{"href":"https:\/\/www.europesays.com\/es\/wp-json\/wp\/v2\/types\/post"}],"author":[{"embeddable":true,"href":"https:\/\/www.europesays.com\/es\/wp-json\/wp\/v2\/users\/2"}],"replies":[{"embeddable":true,"href":"https:\/\/www.europesays.com\/es\/wp-json\/wp\/v2\/comments?post=172683"}],"version-history":[{"count":0,"href":"https:\/\/www.europesays.com\/es\/wp-json\/wp\/v2\/posts\/172683\/revisions"}],"wp:featuredmedia":[{"embeddable":true,"href":"https:\/\/www.europesays.com\/es\/wp-json\/wp\/v2\/media\/172684"}],"wp:attachment":[{"href":"https:\/\/www.europesays.com\/es\/wp-json\/wp\/v2\/media?parent=172683"}],"wp:term":[{"taxonomy":"category","embeddable":true,"href":"https:\/\/www.europesays.com\/es\/wp-json\/wp\/v2\/categories?post=172683"},{"taxonomy":"post_tag","embeddable":true,"href":"https:\/\/www.europesays.com\/es\/wp-json\/wp\/v2\/tags?post=172683"}],"curies":[{"name":"wp","href":"https:\/\/api.w.org\/{rel}","templated":true}]}}