{"id":172705,"date":"2025-10-12T22:32:15","date_gmt":"2025-10-12T22:32:15","guid":{"rendered":"https:\/\/www.europesays.com\/es\/172705\/"},"modified":"2025-10-12T22:32:15","modified_gmt":"2025-10-12T22:32:15","slug":"un-pentagrama-versado-en-las-capitales-del-mundo-en-sus-ciudades-en-venta","status":"publish","type":"post","link":"https:\/\/www.europesays.com\/es\/172705\/","title":{"rendered":"un pentagrama versado en las capitales del mundo en sus &#8216;Ciudades en venta&#8217;"},"content":{"rendered":"<p>            Manuel Vilas: un pentagrama versado en las capitales del mundo en sus &#8216;Ciudades en venta&#8217;                <\/p>\n<p>Manuel Vilas: un pentagrama versado en las capitales del mundo en sus &#8216;Ciudades en venta&#8217;<\/p>\n<p class=\"epigraph\">El escritor de Barbastro publica en Visor otro poemario donde resume, con su personal mirada l\u00edrica y salm\u00f3dica, la experiencia del poeta viajero<\/p>\n<p class=\"paragraph\">Hay que empezar ci\u00f1endo. Es este un libro de poes\u00eda. Y no ser\u00eda lo l\u00facido decir que lo mejor de este libro son las tres p\u00e1ginas iniciales de prosa. Que se puede pensar, no porque los poemas carezcan de. Sino porque la fuerza inicial de la prosa, recalca con di\u00e1fana claridad que estamos ante un escritor que no necesita m\u00e1s que una cosa para que se le aprecie. Leerlo.<\/p>\n<p>            Conforme a los criterios de<br \/>\n            <a class=\"trustproject_img\" id=\"trustproject_img\" href=\"https:\/\/thetrustproject.org\/\" target=\"_blank\" rel=\"nofollow noopener\" aria-label=\"Trust Project\"><img decoding=\"async\" loading=\"lazy\" src=\"https:\/\/www.heraldo.es\/images\/Trust-Logo-Horizontal.svg\" alt=\"Logo Trust Project\" width=\"200\" height=\"34\"\/><\/a><\/p>\n<p>        <a href=\"https:\/\/www.henneo.com\/\" title=\"Grupo Henneo\" class=\"logo\" rel=\"nofollow noopener\" target=\"_blank\"><br \/>\n            <img decoding=\"async\" src=\"https:\/\/www.heraldo.es\/images\/logo_henneo_gris.svg\" alt=\"Logo Henneo\" width=\"559\" height=\"389\" loading=\"lazy\"\/><br \/>\n        <\/a><\/p>\n<p>\u00a9 HERALDO DE ARAGON EDITORA, S.L.U.<br \/>Tel\u00e9fono 976 765 000 \/ &#8211; P\u00ba. Independencia, 29, 50001 Zaragoza &#8211; CIF: B99288763 &#8211; Inscrita en el Registro Mercantil de Zaragoza al Tomo 3796, Libro 0, Folio 177, Secci\u00f3n 8, Hoja Z-50564<br \/>Queda prohibida toda reproducci\u00f3n sin permiso escrito de la empresa a los efectos del art\u00edculo 32.1, p\u00e1rrafo segundo, de la Ley de Propiedad Intelectual<\/p>\n<p>\n                P\u00ba Independencia, 29, 50001 Zaragoza<br \/> Tel\u00e9fono 976 765 000\n            <\/p>\n<p>                    Actualmente tu navegador no permite ejecutar JavaScript. Para poder disfrutar de nuestro contenido es necesario que lo permita.<br \/>\n                                        <img decoding=\"async\" loading=\"lazy\" alt=\"Heraldo logo\" src=\"https:\/\/dkumiip2e9ary.cloudfront.net\/xalok\/heraldo\/especiales\/hola-de-nuevo\/logo-heraldo.svg\" width=\"215\" height=\"43\"\/><\/p>\n","protected":false},"excerpt":{"rendered":"Manuel Vilas: un pentagrama versado en las capitales del mundo en sus &#8216;Ciudades en venta&#8217; Manuel Vilas: un&hellip;\n","protected":false},"author":2,"featured_media":172706,"comment_status":"","ping_status":"","sticky":false,"template":"","format":"standard","meta":{"footnotes":""},"categories":[172],"tags":[224,49895,1477,146,147,25,24,225,841,49894,23,49896],"class_list":{"0":"post-172705","1":"post","2":"type-post","3":"status-publish","4":"format-standard","5":"has-post-thumbnail","7":"category-libros","8":"tag-books","9":"tag-capitales","10":"tag-ciudades","11":"tag-entertainment","12":"tag-entretenimiento","13":"tag-es","14":"tag-espana","15":"tag-libros","16":"tag-manuel","17":"tag-pentagrama","18":"tag-spain","19":"tag-versado"},"share_on_mastodon":{"url":"","error":""},"_links":{"self":[{"href":"https:\/\/www.europesays.com\/es\/wp-json\/wp\/v2\/posts\/172705","targetHints":{"allow":["GET"]}}],"collection":[{"href":"https:\/\/www.europesays.com\/es\/wp-json\/wp\/v2\/posts"}],"about":[{"href":"https:\/\/www.europesays.com\/es\/wp-json\/wp\/v2\/types\/post"}],"author":[{"embeddable":true,"href":"https:\/\/www.europesays.com\/es\/wp-json\/wp\/v2\/users\/2"}],"replies":[{"embeddable":true,"href":"https:\/\/www.europesays.com\/es\/wp-json\/wp\/v2\/comments?post=172705"}],"version-history":[{"count":0,"href":"https:\/\/www.europesays.com\/es\/wp-json\/wp\/v2\/posts\/172705\/revisions"}],"wp:featuredmedia":[{"embeddable":true,"href":"https:\/\/www.europesays.com\/es\/wp-json\/wp\/v2\/media\/172706"}],"wp:attachment":[{"href":"https:\/\/www.europesays.com\/es\/wp-json\/wp\/v2\/media?parent=172705"}],"wp:term":[{"taxonomy":"category","embeddable":true,"href":"https:\/\/www.europesays.com\/es\/wp-json\/wp\/v2\/categories?post=172705"},{"taxonomy":"post_tag","embeddable":true,"href":"https:\/\/www.europesays.com\/es\/wp-json\/wp\/v2\/tags?post=172705"}],"curies":[{"name":"wp","href":"https:\/\/api.w.org\/{rel}","templated":true}]}}