{"id":172719,"date":"2025-10-12T22:41:09","date_gmt":"2025-10-12T22:41:09","guid":{"rendered":"https:\/\/www.europesays.com\/es\/172719\/"},"modified":"2025-10-12T22:41:09","modified_gmt":"2025-10-12T22:41:09","slug":"israel-reivindica-una-victoria-frente-a-hamas-antes-de-la-inminente-liberacion-de-los-rehenes","status":"publish","type":"post","link":"https:\/\/www.europesays.com\/es\/172719\/","title":{"rendered":"Israel reivindica una victoria frente a Ham\u00e1s antes de la inminente liberaci\u00f3n de los rehenes"},"content":{"rendered":"<p>    <img src=\"https:\/\/www.europesays.com\/es\/wp-content\/uploads\/2025\/10\/1760308869_888_2025-10-12T133A263A31Z-90154278.jpg\" width=\"1024\" height=\"682\" alt=\"\" loading=\"eager\" decoding=\"sync\" fetchpriority=\"high\"\/><\/p>\n<p>            afp_tickers        <\/p>\n<p>        Este contenido fue publicado en    <\/p>\n<p>        12 octubre 2025 &#8211; 21:40\n<\/p>\n<p>Israel declar\u00f3 este domingo la victoria en su guerra contra Ham\u00e1s antes de la liberaci\u00f3n prevista para el lunes de los rehenes que llevan dos a\u00f1os retenidos en Gaza, un paso clave en el plan de paz impulsado por Donald Trump.\u00a0<\/p>\n<p>El presidente estadounidense, Donald Trump, realizar\u00e1 el lunes una visita de unas pocas horas a Israel y despu\u00e9s copresidir\u00e1 junto con el mandatario egipcio Abdel Fatah al Sisi la cumbre internacional por la paz en Gaza en el balneario de Sharm el Sheij, en Egipto.\u00a0<\/p>\n<p>El acuerdo de tregua entre Israel y Ham\u00e1s, que entr\u00f3 en vigor el viernes, contempla un canje de los \u00faltimos rehenes israel\u00edes que quedan en Gaza \u2013 20 que siguen vivos y 28 fallecidos \u2013 por casi 2.000 palestinos recluidos en c\u00e1rceles israel\u00edes, entre ellos 250 presos \u00abpor motivos de seguridad nacional\u00bb.\u00a0<\/p>\n<p>Los negociadores contin\u00faan ultimando los detalles del canje y dos fuentes de Ham\u00e1s dijeron a la AFP que el movimiento islamista insiste en incluir a siete prominentes dirigentes palestinos presos en Israel en el intercambio.\u00a0<\/p>\n<p>El primer ministro israel\u00ed, Benjamin Netanyahu, declar\u00f3 este domingo en un emotivo discurso que su pa\u00eds logr\u00f3 \u00abenormes victorias\u00bb en la guerra contra Ham\u00e1s en Gaza, aunque advirti\u00f3 que \u00abla lucha no ha terminado\u00bb.<\/p>\n<p>Netanyahu habl\u00f3 en v\u00edsperas del esperado retorno el lunes de los rehenes cautivos en Gaza desde el ataque de Ham\u00e1s del 7 de octubre de 2023, que fue el inicio del conflicto que arras\u00f3 este territorio palestino.<\/p>\n<p>El jefe del Estado Mayor de las Fuerzas Armadas de Israel, Eyal Zamir, tambi\u00e9n reivindic\u00f3 una \u00abvictoria\u00bb que atribuy\u00f3 a \u00abla presi\u00f3n militar\u00bb conjugada con \u00abmedidas diplom\u00e1ticas complementarias\u00bb.<\/p>\n<p>Shosh Bedrosian, portavoz del primer ministro israel\u00ed Benjamin Netanyahu, inform\u00f3 m\u00e1s temprano que se espera que la liberaci\u00f3n de los rehenes cautivos en la Franja de Gaza se concrete temprano en la ma\u00f1ana del lunes.\u00a0<\/p>\n<p>\u2013 Ham\u00e1s insiste en liberaci\u00f3n de dirigentes palestinos en canje \u2013<\/p>\n<p>\u00abLos prisioneros palestinos ser\u00e1n liberados una vez que Israel reciba la confirmaci\u00f3n de que todos nuestros rehenes, que ser\u00e1n liberados ma\u00f1ana, hayan cruzado la frontera hacia territorio israel\u00ed\u00bb, agreg\u00f3 Bedrosian.<\/p>\n<p>Dos fuentes de Ham\u00e1s dijeron a AFP que el movimiento que gobierna en Gaza insiste en la liberaci\u00f3n de siete figuras prominentes de la lucha palestina como parte del intercambio, incluido Marwan Barghuti \u2013 un miembro de Fatah, la facci\u00f3n palestina rival de Ham\u00e1s \u2013 que Israel declar\u00f3 el viernes no forma parte del canje.<\/p>\n<p>\u00abHam\u00e1s insiste en que la lista final incluya a siete altos dirigentes, entre los que destacan Marwan Barghuti, Ahmad Saadat, Ibrahim Hamed y Ab\u00e1s Al Sayyed\u00bb, afirm\u00f3 una persona del entorno de las negociaciones. Esto fue confirmado por una segunda fuente.<\/p>\n<p>La fuente agreg\u00f3 que el grupo y sus aliados \u00abcompletaron todos los preparativos\u00bb para entregar a todos los rehenes vivos.<\/p>\n<p>\u2013 \u00abNo queremos vivir en una jungla\u00bb \u2013<\/p>\n<p>En la cumbre en Egipto participar\u00e1n el secretario general de la ONU, Antonio Guterres, y dirigentes de m\u00e1s de 20 pa\u00edses, incluidos el primer ministro brit\u00e1nico Keir Starmer, el presidente franc\u00e9s Emmanuel Macron, el presidente del Gobierno espa\u00f1ol Pedro S\u00e1nchez, la primera ministra italiana Giorgia Meloni y el presidente turco Recep Tayyip Erdogan.<\/p>\n<p>La oficina de Netanyahu anunci\u00f3 que ning\u00fan alto funcionario israel\u00ed asistir\u00e1 al encuentro y Ham\u00e1s tampoco ir\u00e1 porque ha dicho que act\u00faa a trav\u00e9s de sus mediadores, Catar y Egipto.<\/p>\n<p>En el tercer d\u00eda del cese el fuego, algunos camiones con ayuda humanitaria cruzaron este domingo a Gaza, pero habitantes de Jan Yunis, en el sur, denunciaron que algunos fueron saqueados por personas hambrientas.<\/p>\n<p>\u00abNo queremos vivir en una jungla. Exigimos que se garantice la ayuda y se distribuya de forma respetuosa\u00bb, afirm\u00f3 Mohamed Zarab.<\/p>\n<p>Desde que se instaur\u00f3 el alto al fuego en el territorio, muchos residentes desplazados, como Fatima Salem, de 38 a\u00f1os, han regresado a sus hogares devastados en Gaza.<\/p>\n<p>\u00abMis ojos no dejaban de buscar los puntos de referencia que hab\u00eda perdido, pero nada parec\u00eda igual, ni siquiera las casas de los vecinos estaban all\u00ed\u00bb, dijo.<\/p>\n<p>\u2013 \u2018Una tregua a largo plazo\u2019 \u2013<\/p>\n<p>Los mediadores en el conflicto a\u00fan enfrentan la dif\u00edcil tarea de garantizar una soluci\u00f3n pol\u00edtica a largo plazo que permita a Ham\u00e1s entregar sus armas.<\/p>\n<p>Los pa\u00edses mediadores del acuerdo de alto al fuego en Gaza firmar\u00e1n un documento como garantes durante la cumbre del lunes, afirm\u00f3 este domingo a AFP una fuente diplom\u00e1tica que cit\u00f3 a \u00abEstados Unidos, Egipto, Catar y, probablemente, Turqu\u00eda\u00bb.\u00a0<\/p>\n<p>Una fuente del movimiento islamista cercana a las negociaciones, que habl\u00f3 bajo condici\u00f3n de anonimato, declar\u00f3 que Ham\u00e1s \u00abno participar\u00e1\u00bb en el gobierno durante la fase de transici\u00f3n, pero rechaz\u00f3 el llamado de deponer las armas. \u00a0<\/p>\n<p>\u00abHam\u00e1s acepta una tregua a largo plazo y que sus armas no se utilicen en absoluto durante este periodo, excepto en caso de un ataque israel\u00ed contra Gaza\u00bb, agreg\u00f3.<\/p>\n<p>El plan de Trump prev\u00e9 que con la retirada parcial de las tropas de Israel de Gaza, se establezca una fuerza multinacional coordinada por un centro de mando liderado por Estados Unidos en Israel.<\/p>\n<p>La guerra en Gaza estall\u00f3 tras el ataque de Ham\u00e1s de octubre de 2023, que caus\u00f3 la muerte de 1.219 personas en Israel, en su mayor\u00eda civiles, seg\u00fan un recuento de AFP basado en cifras oficiales israel\u00edes.\u00a0<\/p>\n<p>La ofensiva israel\u00ed lanzada en respuesta mat\u00f3 a al menos 67.806 personas, seg\u00fan cifras del Ministerio de Salud del territorio, que la ONU consideran cre\u00edbles.<\/p>\n<p>burs-dc\/jd\/smw\/sag\/rnr\/an\/eg<\/p>\n","protected":false},"excerpt":{"rendered":"afp_tickers Este contenido fue publicado en 12 octubre 2025 &#8211; 21:40 Israel declar\u00f3 este domingo la victoria en&hellip;\n","protected":false},"author":2,"featured_media":172720,"comment_status":"","ping_status":"","sticky":false,"template":"","format":"standard","meta":{"footnotes":""},"categories":[42],"tags":[17,18,636,11892,83,13,14,11,61,62,63,86,64,49513,19,20,7657,9,10,15,16,88,44965,90,12,21,22,3191,65,66,67],"class_list":{"0":"post-172719","1":"post","2":"type-post","3":"status-publish","4":"format-standard","5":"has-post-thumbnail","7":"category-internacional","8":"tag-breaking-news","9":"tag-breakingnews","10":"tag-conflict","11":"tag-crime","12":"tag-diplomacy","13":"tag-featured-news","14":"tag-featurednews","15":"tag-headlines","16":"tag-internacional","17":"tag-international","18":"tag-international-news","19":"tag-international-relations","20":"tag-internationalnews","21":"tag-kidnapping","22":"tag-latest-news","23":"tag-latestnews","24":"tag-law-and-order","25":"tag-news","26":"tag-noticias","27":"tag-noticias-destacadas","28":"tag-noticiasdestacadas","29":"tag-politics","30":"tag-prisoners-and-detainees","31":"tag-ticker","32":"tag-titulares","33":"tag-ultimas-noticias","34":"tag-ultimasnoticias","35":"tag-war","36":"tag-world","37":"tag-world-news","38":"tag-worldnews"},"share_on_mastodon":{"url":"","error":""},"_links":{"self":[{"href":"https:\/\/www.europesays.com\/es\/wp-json\/wp\/v2\/posts\/172719","targetHints":{"allow":["GET"]}}],"collection":[{"href":"https:\/\/www.europesays.com\/es\/wp-json\/wp\/v2\/posts"}],"about":[{"href":"https:\/\/www.europesays.com\/es\/wp-json\/wp\/v2\/types\/post"}],"author":[{"embeddable":true,"href":"https:\/\/www.europesays.com\/es\/wp-json\/wp\/v2\/users\/2"}],"replies":[{"embeddable":true,"href":"https:\/\/www.europesays.com\/es\/wp-json\/wp\/v2\/comments?post=172719"}],"version-history":[{"count":0,"href":"https:\/\/www.europesays.com\/es\/wp-json\/wp\/v2\/posts\/172719\/revisions"}],"wp:featuredmedia":[{"embeddable":true,"href":"https:\/\/www.europesays.com\/es\/wp-json\/wp\/v2\/media\/172720"}],"wp:attachment":[{"href":"https:\/\/www.europesays.com\/es\/wp-json\/wp\/v2\/media?parent=172719"}],"wp:term":[{"taxonomy":"category","embeddable":true,"href":"https:\/\/www.europesays.com\/es\/wp-json\/wp\/v2\/categories?post=172719"},{"taxonomy":"post_tag","embeddable":true,"href":"https:\/\/www.europesays.com\/es\/wp-json\/wp\/v2\/tags?post=172719"}],"curies":[{"name":"wp","href":"https:\/\/api.w.org\/{rel}","templated":true}]}}