{"id":172723,"date":"2025-10-12T22:43:13","date_gmt":"2025-10-12T22:43:13","guid":{"rendered":"https:\/\/www.europesays.com\/es\/172723\/"},"modified":"2025-10-12T22:43:13","modified_gmt":"2025-10-12T22:43:13","slug":"ya-te-dije-que-salia-por-enfermeria-o-puerta-grande","status":"publish","type":"post","link":"https:\/\/www.europesays.com\/es\/172723\/","title":{"rendered":"Ya te dije que sal\u00eda por enfermer\u00eda o puerta grande"},"content":{"rendered":"<p class=\"paragraph\">El susto ha sido may\u00fasculo, pero la familia\u00a0 y los amigos de Sa\u00fal Pardo respiran tranquilos. El recortador, uno de los mejores de esta especialidad en Arag\u00f3n, <b>est\u00e1 ingresado en el Hospital Cl\u00ednico Universitario de Zaragoza<\/b><a href=\"https:\/\/www.heraldo.es\/noticias\/aragon\/zaragoza\/fiestas-del-pilar\/2025\/10\/12\/grave-cogida-recortador-saul-pardo-plaza-toros-zaragoza-cornada-trayectorias-goyesca-fiestas-1861411.html\" title=\"Grave cogida al recortador Sa\u00fal Pardo en la plaza de toros de Zaragoza: &quot;Cornada de tres trayectorias&quot;\" rel=\"nofollow noopener\" target=\"_blank\"> tras recibir dos fuertes cornadas este domingo en el\u00a0Campeonato de Espa\u00f1a Goyesco de Recortes con Toros que se ha celebrado en La Misericordia.\u00a0<\/a><\/p>\n<p class=\"paragraph\">Tras ser intervenido de urgencia en la enfermer\u00eda de la propia plaza por la doctora Mar\u00eda del Pilar Val-Carreres, el joven de Paniza, de 20 a\u00f1os, ha sido trasladado al centro hospitalario de la capital aragonesa, donde se espera que permanezca ingresado <b>hasta al menos mediados de la pr\u00f3xima semana. <\/b>Todo a expensas de que en la ma\u00f1ana de este lunes sea visitado por la doctora Val-Carreres y esta compruebe su evoluci\u00f3n.<\/p>\n<p class=\"paragraph\">Pese a la aparatosidad de las cogidas y del pron\u00f3stico \u00abgrave\u00bb del parte m\u00e9dico, Sa\u00fal Pardo se halla muy dolorido pero con \u00e1nimos en su habitaci\u00f3n.<b> Ha recibido la visita de familiares y amigos, <\/b>a los que ha se\u00f1alado: \u00abYa te dije que sal\u00eda por enfermer\u00eda o por puerta grande\u00bb. Una buena prueba del \u00e1nimo con el que afronta este percance.\u00a0<\/p>\n<p class=\"paragraph\">Cabe recordar que en el parte m\u00e9dico emitido en la enfermer\u00eda de La Misericordia se\u00f1ala: \u00abIngresa en esta Enfermer\u00eda el recortador D. Saul Pardo Clavero que presenta las siguientes lesiones: Herida por asta de toro a nivel del tercio proximal del muslo izquierdo compartimento posterior <b>que afecta a musculatura isquiotibial con tres trayectorias:<\/b> una inferoexterna de 15 cm, otra inferointerna de 12 cm y otra profunda de 7 cm\u00bb.<\/p>\n<p class=\"paragraph\">Y prosigue detallando otras dos lesiones: \u00abHerida sobre sano a nivel de pala iliaca derecha <b>con dos trayectorias:<\/b> una superior de 6 cm y otra descendente y profunda de 11 cm que afecta a musculatura gl\u00fatea y tensor de la fascia lata. Herida incisa supraciliar izda de 2 cm\u00bb.<\/p>\n<p class=\"paragraph\">El texto concluye de esta forma: <b>\u00abPron\u00f3stico grave. <\/b>Se interviene en la Enfermer\u00eda de la Plaza y se traslada a Hospital Cl\u00ednico Universitario para vigilancia postoperatoria\u00bb.<\/p>\n","protected":false},"excerpt":{"rendered":"El susto ha sido may\u00fasculo, pero la familia\u00a0 y los amigos de Sa\u00fal Pardo respiran tranquilos. El recortador,&hellip;\n","protected":false},"author":2,"featured_media":172724,"comment_status":"","ping_status":"","sticky":false,"template":"","format":"standard","meta":{"footnotes":""},"categories":[5],"tags":[17,18,9932,25,24,13,14,11,19,20,9,10,15,16,49899,49898,23,12,21,22,491],"class_list":{"0":"post-172723","1":"post","2":"type-post","3":"status-publish","4":"format-standard","5":"has-post-thumbnail","7":"category-titulares","8":"tag-breaking-news","9":"tag-breakingnews","10":"tag-cornada","11":"tag-es","12":"tag-espana","13":"tag-featured-news","14":"tag-featurednews","15":"tag-headlines","16":"tag-latest-news","17":"tag-latestnews","18":"tag-news","19":"tag-noticias","20":"tag-noticias-destacadas","21":"tag-noticiasdestacadas","22":"tag-recortador","23":"tag-saul-pardo","24":"tag-spain","25":"tag-titulares","26":"tag-ultimas-noticias","27":"tag-ultimasnoticias","28":"tag-zaragoza"},"share_on_mastodon":{"url":"","error":""},"_links":{"self":[{"href":"https:\/\/www.europesays.com\/es\/wp-json\/wp\/v2\/posts\/172723","targetHints":{"allow":["GET"]}}],"collection":[{"href":"https:\/\/www.europesays.com\/es\/wp-json\/wp\/v2\/posts"}],"about":[{"href":"https:\/\/www.europesays.com\/es\/wp-json\/wp\/v2\/types\/post"}],"author":[{"embeddable":true,"href":"https:\/\/www.europesays.com\/es\/wp-json\/wp\/v2\/users\/2"}],"replies":[{"embeddable":true,"href":"https:\/\/www.europesays.com\/es\/wp-json\/wp\/v2\/comments?post=172723"}],"version-history":[{"count":0,"href":"https:\/\/www.europesays.com\/es\/wp-json\/wp\/v2\/posts\/172723\/revisions"}],"wp:featuredmedia":[{"embeddable":true,"href":"https:\/\/www.europesays.com\/es\/wp-json\/wp\/v2\/media\/172724"}],"wp:attachment":[{"href":"https:\/\/www.europesays.com\/es\/wp-json\/wp\/v2\/media?parent=172723"}],"wp:term":[{"taxonomy":"category","embeddable":true,"href":"https:\/\/www.europesays.com\/es\/wp-json\/wp\/v2\/categories?post=172723"},{"taxonomy":"post_tag","embeddable":true,"href":"https:\/\/www.europesays.com\/es\/wp-json\/wp\/v2\/tags?post=172723"}],"curies":[{"name":"wp","href":"https:\/\/api.w.org\/{rel}","templated":true}]}}