{"id":172725,"date":"2025-10-12T22:44:09","date_gmt":"2025-10-12T22:44:09","guid":{"rendered":"https:\/\/www.europesays.com\/es\/172725\/"},"modified":"2025-10-12T22:44:09","modified_gmt":"2025-10-12T22:44:09","slug":"el-irudek-bidasoa-irun-viaja-a-rumania-un-viaje-fundamental","status":"publish","type":"post","link":"https:\/\/www.europesays.com\/es\/172725\/","title":{"rendered":"El Irudek Bidasoa Irun viaja a Ruman\u00eda, un viaje fundamental"},"content":{"rendered":"<p>\n        \u00a0El <a href=\"https:\/\/www.noticiasdegipuzkoa.eus\/tags\/cd-bidasoa\/\" title=\"Irudek Bidasoa Irun\" target=\"_blank\" class=\"link copy\" rel=\"nofollow noopener\">I<strong>rudek Bidasoa Irun<\/strong><\/a><strong> prosigue este martes su andadura<\/strong> europea tras <a href=\"https:\/\/www.noticiasdegipuzkoa.eus\/balonmano\/2025\/09\/06\/irudek-bidasoa-irun-clasificacion-ehf-european-league-abc-braga-10053565.html\" title=\"eliminar al Acad\u00e9mico de Braga\" target=\"_blank\" class=\"link copy\" rel=\"nofollow noopener\">eliminar al Acad\u00e9mico de Braga<\/a> en la eliminatoria que daba acceso a la Fase de Grupos de la <a href=\"https:\/\/www.noticiasdegipuzkoa.eus\/tags\/ehf-european-league\/\" title=\"EHF European League\" target=\"_blank\" class=\"link copy\" rel=\"nofollow noopener\">EHF European League<\/a>. Lo har\u00e1 con la primera jornada de la citada fase y en Ruman\u00eda, donde espera el Potaissa Turda en un duelo que los guipuzcoanos quieren <strong>ganar para empezar a sumar boletos <\/strong>de entrar en la Main Round.\n<\/p>\n<p class=\"article-body__text \">\n        El equipo que entrena \u00c1lex Mozas buscar\u00e1 dos puntos que se antojan fundamentales si se cumplen las previsiones del grupo, que completan el vigente campe\u00f3n, <strong>Flensburg-Handewitt<\/strong>, y el <strong>Saint-Rapha\u00ebl <\/strong>franc\u00e9s. Un cartel que contrasta con el grupo inicial del a\u00f1o pasado, con Chrobry G\u0142og\u00f3w, CSM Constanta e Ystads. <strong>Ser segundo en la Liga Asobal <\/strong><strong>ayuda <\/strong><strong>en los sorteos de Viena<\/strong>&#8230;\n<\/p>\n<p>  C\u00e1lculos y c\u00e1balas<\/p>\n<p class=\"article-body__text \">\n        Con dos billetes en juego en el escaso margen que dan seis jornadas, <strong>Flensburg lleva la vitola de favorito indiscutible<\/strong> y cualquier tropiezo de los otros tres en sus duelos directos (o si alguien punt\u00faa ante los alemanes&#8230;) puede resultar decisivo para acceder a una Main Round a la que desde el grupo B pueden llegar <strong>THW Kiel y Montpllier<\/strong>.\n<\/p>\n<p class=\"article-body__text \">\n        Para ello y con la <a href=\"https:\/\/www.noticiasdegipuzkoa.eus\/balonmano\/2025\/10\/10\/irun-solido-irudek-sin-apuros-bidasoa-derrota-huesca-10197965.html\" title=\"solidez de haber logrado 9 puntos de 10 posibles en Liga\" target=\"_blank\" class=\"link copy\" rel=\"nofollow noopener\">solidez de haber logrado 9 puntos de 10 posibles en Liga<\/a>, el<strong> Irudek Bidasoa Irun quiere empezar ganando en Ruman\u00eda<\/strong>, pa\u00eds en el que nunca ha ganado en su larga trayectoria europea. El dato no es balad\u00ed: si en la Liga Asobal las victorias a domicilio suelen ser caras, en Europa a\u00fan son m\u00e1s complejas: de los 87 triunfos continentales en 151 partidos, lejos de Irun ha firmado 22.\n<\/p>\n<p class=\"article-body__text \">\n        El equipo guipuzcoano, que disputar\u00e1 su primer partido europeo en Artaleku la semana que viene ante Flensburg (con los <a href=\"https:\/\/www.noticiasdegipuzkoa.eus\/balonmano\/2025\/10\/07\/bidasoa-pone-venta-abonos-ehf-european-league-10181027.html\" title=\"abonos para el p\u00fablico general ya a la venta\" target=\"_blank\" class=\"link copy\" rel=\"nofollow noopener\">abonos para el p\u00fablico general ya a la venta<\/a>), repite Ruman\u00eda por segunda temporada consecutiva, aunque e<strong>l desplazamiento comienza de manera opuesta a octubre de 2024<\/strong>.\n<\/p>\n<p class=\"article-body__text \">\n        Si entonces el viaje-odisea a Constanza rond\u00f3 las 18 horas (a Bucarest v\u00eda Munich en avi\u00f3n, y 250 kil\u00f3metros por carretera desde la capital rumana), el madrug\u00f3n para partir de Irun a media madrugada y <strong>las combinaciones permitir\u00e1n llegar a Cluj hacia el mediod\u00eda<\/strong> si se cumplen las previsiones, a 30-40 kil\u00f3metros de Turda. Salvo algunos clubes de la Champions y alguna excepci\u00f3n, como aquel Nexe que visit\u00f3 Irun hace cinco a\u00f1os, los vuelos ch\u00e1rters en balonmano son un sue\u00f1o.\n<\/p>\n<p class=\"article-body__text \">\n        Con el siguiente partido de Liga el viernes en Barcelona, <strong>la expedici\u00f3n evitar\u00e1 regresar a Irun<\/strong> y trabajar\u00e1 en Ruman\u00eda hasta el jueves, desde donde volar\u00e1 a la Ciudad Condal para cerrar la primera semana de doble compromiso.\n<\/p>\n<p>  Un equipo rocoso<\/p>\n<p class=\"article-body__text \">\n        Antes de todo eso, el martes a las 18:45 horas esperar\u00e1 el vigente subcampe\u00f3n rumano, que debut\u00f3 en competiciones europeas en el a\u00f1o 2014 y que desde entonces ha jugado 46 choques, entre los que destaca <strong>la Challenge Cup que gan\u00f3 en 2018<\/strong> ante el AEK de Atenas.\n<\/p>\n<p class=\"article-body__text \">\n        La escuadra que entrena Hora\u021biu Gal basa sus opciones en una dur\u00edsima defensa liderada por Gabriel Dumtriu, con el veterano<strong> Mihai Popescu<\/strong> bajo palos (ex Saint-Rapha\u00ebl) y que puede dar tarea a los <strong>\u00e1rbitros letones Ivars Cernavskis y Edmunds Bogdanovs<\/strong>, que tendr\u00e1n al turco Ayberk Dilmen como delegado federativo en el choque que se disputar\u00e1 en el <strong>pabell\u00f3n Turda Arena<\/strong>, Nova PG Arena por razones comerciales.\n<\/p>\n<p>  Coqueto pabell\u00f3n<\/p>\n<p class=\"article-body__text \">\n        La coqueta instalaci\u00f3n es la <strong>joya de la corona de la ciudad<\/strong> de poco m\u00e1s de 40.000 habitantes, y con su estreno hace un a\u00f1o tras una <strong>inversi\u00f3n de 18 millones de euros<\/strong>, se ha convertido <a href=\"https:\/\/ziarulfaclia.ro\/inaugurarea-turda-arena-2024-o-trilogie-de-sport-muzica-si-divertisment\/\" title=\"en el tercer multiusos inaugurado en el condado de Cluj\" rel=\"nofollow noopener\" target=\"_blank\" class=\"link copy\">en el <strong>tercer multiusos inaugurado en el condado de Cluj<\/strong><\/a>.\n<\/p>\n<p class=\"article-body__text \">\n        En ataque, la primera l\u00ednea formada por el destacado lateral zurdo <strong>Radu Ghi\u021b\u0103<\/strong>, el exAdemar <strong>Iv\u00e1n Mo\u0161i\u0107<\/strong> en el opuesto y el georgiano <strong>Irakli Kbilashvili<\/strong> al mano de unas operaciones que suelen buscar conectar con el polaco <strong>Mateusz Piechowsky<\/strong>, su principal referencia ofensiva en la segunda l\u00ednea.\n<\/p>\n<p class=\"article-body__text \">\n        Clasificado de manera directa a la <a href=\"https:\/\/www.noticiasdegipuzkoa.eus\/tags\/ehf-european-league\/\" title=\"fase de grupos de la EHF European League\" target=\"_blank\" class=\"link copy\" rel=\"nofollow noopener\">Fase de Grupos de la EHF European League<\/a>, comenz\u00f3 la temporada de manera irregular. En la Supercopa, perdi\u00f3 ante el poderoso Dinamo de Bucarest en las semifinales (34-27) y se llev\u00f3 el bronce ante el <strong>Buzau <\/strong>del exbidasotarra <strong>Mihajlo Miti\u0107<\/strong> (32-30).\n<\/p>\n<p class=\"article-body__text \">\n        En Liga, suma<strong> dos derrotas y tres victorias<\/strong>: las dos primeras las firm\u00f3 en las jornadas 1 y 3 ante <strong>Timisoara <\/strong>(28-32) y ante el propio <strong>Buzau <\/strong>a domicilio (32-29), mientras que se ha anotado victorias ante <strong>Cluj <\/strong>(35-32), el <strong>Dinamo de Bucarest<\/strong> que disputa la Champions (29-24) y el viernes pasado, en su visita sin historia a <strong>Sighi\u0219oara <\/strong>(23-33).<\/p>\n","protected":false},"excerpt":{"rendered":"\u00a0El Irudek Bidasoa Irun prosigue este martes su andadura europea tras eliminar al Acad\u00e9mico de Braga en la&hellip;\n","protected":false},"author":2,"featured_media":172726,"comment_status":"","ping_status":"","sticky":false,"template":"","format":"standard","meta":{"footnotes":""},"categories":[278],"tags":[376,2645,168,25,24,375,7599,7600,15394,23,167,4127],"class_list":{"0":"post-172725","1":"post","2":"type-post","3":"status-publish","4":"format-standard","5":"has-post-thumbnail","7":"category-balonmano","8":"tag-balonmano","9":"tag-bidasoa","10":"tag-deportes","11":"tag-es","12":"tag-espana","13":"tag-handball","14":"tag-irudek","15":"tag-irun","16":"tag-rumania","17":"tag-spain","18":"tag-sports","19":"tag-viaja"},"share_on_mastodon":{"url":"","error":""},"_links":{"self":[{"href":"https:\/\/www.europesays.com\/es\/wp-json\/wp\/v2\/posts\/172725","targetHints":{"allow":["GET"]}}],"collection":[{"href":"https:\/\/www.europesays.com\/es\/wp-json\/wp\/v2\/posts"}],"about":[{"href":"https:\/\/www.europesays.com\/es\/wp-json\/wp\/v2\/types\/post"}],"author":[{"embeddable":true,"href":"https:\/\/www.europesays.com\/es\/wp-json\/wp\/v2\/users\/2"}],"replies":[{"embeddable":true,"href":"https:\/\/www.europesays.com\/es\/wp-json\/wp\/v2\/comments?post=172725"}],"version-history":[{"count":0,"href":"https:\/\/www.europesays.com\/es\/wp-json\/wp\/v2\/posts\/172725\/revisions"}],"wp:featuredmedia":[{"embeddable":true,"href":"https:\/\/www.europesays.com\/es\/wp-json\/wp\/v2\/media\/172726"}],"wp:attachment":[{"href":"https:\/\/www.europesays.com\/es\/wp-json\/wp\/v2\/media?parent=172725"}],"wp:term":[{"taxonomy":"category","embeddable":true,"href":"https:\/\/www.europesays.com\/es\/wp-json\/wp\/v2\/categories?post=172725"},{"taxonomy":"post_tag","embeddable":true,"href":"https:\/\/www.europesays.com\/es\/wp-json\/wp\/v2\/tags?post=172725"}],"curies":[{"name":"wp","href":"https:\/\/api.w.org\/{rel}","templated":true}]}}