{"id":172747,"date":"2025-10-12T23:00:38","date_gmt":"2025-10-12T23:00:38","guid":{"rendered":"https:\/\/www.europesays.com\/es\/172747\/"},"modified":"2025-10-12T23:00:38","modified_gmt":"2025-10-12T23:00:38","slug":"el-auge-del-cancer-en-jovenes-son-reales-los-datos","status":"publish","type":"post","link":"https:\/\/www.europesays.com\/es\/172747\/","title":{"rendered":"El auge del c\u00e1ncer en j\u00f3venes: \u00bfson reales los datos?"},"content":{"rendered":"<p>El c\u00e1ncer se presenta siempre con una <strong>doble naturaleza.<\/strong> Por un lado, el golpe seco e incierto del diagn\u00f3stico; por otro, la confianza que dan las tasas de supervivencia (82,8% a cinco a\u00f1os, en c\u00e1ncer de mama; <strong>superior al 99%<\/strong> para estadios localizados). Por un lado, los tratamientos pioneros y avances m\u00e9dicos; por otro, el desaf\u00edo de recuperarse y seguir adelante.<\/p>\n<p>Desde esas dos fuerzas opuestas recibimos el <a href=\"https:\/\/jamanetwork.com\/journals\/jamainternalmedicine\/article-abstract\/2839347\" rel=\"nofollow noopener\" target=\"_blank\">\u00faltimo estudio<\/a> sobre <strong>c\u00e1ncer de inicio temprano<\/strong> (los diagnosticados antes de los 50 a\u00f1os) que se acaba de publicar en JAMA Internal Medicine bajo el t\u00edtulo El aumento del c\u00e1ncer de aparici\u00f3n temprana: m\u00e1s aparente que real. El ep\u00edgrafe invita al optimismo despu\u00e9s de varios meses escuchando que la incidencia de <strong>muchos tipos de tumores de aparici\u00f3n temprana<\/strong> ha aumentado en muchos pa\u00edses. En el caso del c\u00e1ncer de mama m\u00e1s agresivo, las tasas en mujeres j\u00f3venes, incluso por debajo de los 40 a\u00f1os, son cada vez m\u00e1s altas.<\/p>\n<p>TE PUEDE INTERESAR<a href=\"https:\/\/www.articulo14.es\/salud\/que-es-el-tdpm-y-como-diferenciarlo-del-sindrome-premenstrual-20251010.html\" rel=\"nofollow noopener\" target=\"_blank\"><img loading=\"lazy\" decoding=\"async\" width=\"120\" height=\"84\" class=\"attachment-a14-te-puede-interesar size-a14-te-puede-interesar perfmatters-lazy\" alt=\"Adenomiosis, el dolor que se confunde con la regla\" src=\"https:\/\/www.europesays.com\/es\/wp-content\/uploads\/2025\/10\/Adenomiosis-el-dolor-que-se-confunde-con-la-regla-120x84.webp.webp\"  data-\/><\/a><a href=\"https:\/\/www.articulo14.es\/salud\/elizabeth-castro-psicologa-perinatal-la-falta-de-paciencia-es-totalmente-normal-natural-y-humana-20251010.html\" rel=\"nofollow noopener\" target=\"_blank\"><img loading=\"lazy\" decoding=\"async\" width=\"126\" height=\"84\" class=\"attachment-a14-te-puede-interesar size-a14-te-puede-interesar perfmatters-lazy\" alt=\"No tengo paciencia con mis hijos\" src=\"https:\/\/www.europesays.com\/es\/wp-content\/uploads\/2025\/10\/No-tengo-paciencia-con-mis-hijos-un-pensamiento-tan-natural-como-manejable-126x84.jpg\"  data-\/><\/a><a href=\"https:\/\/www.articulo14.es\/salud\/el-ecosistema-secreto-que-protege-tu-salud-intima-y-que-podrias-estar-destruyendo-20251009.html\" rel=\"nofollow noopener\" target=\"_blank\"><img loading=\"lazy\" decoding=\"async\" width=\"126\" height=\"84\" class=\"attachment-a14-te-puede-interesar size-a14-te-puede-interesar perfmatters-lazy\" alt=\"\" src=\"https:\/\/www.europesays.com\/es\/wp-content\/uploads\/2025\/10\/shutterstock_2200305135-126x84.jpg\"  data-\/><\/a><br \/>\n\u00bfQu\u00e9 hay de cierto?<\/p>\n<p>Lo que realmente plantea el estudio de Jama\u00a0es <strong>si estos nuevos casos son significativos<\/strong> o debemos interpretarlo como una mejora en la detecci\u00f3n de una enfermedad que hace unos a\u00f1os habr\u00edamos pasado por alto. Cl\u00ednicamente, habr\u00edan sido irrelevantes, seg\u00fan sus autores. Basan su argumento en investigaciones que muestran, por ejemplo, que <strong>a un 60% de los hombres mayores de 79 a\u00f1os<\/strong> que fallecieron por otras causas se les detect\u00f3 c\u00e1ncer de pr\u00f3stata en la autopsia. Lo hab\u00edan padecido sin que les provocase problema. En caso de haber sido descubierto en vida, se habr\u00eda hablado de sobrediagn\u00f3stico.<\/p>\n<p>El sobrediagn\u00f3stico estar\u00eda detr\u00e1s del aumento de los <strong>ocho tipos de c\u00e1ncer que crecen m\u00e1s r\u00e1pidamente<\/strong> en los menores de 50 a\u00f1os: tiroides, ano, ri\u00f1\u00f3n, intestino delgado, colorrectal, endometrio, p\u00e1ncreas y mieloma. Han duplicado su incidencia desde 1992, pero la mortalidad se ha mantenido estable. El estudio concluye que, si la tasa real estuviera creciendo, la mortalidad aumentar\u00eda. No obstante, hay que tener en cuenta que <strong>el avance en los tratamientos<\/strong> ha mejorado los pron\u00f3sticos cuando se identifica de manera precoz un c\u00e1ncer en una persona joven.<\/p>\n<p>Ante este argumento, los autores se preguntan c\u00f3mo es que, detectando c\u00e1nceres en una fase m\u00e1s temprana, no hay una reducci\u00f3n proporcional de la enfermedad en fases m\u00e1s avanzadas. \u201cInterpretar el aumento de la incidencia como una epidemia de enfermedades puede llevar a <strong>pruebas de detecci\u00f3n y tratamiento innecesarios,<\/strong> a la vez que desv\u00eda la atenci\u00f3n de otras amenazas para la salud m\u00e1s urgentes en los adultos j\u00f3venes\u201d, zanjan.<\/p>\n<p>Algunos matices<\/p>\n<p>La investigaci\u00f3n, si bien se refiere a la poblaci\u00f3n estadounidense, exige algunos matices, seg\u00fan nos indica <strong>Bel\u00e9n Fern\u00e1ndez, responsable del Observatorio<\/strong> del C\u00e1ncer de la Asociaci\u00f3n Espa\u00f1ola Contra el C\u00e1ncer (AECC). \u201cAunque el aumento de c\u00e1nceres en fase inicial en personas m\u00e1s j\u00f3venes pueda deberse a la detecci\u00f3n temprana, la incidencia es real y merecen la consideraci\u00f3n de c\u00e1nceres que, dentro de unos a\u00f1os, podr\u00edan haber tenido un pron\u00f3stico peor. Por otra parte, se est\u00e1n diagnosticando c\u00e1nceres por debajo de los 50 que est\u00e1n fuera del cribado\u201d.<\/p>\n<p><img loading=\"lazy\" decoding=\"async\" class=\"size-full wp-image-1828 perfmatters-lazy\" alt=\"C\u00e1ncer de mama - Pruebas\" width=\"1920\" height=\"1123\" src=\"https:\/\/www.europesays.com\/es\/wp-content\/uploads\/2025\/10\/test-cancer-de-mama.jpg\"  data-\/>Una m\u00e9dico observa los resultados de la prueba EFE<\/p>\n<p>Seg\u00fan datos americanos, la incidencia de c\u00e1nceres de <strong>p\u00e1ncreas, ri\u00f1\u00f3n e intestino delgado<\/strong> es hasta tres veces mayor en los nacidos en 1990 frente a los nacidos en 1955. La investigaci\u00f3n, liderada por la Sociedad Estadounidense del C\u00e1ncer, ha observado que estas cifras aumentan en generaciones <strong>cada vez m\u00e1s j\u00f3venes en 17 de los 34 tipos de tumores.<\/strong> Entre ellos se incluyen el de mama y el g\u00e1strico.<\/p>\n<p>La enfermedad es m\u00e1s frecuente en la poblaci\u00f3n mayor debido a factores biol\u00f3gicos, ambientales y estilo de vida, pero hay cada m\u00e1s investigaci\u00f3n que confirma la <strong>tendencia al alza del c\u00e1ncer de aparici\u00f3n temprana<\/strong> en adultos menores de 50, se\u00f1ala Fern\u00e1ndez. Entre 1990 y 2019, un 79% m\u00e1s, corrobora un estudio publicado en la <a href=\"https:\/\/bmjoncology.bmj.com\/content\/2\/1\/e000049\" rel=\"nofollow noopener\" target=\"_blank\">revista BMJ Oncology<\/a> a partir de 29 tipos de c\u00e1ncer en 204 pa\u00edses. Las muertes relacionadas con el c\u00e1ncer en el mismo grupo de edad aumentaron en un 28%.<\/p>\n<p>C\u00e1nceres que solo se ve\u00edan en mayores<\/p>\n<p>\u201cTambi\u00e9n estamos viendo tipos de c\u00e1ncer, como el de <strong>est\u00f3mago y el colorrectal,<\/strong> que hace unos a\u00f1os sol\u00edan producirse en adultos de edad m\u00e1s avanzada\u201d, insiste la responsable del Observatorio de la AECC. \u201cNo podemos determinar una sola raz\u00f3n. Hay muchas<strong> l\u00edneas de investigaci\u00f3n abiertas<\/strong> para tratar de identificar las causas y el panel es demasiado amplio: h\u00e1bitos de vida, alimentaci\u00f3n, sedentarismo, factores hormonales, tabaquismo, consumo de alcohol, los antibi\u00f3ticos, disposici\u00f3n gen\u00e9tica, exposici\u00f3n a determinadas sustancias\u2026\u201d<\/p>\n<p><img loading=\"lazy\" decoding=\"async\" class=\"size-full wp-image-509192 perfmatters-lazy\" alt=\"\" width=\"1200\" height=\"797\" src=\"https:\/\/www.europesays.com\/es\/wp-content\/uploads\/2025\/10\/Imagen-de-alcohol-y-tabaco.jpg\"  data-\/>El tabaco y el alcohol, dos factores de riesgo Shutterstock<\/p>\n<p>La Organizaci\u00f3n Mundial de la Salud incide en la obesidad como uno de los principales factores de riesgo. Coincide en ello con un informe de The Lancet que advierte que 10 de los 17 c\u00e1nceres m\u00e1s habituales entre los j\u00f3venes estadounidenses <strong>est\u00e1n relacionados con la obesidad,<\/strong> entre ellos los de ri\u00f1\u00f3n, ovario, h\u00edgado, p\u00e1ncreas y ves\u00edcula biliar.<\/p>\n<p>Entre los desencadenantes femeninos aparece tambi\u00e9n el sistema endocrino. Las ni\u00f1as tienen ahora <strong>la menstruaci\u00f3n alrededor de los 11 o 12 a\u00f1os,<\/strong> algo antes que las que nacieron en la d\u00e9cada de 1950. Y el primer embarazo llega al menos una d\u00e9cada m\u00e1s tarde. Este intervalo m\u00e1s largo puede ser una de las razones por las que las tasas de c\u00e1ncer de mama est\u00e1n aumentando en adultas m\u00e1s j\u00f3venes. Con cada ciclo menstrual, <strong>las c\u00e9lulas mamarias se expanden, proliferan y contraen.<\/strong> Estos ciclos repetidos de divisi\u00f3n celular ofrecen oportunidades para que surjan mutaciones.<\/p>\n<p>El diagn\u00f3stico precoz salva vidas<\/p>\n<p>El c\u00e1ncer sigue siendo una de las principales causas de morbi-mortalidad en Espa\u00f1a. Se estima que este a\u00f1o se diagnosticar\u00e1n 296.103 nuevos casos de c\u00e1ncer, un aumento del 3,3% respecto a 2024, advierte un <a href=\"https:\/\/seom.org\/prensa\/el-cancer-en-cifras\" rel=\"nofollow noopener\" target=\"_blank\">informe elaborado<\/a> por la Sociedad Espa\u00f1ola de Oncolog\u00eda M\u00e9dica.<br \/>Insiste en la <strong>detecci\u00f3n precoz, la prevenci\u00f3n y la b\u00fasqueda de estrategia<\/strong>s para mejorar los h\u00e1bitos de vida saludable. Y recuerda que, gracias a las opciones terap\u00e9uticas, la investigaci\u00f3n y el diagn\u00f3stico, la mortalidad por c\u00e1ncer en nuestro pa\u00eds ha experimentado un fuerte descenso en las \u00faltimas d\u00e9cadas.<\/p>\n<p>El informe destaca que el mayor conocimiento de la biolog\u00eda del c\u00e1ncer, que ha dado lugar a la oncolog\u00eda de precisi\u00f3n, permitir\u00e1 identificar biomarcadores en muchos de estos casi <strong>300.000 nuevos casos de c\u00e1ncer<\/strong> y seleccionar los tratamientos m\u00e1s eficaces y seguros para cada paciente, logrando una mayor personalizaci\u00f3n de los tratamientos oncol\u00f3gicos. \u201cEsta medicina de precisi\u00f3n, junto con las terapias dirigidas y la moderna inmunoterapia, ha contribuido a la mejor\u00eda en la supervivencia del c\u00e1ncer lograda en las \u00faltimas d\u00e9cadas\u2026 El c\u00e1ncer no es una \u00fanica enfermedad, engloba distintos tumores, cada uno con una biolog\u00eda, <strong>un tratamiento y un pron\u00f3stico diferentes\u201d.<\/strong><\/p>\n<p>\u00a0<\/p>\n","protected":false},"excerpt":{"rendered":"El c\u00e1ncer se presenta siempre con una doble naturaleza. Por un lado, el golpe seco e incierto del&hellip;\n","protected":false},"author":2,"featured_media":172748,"comment_status":"","ping_status":"","sticky":false,"template":"","format":"standard","meta":{"footnotes":""},"categories":[92],"tags":[12903,25,24,165,166,23],"class_list":{"0":"post-172747","1":"post","2":"type-post","3":"status-publish","4":"format-standard","5":"has-post-thumbnail","7":"category-salud","8":"tag-cu00e1ncer","9":"tag-es","10":"tag-espana","11":"tag-health","12":"tag-salud","13":"tag-spain"},"share_on_mastodon":{"url":"","error":""},"_links":{"self":[{"href":"https:\/\/www.europesays.com\/es\/wp-json\/wp\/v2\/posts\/172747","targetHints":{"allow":["GET"]}}],"collection":[{"href":"https:\/\/www.europesays.com\/es\/wp-json\/wp\/v2\/posts"}],"about":[{"href":"https:\/\/www.europesays.com\/es\/wp-json\/wp\/v2\/types\/post"}],"author":[{"embeddable":true,"href":"https:\/\/www.europesays.com\/es\/wp-json\/wp\/v2\/users\/2"}],"replies":[{"embeddable":true,"href":"https:\/\/www.europesays.com\/es\/wp-json\/wp\/v2\/comments?post=172747"}],"version-history":[{"count":0,"href":"https:\/\/www.europesays.com\/es\/wp-json\/wp\/v2\/posts\/172747\/revisions"}],"wp:featuredmedia":[{"embeddable":true,"href":"https:\/\/www.europesays.com\/es\/wp-json\/wp\/v2\/media\/172748"}],"wp:attachment":[{"href":"https:\/\/www.europesays.com\/es\/wp-json\/wp\/v2\/media?parent=172747"}],"wp:term":[{"taxonomy":"category","embeddable":true,"href":"https:\/\/www.europesays.com\/es\/wp-json\/wp\/v2\/categories?post=172747"},{"taxonomy":"post_tag","embeddable":true,"href":"https:\/\/www.europesays.com\/es\/wp-json\/wp\/v2\/tags?post=172747"}],"curies":[{"name":"wp","href":"https:\/\/api.w.org\/{rel}","templated":true}]}}