{"id":172749,"date":"2025-10-12T23:01:13","date_gmt":"2025-10-12T23:01:13","guid":{"rendered":"https:\/\/www.europesays.com\/es\/172749\/"},"modified":"2025-10-12T23:01:13","modified_gmt":"2025-10-12T23:01:13","slug":"dos-orejas-y-al-hospital-tras-una-fuerte-voltereta","status":"publish","type":"post","link":"https:\/\/www.europesays.com\/es\/172749\/","title":{"rendered":"dos orejas y al hospital tras una fuerte voltereta"},"content":{"rendered":"<p>            Daniel Luque es el Rey de Zaragoza: dos orejas y al hospital tras una fuerte voltereta                <\/p>\n<p>Daniel Luque es el Rey de Zaragoza: dos orejas y al hospital tras una fuerte voltereta<\/p>\n<p class=\"epigraph\">El diestro sevillano exhibe su compromiso en La Misericordia y cambia la Puerta Grande por el hospital. Trist\u00e1n corta un trofeo y Talavante pasa de puntillas.\u00a0<\/p>\n<p class=\"paragraph\"><b>Gracias, Luque. <\/b>Con el compromiso de las figuras bajo m\u00ednimos, hay una que sigue <a href=\"https:\/\/www.heraldo.es\/noticias\/aragon\/zaragoza\/fiestas-del-pilar\/2025\/10\/10\/cartel-feria-pilar-toros-viernes-castella-fernando-adrian-cristiano-torres-1860744.html\" title=\"As\u00ed queda el cartel definitivo de este viernes en la Feria del Pilar de Zaragoza\" rel=\"nofollow noopener\" target=\"_blank\">respetando Zaragoza<\/a>. No solo por aceptar sustituir a Roca Rey en una feria que inicialmente le hab\u00eda ninguneado; tambi\u00e9n por la tarde echada este s\u00e1bado. Por los arrestos mostrados para imponerse a un incierto toro de Juan Pedro -con volteret\u00f3n incluido- y, por consiguiente, a un <b>Alejandro Talavante<\/b> que pas\u00f3 de puntillas y escuch\u00f3 la bronca de quienes un d\u00eda lo tuvieron como torero predilecto.<\/p>\n<p>            Conforme a los criterios de<br \/>\n            <a class=\"trustproject_img\" id=\"trustproject_img\" href=\"https:\/\/thetrustproject.org\/\" target=\"_blank\" rel=\"nofollow noopener\" aria-label=\"Trust Project\"><img decoding=\"async\" loading=\"lazy\" src=\"https:\/\/www.heraldo.es\/images\/Trust-Logo-Horizontal.svg\" alt=\"Logo Trust Project\" width=\"200\" height=\"34\"\/><\/a><\/p>\n<p>                <img decoding=\"async\" loading=\"lazy\" src=\"https:\/\/www.europesays.com\/es\/wp-content\/uploads\/2025\/08\/javier-clavero.jpeg\" class=\"author-image\" width=\"120\" height=\"120\" alt=\"Javier Clavero\"\/><\/p>\n<p>        <a href=\"https:\/\/www.henneo.com\/\" title=\"Grupo Henneo\" class=\"logo\" rel=\"nofollow noopener\" target=\"_blank\"><br \/>\n            <img decoding=\"async\" src=\"https:\/\/www.heraldo.es\/images\/logo_henneo_gris.svg\" alt=\"Logo Henneo\" width=\"559\" height=\"389\" loading=\"lazy\"\/><br \/>\n        <\/a><\/p>\n<p>\u00a9 HERALDO DE ARAGON EDITORA, S.L.U.<br \/>Tel\u00e9fono 976 765 000 \/ &#8211; P\u00ba. Independencia, 29, 50001 Zaragoza &#8211; CIF: B99288763 &#8211; Inscrita en el Registro Mercantil de Zaragoza al Tomo 3796, Libro 0, Folio 177, Secci\u00f3n 8, Hoja Z-50564<br \/>Queda prohibida toda reproducci\u00f3n sin permiso escrito de la empresa a los efectos del art\u00edculo 32.1, p\u00e1rrafo segundo, de la Ley de Propiedad Intelectual<\/p>\n<p>\n                P\u00ba Independencia, 29, 50001 Zaragoza<br \/> Tel\u00e9fono 976 765 000\n            <\/p>\n<p>                    Actualmente tu navegador no permite ejecutar JavaScript. Para poder disfrutar de nuestro contenido es necesario que lo permita.<br \/>\n                                        <img decoding=\"async\" loading=\"lazy\" alt=\"Heraldo logo\" src=\"https:\/\/dkumiip2e9ary.cloudfront.net\/xalok\/heraldo\/especiales\/hola-de-nuevo\/logo-heraldo.svg\" width=\"215\" height=\"43\"\/><\/p>\n","protected":false},"excerpt":{"rendered":"Daniel Luque es el Rey de Zaragoza: dos orejas y al hospital tras una fuerte voltereta Daniel Luque&hellip;\n","protected":false},"author":2,"featured_media":170386,"comment_status":"","ping_status":"","sticky":false,"template":"","format":"standard","meta":{"footnotes":""},"categories":[91],"tags":[146,147,25,24,5514,3345,11051,23,20415,491],"class_list":{"0":"post-172749","1":"post","2":"type-post","3":"status-publish","4":"format-standard","5":"has-post-thumbnail","7":"category-entretenimiento","8":"tag-entertainment","9":"tag-entretenimiento","10":"tag-es","11":"tag-espana","12":"tag-fuerte","13":"tag-hospital","14":"tag-orejas","15":"tag-spain","16":"tag-voltereta","17":"tag-zaragoza"},"share_on_mastodon":{"url":"","error":""},"_links":{"self":[{"href":"https:\/\/www.europesays.com\/es\/wp-json\/wp\/v2\/posts\/172749","targetHints":{"allow":["GET"]}}],"collection":[{"href":"https:\/\/www.europesays.com\/es\/wp-json\/wp\/v2\/posts"}],"about":[{"href":"https:\/\/www.europesays.com\/es\/wp-json\/wp\/v2\/types\/post"}],"author":[{"embeddable":true,"href":"https:\/\/www.europesays.com\/es\/wp-json\/wp\/v2\/users\/2"}],"replies":[{"embeddable":true,"href":"https:\/\/www.europesays.com\/es\/wp-json\/wp\/v2\/comments?post=172749"}],"version-history":[{"count":0,"href":"https:\/\/www.europesays.com\/es\/wp-json\/wp\/v2\/posts\/172749\/revisions"}],"wp:featuredmedia":[{"embeddable":true,"href":"https:\/\/www.europesays.com\/es\/wp-json\/wp\/v2\/media\/170386"}],"wp:attachment":[{"href":"https:\/\/www.europesays.com\/es\/wp-json\/wp\/v2\/media?parent=172749"}],"wp:term":[{"taxonomy":"category","embeddable":true,"href":"https:\/\/www.europesays.com\/es\/wp-json\/wp\/v2\/categories?post=172749"},{"taxonomy":"post_tag","embeddable":true,"href":"https:\/\/www.europesays.com\/es\/wp-json\/wp\/v2\/tags?post=172749"}],"curies":[{"name":"wp","href":"https:\/\/api.w.org\/{rel}","templated":true}]}}