{"id":172755,"date":"2025-10-12T23:05:08","date_gmt":"2025-10-12T23:05:08","guid":{"rendered":"https:\/\/www.europesays.com\/es\/172755\/"},"modified":"2025-10-12T23:05:08","modified_gmt":"2025-10-12T23:05:08","slug":"ser-espanol-vuelve-a-ser-normal-en-barcelona","status":"publish","type":"post","link":"https:\/\/www.europesays.com\/es\/172755\/","title":{"rendered":"Ser espa\u00f1ol vuelve a ser normal en Barcelona"},"content":{"rendered":"<p class=\"voc-p\" style=\"\">Barcelona ha tenido en el paseo de Gracia una fiesta de alegr\u00eda espa\u00f1ola por primera vez normal en muchos a\u00f1os. <a href=\"https:\/\/www.abc.es\/espana\/cataluna\/miles-personas-celebran-octubre-centro-barcelona-20251012133630-nt.html\" title=\"www.abc.es\" data-voc-vtm-id=\"in-text-traffic\" data-mrf-link=\"www.abc.es\" rel=\"nofollow noopener\" target=\"_blank\">Una alegr\u00eda espa\u00f1ola y desacomplejada<\/a> sin otro af\u00e1n que el de reunirse para festejar. No hac\u00eda falta ser de izquierdas o de derechas o  &#8230; antinada. <strong>Ni ser catal\u00e1n o argentino o cubano.<\/strong> Todos bienvenidos de todas partes. Tampoco ha habido la obsesi\u00f3n por el recuento de participantes ni por comparar la cuant\u00eda con otras demostraciones. Esto habr\u00eda sido inimaginable hace dos o tres a\u00f1os. Catalu\u00f1a no s\u00f3lo ha recuperado el decoro institucional sino una normalidad m\u00e1s de fondo. Los no independentistas han dejado de sentirse se\u00f1alados por no querer separarse de Espa\u00f1a. Permanece el desprecio de la otra parte, es cierto, pero ya no es un desprecio que haga da\u00f1o sino que fortalece y ya nadie se esconden del orgullo que genera la Hispanidad por su historia y de su presente.<\/p>\n<p class=\"voc-p\" style=\"\">No ha habido grupos contrarios que molestaran. ni lemas extra\u00f1os en las pancartas, ni ganas de polemizar con otras opiniones o sensibilidades. Lo m\u00e1s extra\u00f1o de la jornada ha sido el vac\u00edo medi\u00e1tico alrededor de la marcha, porque ning\u00fan medio catal\u00e1n ha querido hacerse eco de la fiesta pese a que ha llenado el paseo de Gracia y con p\u00fablico de todas las edades. Quiz\u00e1 <strong>esta gente no est\u00e1 tan politizada como los independentistas<\/strong>, ni tienen urgencia por votar en unas elecciones auton\u00f3micas, pero de un modo muy sobrado constituyen la mayor\u00eda de la sociedad catalana. Las manifestaciones de la Diada son siempre noticia en las portadas de la prensa local: lo eran antes de que el proceso independentista las volviera multitudinarias, y lo son ahora a pesar de que van pocos y cada vez m\u00e1s zumbados. El catalanismo pol\u00edtico y medi\u00e1tico contin\u00faa en crisis con la realidad, pero eso no es ya ni noticiable.<\/p>\n<p><img loading=\"lazy\" decoding=\"async\" width=\"530\" height=\"64\" class=\"logo-premium\" src=\"data:image\/gif;base64,R0lGODlhAQABAAAAACH5BAEKAAEALAAAAAABAAEAAAICTAEAOw==\" alt=\"ABC Premium\"\/><br \/>\nL\u00edmite de sesiones alcanzadas<\/p>\n<ul class=\"listado\">\n<li>El acceso al contenido Premium est\u00e1 abierto por cortes\u00eda del establecimiento donde te encuentras, pero ahora mismo hay demasiados usuarios conectados a la vez. Por favor, int\u00e9ntalo pasados unos minutos.<\/li>\n<\/ul>\n<p>Volver a intentar<\/p>\n<p><img loading=\"lazy\" decoding=\"async\" width=\"530\" height=\"64\" class=\"logo-premium\" src=\"data:image\/gif;base64,R0lGODlhAQABAAAAACH5BAEKAAEALAAAAAABAAEAAAICTAEAOw==\" alt=\"ABC Premium\"\/><br \/>\nHas superado el l\u00edmite de sesiones<\/p>\n<ul class=\"listado\">\n<li>S\u00f3lo puedes tener tres sesiones iniciadas a la vez. Hemos cerrado la sesi\u00f3n m\u00e1s antigua para que sigas navegando sin l\u00edmites en el resto.<\/li>\n<\/ul>\n<p>Sigue navegando<\/p>\n<p>\nArt\u00edculo solo para suscriptores\n<\/p>\n<p>Reportar un error<\/p>\n","protected":false},"excerpt":{"rendered":"Barcelona ha tenido en el paseo de Gracia una fiesta de alegr\u00eda espa\u00f1ola por primera vez normal en&hellip;\n","protected":false},"author":2,"featured_media":172756,"comment_status":"","ping_status":"","sticky":false,"template":"","format":"standard","meta":{"footnotes":""},"categories":[8],"tags":[210,17,18,25,24,1489,13,14,11,19,20,9,6197,10,15,16,23,12,21,22,739],"class_list":{"0":"post-172755","1":"post","2":"type-post","3":"status-publish","4":"format-standard","5":"has-post-thumbnail","7":"category-espana","8":"tag-barcelona","9":"tag-breaking-news","10":"tag-breakingnews","11":"tag-es","12":"tag-espana","13":"tag-espanol","14":"tag-featured-news","15":"tag-featurednews","16":"tag-headlines","17":"tag-latest-news","18":"tag-latestnews","19":"tag-news","20":"tag-normal","21":"tag-noticias","22":"tag-noticias-destacadas","23":"tag-noticiasdestacadas","24":"tag-spain","25":"tag-titulares","26":"tag-ultimas-noticias","27":"tag-ultimasnoticias","28":"tag-vuelve"},"share_on_mastodon":{"url":"","error":""},"_links":{"self":[{"href":"https:\/\/www.europesays.com\/es\/wp-json\/wp\/v2\/posts\/172755","targetHints":{"allow":["GET"]}}],"collection":[{"href":"https:\/\/www.europesays.com\/es\/wp-json\/wp\/v2\/posts"}],"about":[{"href":"https:\/\/www.europesays.com\/es\/wp-json\/wp\/v2\/types\/post"}],"author":[{"embeddable":true,"href":"https:\/\/www.europesays.com\/es\/wp-json\/wp\/v2\/users\/2"}],"replies":[{"embeddable":true,"href":"https:\/\/www.europesays.com\/es\/wp-json\/wp\/v2\/comments?post=172755"}],"version-history":[{"count":0,"href":"https:\/\/www.europesays.com\/es\/wp-json\/wp\/v2\/posts\/172755\/revisions"}],"wp:featuredmedia":[{"embeddable":true,"href":"https:\/\/www.europesays.com\/es\/wp-json\/wp\/v2\/media\/172756"}],"wp:attachment":[{"href":"https:\/\/www.europesays.com\/es\/wp-json\/wp\/v2\/media?parent=172755"}],"wp:term":[{"taxonomy":"category","embeddable":true,"href":"https:\/\/www.europesays.com\/es\/wp-json\/wp\/v2\/categories?post=172755"},{"taxonomy":"post_tag","embeddable":true,"href":"https:\/\/www.europesays.com\/es\/wp-json\/wp\/v2\/tags?post=172755"}],"curies":[{"name":"wp","href":"https:\/\/api.w.org\/{rel}","templated":true}]}}